{"id":3430,"date":"2018-06-21T11:01:52","date_gmt":"2018-06-21T11:01:52","guid":{"rendered":"https:\/\/blogsaverroes.juntadeandalucia.es\/cprvalledelguadiaro\/?p=3430"},"modified":"2018-06-21T11:01:52","modified_gmt":"2018-06-21T11:01:52","slug":"fin-de-curso-nos-vemos-en-septiembre","status":"publish","type":"post","link":"https:\/\/blogsaverroes.juntadeandalucia.es\/cprvalledelguadiaro\/?p=3430","title":{"rendered":"FIN DE CURSO&#8230;\u00a1\u00a1\u00a1NOS VEMOS EN SEPTIEMBRE!!!"},"content":{"rendered":"<p>Buenos d\u00edas, queridos lectores:<\/p>\n<p>Ya s\u00ed que s\u00ed, hemos llegado a fin de curso&#8230; \u00a1\u00a1\u00a1qu\u00e9 mezcla de sentimientos!!! Alegr\u00eda, tristeza, nostalgia, emoci\u00f3n&#8230; aunque bueno, para terminar de \u00abdesquitarnos\u00bb nos queda la convivencia de ma\u00f1ana en Jimera de L\u00edbar, donde prometemos darlo todo y re\u00edrnos a m\u00e1s no poder.<\/p>\n<p>Como ya sab\u00e9is, realizaremos unas cuantas actuaciones bastante chulas, pero para que todo tenga m\u00e1s sentido y os lo pod\u00e1is imaginar mejor a\u00fan, os recomendamos que les ech\u00e9is un vistazo a los siguientes enlaces&#8230;\u00a1\u00a1\u00a1hasta ah\u00ed podemos leer!!!<\/p>\n<p><a href=\"https:\/\/www.youtube.com\/watch?v=aPE_jTvBKMo\">Ens\u00e9\u00f1ame a cantar<\/a><\/p>\n<p><a href=\"https:\/\/www.youtube.com\/watch?v=8EtPSn3qdEI\">Eres t\u00fa<\/a><\/p>\n<p><a href=\"https:\/\/www.youtube.com\/watch?v=HcIWMQUJ4qE\">Bailar pegados<\/a><\/p>\n<p><a href=\"https:\/\/www.youtube.com\/watch?v=vf18U2cRrYo\">Vivo cantando<\/a><\/p>\n<p><a href=\"https:\/\/www.youtube.com\/watch?v=J4g5QYJOFzQ\">La la la<\/a><\/p>\n<p><a href=\"https:\/\/www.youtube.com\/watch?v=CUoSgtyv1R8\">Canta y s\u00e9 feliz<\/a><\/p>\n<p><a href=\"https:\/\/www.youtube.com\/watch?v=1xX3dNwHl50\">Europe&#8217;s living a celebration<\/a><\/p>\n<p><a href=\"https:\/\/www.youtube.com\/watch?v=iwM-FH9tabs\">Dile que la quiero<\/a><\/p>\n<p><a href=\"https:\/\/www.youtube.com\/watch?v=44_UtU44Xbs\">Bandido<\/a><\/p>\n<p>Queremos despedirnos agradeci\u00e9ndoos todas vuestras visitas y comentarios, ya sab\u00e9is que esta web no tendr\u00eda sentido sin todos y cada uno de vosotros y vosotras. El curso que viene vendremos con m\u00e1s ganas, energ\u00edas renovadas y mil historias para compartir con vosotros, \u00a1os lo aseguramos!<\/p>\n<p>Despedimos tambi\u00e9n a nuestros queridos Mayte, Zainab, Iratxe y Jorge, que se van al instituto, dese\u00e1ndoles toda la suerte y felicidad del mundo, que aprovechen el tiempo al m\u00e1ximo y que no dejen nada en el tintero, ya que los cursos se pasan volando, y hay que vivirlos d\u00eda a d\u00eda, aprendiendo y aprovechando cada momento. \u00a1\u00a1\u00a1Os queremos y os echaremos de menos!!!<\/p>\n<p>Ahora s\u00ed, os deseamos un verano s\u00faper feliz, especial y lleno de aventuras, risas y mucha vida. Os mandamos un s\u00faper abrazo energ\u00e9tico y&#8230;\u00a1\u00a1\u00a1hasta el curso que viene!!! \u00a1\u00a1\u00a1Nos vemos en septiembre!!!<\/p>\n<p style=\"text-align: center\"><a href=\"https:\/\/blogsaverroes.juntadeandalucia.es\/cprvalledelguadiaro\/files\/2018\/06\/WSOG7156.jpg\"><img loading=\"lazy\" decoding=\"async\" class=\"alignnone size-medium wp-image-3432\" src=\"https:\/\/blogsaverroes.juntadeandalucia.es\/cprvalledelguadiaro\/files\/2018\/06\/WSOG7156-300x225.jpg\" alt=\"\" width=\"300\" height=\"225\" srcset=\"https:\/\/blogsaverroes.juntadeandalucia.es\/cprvalledelguadiaro\/files\/2018\/06\/WSOG7156-300x225.jpg 300w, https:\/\/blogsaverroes.juntadeandalucia.es\/cprvalledelguadiaro\/files\/2018\/06\/WSOG7156-768x576.jpg 768w, https:\/\/blogsaverroes.juntadeandalucia.es\/cprvalledelguadiaro\/files\/2018\/06\/WSOG7156-1024x768.jpg 1024w, https:\/\/blogsaverroes.juntadeandalucia.es\/cprvalledelguadiaro\/files\/2018\/06\/WSOG7156-700x525.jpg 700w, https:\/\/blogsaverroes.juntadeandalucia.es\/cprvalledelguadiaro\/files\/2018\/06\/WSOG7156-24x18.jpg 24w, https:\/\/blogsaverroes.juntadeandalucia.es\/cprvalledelguadiaro\/files\/2018\/06\/WSOG7156-36x27.jpg 36w, https:\/\/blogsaverroes.juntadeandalucia.es\/cprvalledelguadiaro\/files\/2018\/06\/WSOG7156-48x36.jpg 48w, https:\/\/blogsaverroes.juntadeandalucia.es\/cprvalledelguadiaro\/files\/2018\/06\/WSOG7156.jpg 1600w\" sizes=\"(max-width: 300px) 100vw, 300px\" \/><\/a><\/p>\n","protected":false},"excerpt":{"rendered":"<p>Buenos d\u00edas, queridos lectores: Ya s\u00ed que s\u00ed, hemos llegado a fin de curso&#8230; \u00a1\u00a1\u00a1qu\u00e9 mezcla de sentimientos!!! Alegr\u00eda, tristeza, nostalgia, emoci\u00f3n&#8230; aunque bueno, para terminar de \u00abdesquitarnos\u00bb nos queda la convivencia de ma\u00f1ana&#46;&#46;&#46;<\/p>\n","protected":false},"author":4494,"featured_media":0,"comment_status":"open","ping_status":"open","sticky":false,"template":"","format":"standard","meta":{"ngg_post_thumbnail":0,"footnotes":""},"categories":[11909],"tags":[],"aioseo_notices":[],"_links":{"self":[{"href":"https:\/\/blogsaverroes.juntadeandalucia.es\/cprvalledelguadiaro\/index.php?rest_route=\/wp\/v2\/posts\/3430"}],"collection":[{"href":"https:\/\/blogsaverroes.juntadeandalucia.es\/cprvalledelguadiaro\/index.php?rest_route=\/wp\/v2\/posts"}],"about":[{"href":"https:\/\/blogsaverroes.juntadeandalucia.es\/cprvalledelguadiaro\/index.php?rest_route=\/wp\/v2\/types\/post"}],"author":[{"embeddable":true,"href":"https:\/\/blogsaverroes.juntadeandalucia.es\/cprvalledelguadiaro\/index.php?rest_route=\/wp\/v2\/users\/4494"}],"replies":[{"embeddable":true,"href":"https:\/\/blogsaverroes.juntadeandalucia.es\/cprvalledelguadiaro\/index.php?rest_route=%2Fwp%2Fv2%2Fcomments&post=3430"}],"version-history":[{"count":2,"href":"https:\/\/blogsaverroes.juntadeandalucia.es\/cprvalledelguadiaro\/index.php?rest_route=\/wp\/v2\/posts\/3430\/revisions"}],"predecessor-version":[{"id":3433,"href":"https:\/\/blogsaverroes.juntadeandalucia.es\/cprvalledelguadiaro\/index.php?rest_route=\/wp\/v2\/posts\/3430\/revisions\/3433"}],"wp:attachment":[{"href":"https:\/\/blogsaverroes.juntadeandalucia.es\/cprvalledelguadiaro\/index.php?rest_route=%2Fwp%2Fv2%2Fmedia&parent=3430"}],"wp:term":[{"taxonomy":"category","embeddable":true,"href":"https:\/\/blogsaverroes.juntadeandalucia.es\/cprvalledelguadiaro\/index.php?rest_route=%2Fwp%2Fv2%2Fcategories&post=3430"},{"taxonomy":"post_tag","embeddable":true,"href":"https:\/\/blogsaverroes.juntadeandalucia.es\/cprvalledelguadiaro\/index.php?rest_route=%2Fwp%2Fv2%2Ftags&post=3430"}],"curies":[{"name":"wp","href":"https:\/\/api.w.org\/{rel}","templated":true}]}}