{"id":3444,"date":"2018-10-11T08:04:37","date_gmt":"2018-10-11T08:04:37","guid":{"rendered":"https:\/\/blogsaverroes.juntadeandalucia.es\/cprvalledelguadiaro\/?p=3444"},"modified":"2018-10-11T08:04:37","modified_gmt":"2018-10-11T08:04:37","slug":"entrevista-a-mayte-vallet-desvivirse-por-los-hijos-es-un-error","status":"publish","type":"post","link":"https:\/\/blogsaverroes.juntadeandalucia.es\/cprvalledelguadiaro\/?p=3444","title":{"rendered":"Entrevista a Mayte Vallet: \u00abDesvivirse por los hijos es un error\u00bb."},"content":{"rendered":"<p>Pod\u00e9is pinchar a continuaci\u00f3n en el enlace adjunto, que os llevar\u00e1 a una entrevista con Mayte Vallet, pedagoga y fundadora de la escuela Montessori, titulada \u00abDesvivirse por los hijos es un error\u00bb. En ella, nos da varias claves interesantes a la hora de educar a los hijos.<\/p>\n<p><a href=\"http:\/\/www.elmundo.es\/papel\/historias\/2018\/09\/10\/5b8f873c22601d18358b4665.html\">http:\/\/www.elmundo.es\/papel\/historias\/2018\/09\/10\/5b8f873c22601d18358b4665.html<\/a><\/p>\n<p>Esperemos que os guste y os sirva de ayuda en la tarea -probablemente la m\u00e1s dif\u00edcil que existe- de la educaci\u00f3n.<\/p>\n<p>Muchas gracias por vuestro tiempo y&#8230;\u00a1\u00a1\u00a1hasta pronto!!!<\/p>\n","protected":false},"excerpt":{"rendered":"<p>Pod\u00e9is pinchar a continuaci\u00f3n en el enlace adjunto, que os llevar\u00e1 a una entrevista con Mayte Vallet, pedagoga y fundadora de la escuela Montessori, titulada \u00abDesvivirse por los hijos es un error\u00bb. En ella,&#46;&#46;&#46;<\/p>\n","protected":false},"author":4494,"featured_media":0,"comment_status":"open","ping_status":"open","sticky":false,"template":"","format":"standard","meta":{"ngg_post_thumbnail":0,"footnotes":""},"categories":[11909],"tags":[],"aioseo_notices":[],"_links":{"self":[{"href":"https:\/\/blogsaverroes.juntadeandalucia.es\/cprvalledelguadiaro\/index.php?rest_route=\/wp\/v2\/posts\/3444"}],"collection":[{"href":"https:\/\/blogsaverroes.juntadeandalucia.es\/cprvalledelguadiaro\/index.php?rest_route=\/wp\/v2\/posts"}],"about":[{"href":"https:\/\/blogsaverroes.juntadeandalucia.es\/cprvalledelguadiaro\/index.php?rest_route=\/wp\/v2\/types\/post"}],"author":[{"embeddable":true,"href":"https:\/\/blogsaverroes.juntadeandalucia.es\/cprvalledelguadiaro\/index.php?rest_route=\/wp\/v2\/users\/4494"}],"replies":[{"embeddable":true,"href":"https:\/\/blogsaverroes.juntadeandalucia.es\/cprvalledelguadiaro\/index.php?rest_route=%2Fwp%2Fv2%2Fcomments&post=3444"}],"version-history":[{"count":1,"href":"https:\/\/blogsaverroes.juntadeandalucia.es\/cprvalledelguadiaro\/index.php?rest_route=\/wp\/v2\/posts\/3444\/revisions"}],"predecessor-version":[{"id":3445,"href":"https:\/\/blogsaverroes.juntadeandalucia.es\/cprvalledelguadiaro\/index.php?rest_route=\/wp\/v2\/posts\/3444\/revisions\/3445"}],"wp:attachment":[{"href":"https:\/\/blogsaverroes.juntadeandalucia.es\/cprvalledelguadiaro\/index.php?rest_route=%2Fwp%2Fv2%2Fmedia&parent=3444"}],"wp:term":[{"taxonomy":"category","embeddable":true,"href":"https:\/\/blogsaverroes.juntadeandalucia.es\/cprvalledelguadiaro\/index.php?rest_route=%2Fwp%2Fv2%2Fcategories&post=3444"},{"taxonomy":"post_tag","embeddable":true,"href":"https:\/\/blogsaverroes.juntadeandalucia.es\/cprvalledelguadiaro\/index.php?rest_route=%2Fwp%2Fv2%2Ftags&post=3444"}],"curies":[{"name":"wp","href":"https:\/\/api.w.org\/{rel}","templated":true}]}}