{"id":3463,"date":"2018-10-25T08:30:15","date_gmt":"2018-10-25T08:30:15","guid":{"rendered":"https:\/\/blogsaverroes.juntadeandalucia.es\/cprvalledelguadiaro\/?p=3463"},"modified":"2018-10-25T08:30:15","modified_gmt":"2018-10-25T08:30:15","slug":"despues-de-la-tormenta-siempre-llega-la-calma","status":"publish","type":"post","link":"https:\/\/blogsaverroes.juntadeandalucia.es\/cprvalledelguadiaro\/?p=3463","title":{"rendered":"DESPU\u00c9S DE LA TORMENTA SIEMPRE LLEGA LA CALMA"},"content":{"rendered":"<p>Buenos d\u00edas, queridos lectores:<\/p>\n<p>Esta semana estamos recomponi\u00e9ndonos de un susto&#8230; como sab\u00e9is, el s\u00e1bado por la noche y el domingo durante todo el d\u00eda, fueron d\u00edas de mucha lluvia por toda la serran\u00eda, por Ronda, Campillos&#8230; tanto llovi\u00f3, y durante tantas horas, que los r\u00edos de toda la comarca se desbordaron, causando bastantes da\u00f1os materiales, alg\u00fan que otro susto y la triste noticia de un bombero fallecido.<\/p>\n<p>Cuando pasan cosas as\u00ed, todos nos ponemos ap\u00e1ticos, nerviosos y sentimos mucha impotencia. Mucha gente se vuelca ayudando a quien lo necesita, otros no pueden presentarse all\u00ed, pero mandan \u00e1nimo y energ\u00eda desde la distancia, y desde luego, todos estamos a una.&nbsp;<\/p>\n<p>Pero, y aunque suena a t\u00f3pico, despu\u00e9s de la tormenta SIEMPRE llega la calma, y hoy, 4 d\u00edas despu\u00e9s, tenemos un sol radiante, menos barro en los zapatos y las casas volviendo a estar como antes. Y desde luego, aunque no es plato de gusto para nadie, tambi\u00e9n hemos aprendido mucho, cuando suceden cosas as\u00ed, relativizamos, nos damos cuenta de lo que es realmente importante, a darle a las cosas el valor que merecen, y sobre todo a querer mucho m\u00e1s nuestra vida.<\/p>\n<p>Todo el claustro del CPR. Valle del Guadiaro, as\u00ed como nuestra monitora y nuestro adminisitrativo, queremos mandaros todo nuestro cari\u00f1o, un abrazo de esos reconfortantes y deciros que aqu\u00ed nos ten\u00e9is para lo que haga falta. Ya sea para ayudaros f\u00edsicamente, para hablar largo y tendido con vuestros hijos-sobrinos-nietos y darles un poco de calma durante las horas de clase, o simplemente para que os desahogu\u00e9is con nosotros. De eso se trata ser una \u00abcomunidad educativa\u00bb, para apoyarnos y estar ah\u00ed en los momentos buenos, regulares y malos.<\/p>\n<p>As\u00ed que ahora, borr\u00f3n y cuenta nueva. Como dec\u00eda Louis Van Gaal (bueno, \u00e9l lo dec\u00eda al rev\u00e9s, pero nosotros lo hemos adaptado): \u00ab\u00a1\u00a1\u00a1SIEMPRE POSITIVO, NUNCA NEGATIVO!!!\u00bb.<\/p>\n<p>Much\u00edsimas gracias por vuestro tiempo, un abrazo muy gordote y&#8230; \u00a1\u00a1\u00a1hasta pronto!!!<\/p>\n<p style=\"text-align: center\"><a href=\"https:\/\/blogsaverroes.juntadeandalucia.es\/cprvalledelguadiaro\/files\/2018\/10\/calma.jpg\"><img loading=\"lazy\" decoding=\"async\" class=\"alignnone size-medium wp-image-3464\" src=\"https:\/\/blogsaverroes.juntadeandalucia.es\/cprvalledelguadiaro\/files\/2018\/10\/calma-300x158.jpg\" alt=\"\" width=\"300\" height=\"158\" srcset=\"https:\/\/blogsaverroes.juntadeandalucia.es\/cprvalledelguadiaro\/files\/2018\/10\/calma-300x158.jpg 300w, https:\/\/blogsaverroes.juntadeandalucia.es\/cprvalledelguadiaro\/files\/2018\/10\/calma-768x403.jpg 768w, https:\/\/blogsaverroes.juntadeandalucia.es\/cprvalledelguadiaro\/files\/2018\/10\/calma-1024x538.jpg 1024w, https:\/\/blogsaverroes.juntadeandalucia.es\/cprvalledelguadiaro\/files\/2018\/10\/calma-700x368.jpg 700w, https:\/\/blogsaverroes.juntadeandalucia.es\/cprvalledelguadiaro\/files\/2018\/10\/calma-24x13.jpg 24w, https:\/\/blogsaverroes.juntadeandalucia.es\/cprvalledelguadiaro\/files\/2018\/10\/calma-36x19.jpg 36w, https:\/\/blogsaverroes.juntadeandalucia.es\/cprvalledelguadiaro\/files\/2018\/10\/calma-48x25.jpg 48w, https:\/\/blogsaverroes.juntadeandalucia.es\/cprvalledelguadiaro\/files\/2018\/10\/calma.jpg 1200w\" sizes=\"(max-width: 300px) 100vw, 300px\" \/><\/a><\/p>\n","protected":false},"excerpt":{"rendered":"<p>Buenos d\u00edas, queridos lectores: Esta semana estamos recomponi\u00e9ndonos de un susto&#8230; como sab\u00e9is, el s\u00e1bado por la noche y el domingo durante todo el d\u00eda, fueron d\u00edas de mucha lluvia por toda la serran\u00eda,&#46;&#46;&#46;<\/p>\n","protected":false},"author":4494,"featured_media":0,"comment_status":"open","ping_status":"open","sticky":false,"template":"","format":"standard","meta":{"ngg_post_thumbnail":0,"footnotes":""},"categories":[11909],"tags":[],"aioseo_notices":[],"_links":{"self":[{"href":"https:\/\/blogsaverroes.juntadeandalucia.es\/cprvalledelguadiaro\/index.php?rest_route=\/wp\/v2\/posts\/3463"}],"collection":[{"href":"https:\/\/blogsaverroes.juntadeandalucia.es\/cprvalledelguadiaro\/index.php?rest_route=\/wp\/v2\/posts"}],"about":[{"href":"https:\/\/blogsaverroes.juntadeandalucia.es\/cprvalledelguadiaro\/index.php?rest_route=\/wp\/v2\/types\/post"}],"author":[{"embeddable":true,"href":"https:\/\/blogsaverroes.juntadeandalucia.es\/cprvalledelguadiaro\/index.php?rest_route=\/wp\/v2\/users\/4494"}],"replies":[{"embeddable":true,"href":"https:\/\/blogsaverroes.juntadeandalucia.es\/cprvalledelguadiaro\/index.php?rest_route=%2Fwp%2Fv2%2Fcomments&post=3463"}],"version-history":[{"count":1,"href":"https:\/\/blogsaverroes.juntadeandalucia.es\/cprvalledelguadiaro\/index.php?rest_route=\/wp\/v2\/posts\/3463\/revisions"}],"predecessor-version":[{"id":3465,"href":"https:\/\/blogsaverroes.juntadeandalucia.es\/cprvalledelguadiaro\/index.php?rest_route=\/wp\/v2\/posts\/3463\/revisions\/3465"}],"wp:attachment":[{"href":"https:\/\/blogsaverroes.juntadeandalucia.es\/cprvalledelguadiaro\/index.php?rest_route=%2Fwp%2Fv2%2Fmedia&parent=3463"}],"wp:term":[{"taxonomy":"category","embeddable":true,"href":"https:\/\/blogsaverroes.juntadeandalucia.es\/cprvalledelguadiaro\/index.php?rest_route=%2Fwp%2Fv2%2Fcategories&post=3463"},{"taxonomy":"post_tag","embeddable":true,"href":"https:\/\/blogsaverroes.juntadeandalucia.es\/cprvalledelguadiaro\/index.php?rest_route=%2Fwp%2Fv2%2Ftags&post=3463"}],"curies":[{"name":"wp","href":"https:\/\/api.w.org\/{rel}","templated":true}]}}