{"id":3466,"date":"2018-11-08T09:46:58","date_gmt":"2018-11-08T09:46:58","guid":{"rendered":"https:\/\/blogsaverroes.juntadeandalucia.es\/cprvalledelguadiaro\/?p=3466"},"modified":"2018-11-15T09:24:52","modified_gmt":"2018-11-15T09:24:52","slug":"halloween-y-premios-terrorificos","status":"publish","type":"post","link":"https:\/\/blogsaverroes.juntadeandalucia.es\/cprvalledelguadiaro\/?p=3466","title":{"rendered":"HALLOWEEN Y PREMIOS TERROR\u00cdFICOS"},"content":{"rendered":"<p>Buenos d\u00edas, queridos lectores:<\/p>\n<p>\u00bfQu\u00e9 tal est\u00e1is? \u00bfC\u00f3mo ha ido el puente de Todos los Santos? Esperamos que todo haya ido genial y hay\u00e1is disfrutado much\u00edsimo, aunque como se dice, lo bueno se pasa muy r\u00e1pido, \u00bfverdad?<\/p>\n<p>Nosotros tuvimos una semana s\u00faper movidita, ya que estuvimos preparando unas calabazas, unos murci\u00e9lagos y unos fantasmas para un concurso a nivel del cole, tambi\u00e9n ensayamos una coreograf\u00eda escalofriante: \u00abThriller\u00bb, de Michael Jackson, y celebramos la fiesta del oto\u00f1o junto con Halloween el d\u00eda 31, as\u00ed que podr\u00e9is imaginar que no paramos ni un solo segundo.<\/p>\n<p>Algunas im\u00e1genes de Ca\u00f1ada del Real Tesoro, son las siguientes (en orden: calabazas hechas por los alumnos y alumnas, y disfraces escalofriantes):<\/p>\n<p><a href=\"https:\/\/blogsaverroes.juntadeandalucia.es\/cprvalledelguadiaro\/files\/2018\/11\/PHOTO-2018-10-31-13-20-57.jpg\"><img loading=\"lazy\" decoding=\"async\" class=\"alignnone size-medium wp-image-3467\" src=\"https:\/\/blogsaverroes.juntadeandalucia.es\/cprvalledelguadiaro\/files\/2018\/11\/PHOTO-2018-10-31-13-20-57-300x225.jpg\" alt=\"\" width=\"300\" height=\"225\" srcset=\"https:\/\/blogsaverroes.juntadeandalucia.es\/cprvalledelguadiaro\/files\/2018\/11\/PHOTO-2018-10-31-13-20-57-300x225.jpg 300w, https:\/\/blogsaverroes.juntadeandalucia.es\/cprvalledelguadiaro\/files\/2018\/11\/PHOTO-2018-10-31-13-20-57-768x576.jpg 768w, https:\/\/blogsaverroes.juntadeandalucia.es\/cprvalledelguadiaro\/files\/2018\/11\/PHOTO-2018-10-31-13-20-57-1024x768.jpg 1024w, https:\/\/blogsaverroes.juntadeandalucia.es\/cprvalledelguadiaro\/files\/2018\/11\/PHOTO-2018-10-31-13-20-57-700x525.jpg 700w, https:\/\/blogsaverroes.juntadeandalucia.es\/cprvalledelguadiaro\/files\/2018\/11\/PHOTO-2018-10-31-13-20-57-24x18.jpg 24w, https:\/\/blogsaverroes.juntadeandalucia.es\/cprvalledelguadiaro\/files\/2018\/11\/PHOTO-2018-10-31-13-20-57-36x27.jpg 36w, https:\/\/blogsaverroes.juntadeandalucia.es\/cprvalledelguadiaro\/files\/2018\/11\/PHOTO-2018-10-31-13-20-57-48x36.jpg 48w, https:\/\/blogsaverroes.juntadeandalucia.es\/cprvalledelguadiaro\/files\/2018\/11\/PHOTO-2018-10-31-13-20-57.jpg 1600w\" sizes=\"(max-width: 300px) 100vw, 300px\" \/><\/a> <a href=\"https:\/\/blogsaverroes.juntadeandalucia.es\/cprvalledelguadiaro\/files\/2018\/11\/PHOTO-2018-10-31-13-20-58.jpg\"><img loading=\"lazy\" decoding=\"async\" class=\"alignnone size-medium wp-image-3468\" src=\"https:\/\/blogsaverroes.juntadeandalucia.es\/cprvalledelguadiaro\/files\/2018\/11\/PHOTO-2018-10-31-13-20-58-300x225.jpg\" alt=\"\" width=\"300\" height=\"225\" srcset=\"https:\/\/blogsaverroes.juntadeandalucia.es\/cprvalledelguadiaro\/files\/2018\/11\/PHOTO-2018-10-31-13-20-58-300x225.jpg 300w, https:\/\/blogsaverroes.juntadeandalucia.es\/cprvalledelguadiaro\/files\/2018\/11\/PHOTO-2018-10-31-13-20-58-768x576.jpg 768w, https:\/\/blogsaverroes.juntadeandalucia.es\/cprvalledelguadiaro\/files\/2018\/11\/PHOTO-2018-10-31-13-20-58-1024x768.jpg 1024w, https:\/\/blogsaverroes.juntadeandalucia.es\/cprvalledelguadiaro\/files\/2018\/11\/PHOTO-2018-10-31-13-20-58-700x525.jpg 700w, https:\/\/blogsaverroes.juntadeandalucia.es\/cprvalledelguadiaro\/files\/2018\/11\/PHOTO-2018-10-31-13-20-58-24x18.jpg 24w, https:\/\/blogsaverroes.juntadeandalucia.es\/cprvalledelguadiaro\/files\/2018\/11\/PHOTO-2018-10-31-13-20-58-36x27.jpg 36w, https:\/\/blogsaverroes.juntadeandalucia.es\/cprvalledelguadiaro\/files\/2018\/11\/PHOTO-2018-10-31-13-20-58-48x36.jpg 48w, https:\/\/blogsaverroes.juntadeandalucia.es\/cprvalledelguadiaro\/files\/2018\/11\/PHOTO-2018-10-31-13-20-58.jpg 1600w\" sizes=\"(max-width: 300px) 100vw, 300px\" \/><\/a> <a href=\"https:\/\/blogsaverroes.juntadeandalucia.es\/cprvalledelguadiaro\/files\/2018\/11\/PHOTO-2018-10-31-13-20-59.jpg\"><img loading=\"lazy\" decoding=\"async\" class=\"alignnone size-medium wp-image-3469\" src=\"https:\/\/blogsaverroes.juntadeandalucia.es\/cprvalledelguadiaro\/files\/2018\/11\/PHOTO-2018-10-31-13-20-59-300x225.jpg\" alt=\"\" width=\"300\" height=\"225\" srcset=\"https:\/\/blogsaverroes.juntadeandalucia.es\/cprvalledelguadiaro\/files\/2018\/11\/PHOTO-2018-10-31-13-20-59-300x225.jpg 300w, https:\/\/blogsaverroes.juntadeandalucia.es\/cprvalledelguadiaro\/files\/2018\/11\/PHOTO-2018-10-31-13-20-59-768x576.jpg 768w, https:\/\/blogsaverroes.juntadeandalucia.es\/cprvalledelguadiaro\/files\/2018\/11\/PHOTO-2018-10-31-13-20-59-1024x768.jpg 1024w, https:\/\/blogsaverroes.juntadeandalucia.es\/cprvalledelguadiaro\/files\/2018\/11\/PHOTO-2018-10-31-13-20-59-700x525.jpg 700w, https:\/\/blogsaverroes.juntadeandalucia.es\/cprvalledelguadiaro\/files\/2018\/11\/PHOTO-2018-10-31-13-20-59-24x18.jpg 24w, https:\/\/blogsaverroes.juntadeandalucia.es\/cprvalledelguadiaro\/files\/2018\/11\/PHOTO-2018-10-31-13-20-59-36x27.jpg 36w, https:\/\/blogsaverroes.juntadeandalucia.es\/cprvalledelguadiaro\/files\/2018\/11\/PHOTO-2018-10-31-13-20-59-48x36.jpg 48w, https:\/\/blogsaverroes.juntadeandalucia.es\/cprvalledelguadiaro\/files\/2018\/11\/PHOTO-2018-10-31-13-20-59.jpg 1600w\" sizes=\"(max-width: 300px) 100vw, 300px\" \/><\/a> <a href=\"https:\/\/blogsaverroes.juntadeandalucia.es\/cprvalledelguadiaro\/files\/2018\/11\/PHOTO-2018-10-31-13-21-00.jpg\"><img loading=\"lazy\" decoding=\"async\" class=\"alignnone size-medium wp-image-3470\" src=\"https:\/\/blogsaverroes.juntadeandalucia.es\/cprvalledelguadiaro\/files\/2018\/11\/PHOTO-2018-10-31-13-21-00-300x225.jpg\" alt=\"\" width=\"300\" height=\"225\" srcset=\"https:\/\/blogsaverroes.juntadeandalucia.es\/cprvalledelguadiaro\/files\/2018\/11\/PHOTO-2018-10-31-13-21-00-300x225.jpg 300w, https:\/\/blogsaverroes.juntadeandalucia.es\/cprvalledelguadiaro\/files\/2018\/11\/PHOTO-2018-10-31-13-21-00-768x576.jpg 768w, https:\/\/blogsaverroes.juntadeandalucia.es\/cprvalledelguadiaro\/files\/2018\/11\/PHOTO-2018-10-31-13-21-00-1024x768.jpg 1024w, https:\/\/blogsaverroes.juntadeandalucia.es\/cprvalledelguadiaro\/files\/2018\/11\/PHOTO-2018-10-31-13-21-00-700x525.jpg 700w, https:\/\/blogsaverroes.juntadeandalucia.es\/cprvalledelguadiaro\/files\/2018\/11\/PHOTO-2018-10-31-13-21-00-24x18.jpg 24w, https:\/\/blogsaverroes.juntadeandalucia.es\/cprvalledelguadiaro\/files\/2018\/11\/PHOTO-2018-10-31-13-21-00-36x27.jpg 36w, https:\/\/blogsaverroes.juntadeandalucia.es\/cprvalledelguadiaro\/files\/2018\/11\/PHOTO-2018-10-31-13-21-00-48x36.jpg 48w, https:\/\/blogsaverroes.juntadeandalucia.es\/cprvalledelguadiaro\/files\/2018\/11\/PHOTO-2018-10-31-13-21-00.jpg 1600w\" sizes=\"(max-width: 300px) 100vw, 300px\" \/><\/a> <a href=\"https:\/\/blogsaverroes.juntadeandalucia.es\/cprvalledelguadiaro\/files\/2018\/11\/PHOTO-2018-10-31-13-21-01.jpg\"><img loading=\"lazy\" decoding=\"async\" class=\"alignnone size-medium wp-image-3471\" src=\"https:\/\/blogsaverroes.juntadeandalucia.es\/cprvalledelguadiaro\/files\/2018\/11\/PHOTO-2018-10-31-13-21-01-300x225.jpg\" alt=\"\" width=\"300\" height=\"225\" srcset=\"https:\/\/blogsaverroes.juntadeandalucia.es\/cprvalledelguadiaro\/files\/2018\/11\/PHOTO-2018-10-31-13-21-01-300x225.jpg 300w, https:\/\/blogsaverroes.juntadeandalucia.es\/cprvalledelguadiaro\/files\/2018\/11\/PHOTO-2018-10-31-13-21-01-768x576.jpg 768w, https:\/\/blogsaverroes.juntadeandalucia.es\/cprvalledelguadiaro\/files\/2018\/11\/PHOTO-2018-10-31-13-21-01-1024x768.jpg 1024w, https:\/\/blogsaverroes.juntadeandalucia.es\/cprvalledelguadiaro\/files\/2018\/11\/PHOTO-2018-10-31-13-21-01-700x525.jpg 700w, https:\/\/blogsaverroes.juntadeandalucia.es\/cprvalledelguadiaro\/files\/2018\/11\/PHOTO-2018-10-31-13-21-01-24x18.jpg 24w, https:\/\/blogsaverroes.juntadeandalucia.es\/cprvalledelguadiaro\/files\/2018\/11\/PHOTO-2018-10-31-13-21-01-36x27.jpg 36w, https:\/\/blogsaverroes.juntadeandalucia.es\/cprvalledelguadiaro\/files\/2018\/11\/PHOTO-2018-10-31-13-21-01-48x36.jpg 48w, https:\/\/blogsaverroes.juntadeandalucia.es\/cprvalledelguadiaro\/files\/2018\/11\/PHOTO-2018-10-31-13-21-01.jpg 1600w\" sizes=\"(max-width: 300px) 100vw, 300px\" \/><\/a> <a href=\"https:\/\/blogsaverroes.juntadeandalucia.es\/cprvalledelguadiaro\/files\/2018\/11\/PHOTO-2018-10-31-13-21-02.jpg\"><img loading=\"lazy\" decoding=\"async\" class=\"alignnone size-medium wp-image-3472\" src=\"https:\/\/blogsaverroes.juntadeandalucia.es\/cprvalledelguadiaro\/files\/2018\/11\/PHOTO-2018-10-31-13-21-02-300x225.jpg\" alt=\"\" width=\"300\" height=\"225\" srcset=\"https:\/\/blogsaverroes.juntadeandalucia.es\/cprvalledelguadiaro\/files\/2018\/11\/PHOTO-2018-10-31-13-21-02-300x225.jpg 300w, https:\/\/blogsaverroes.juntadeandalucia.es\/cprvalledelguadiaro\/files\/2018\/11\/PHOTO-2018-10-31-13-21-02-768x576.jpg 768w, https:\/\/blogsaverroes.juntadeandalucia.es\/cprvalledelguadiaro\/files\/2018\/11\/PHOTO-2018-10-31-13-21-02-1024x768.jpg 1024w, https:\/\/blogsaverroes.juntadeandalucia.es\/cprvalledelguadiaro\/files\/2018\/11\/PHOTO-2018-10-31-13-21-02-700x525.jpg 700w, https:\/\/blogsaverroes.juntadeandalucia.es\/cprvalledelguadiaro\/files\/2018\/11\/PHOTO-2018-10-31-13-21-02-24x18.jpg 24w, https:\/\/blogsaverroes.juntadeandalucia.es\/cprvalledelguadiaro\/files\/2018\/11\/PHOTO-2018-10-31-13-21-02-36x27.jpg 36w, https:\/\/blogsaverroes.juntadeandalucia.es\/cprvalledelguadiaro\/files\/2018\/11\/PHOTO-2018-10-31-13-21-02-48x36.jpg 48w, https:\/\/blogsaverroes.juntadeandalucia.es\/cprvalledelguadiaro\/files\/2018\/11\/PHOTO-2018-10-31-13-21-02.jpg 1600w\" sizes=\"(max-width: 300px) 100vw, 300px\" \/><\/a> <a href=\"https:\/\/blogsaverroes.juntadeandalucia.es\/cprvalledelguadiaro\/files\/2018\/11\/PHOTO-2018-10-31-18-57-07.jpg\"><img loading=\"lazy\" decoding=\"async\" class=\"alignnone size-medium wp-image-3474\" src=\"https:\/\/blogsaverroes.juntadeandalucia.es\/cprvalledelguadiaro\/files\/2018\/11\/PHOTO-2018-10-31-18-57-07-300x169.jpg\" alt=\"\" width=\"300\" height=\"169\" srcset=\"https:\/\/blogsaverroes.juntadeandalucia.es\/cprvalledelguadiaro\/files\/2018\/11\/PHOTO-2018-10-31-18-57-07-300x169.jpg 300w, https:\/\/blogsaverroes.juntadeandalucia.es\/cprvalledelguadiaro\/files\/2018\/11\/PHOTO-2018-10-31-18-57-07-768x432.jpg 768w, https:\/\/blogsaverroes.juntadeandalucia.es\/cprvalledelguadiaro\/files\/2018\/11\/PHOTO-2018-10-31-18-57-07-1024x576.jpg 1024w, https:\/\/blogsaverroes.juntadeandalucia.es\/cprvalledelguadiaro\/files\/2018\/11\/PHOTO-2018-10-31-18-57-07-700x393.jpg 700w, https:\/\/blogsaverroes.juntadeandalucia.es\/cprvalledelguadiaro\/files\/2018\/11\/PHOTO-2018-10-31-18-57-07-24x14.jpg 24w, https:\/\/blogsaverroes.juntadeandalucia.es\/cprvalledelguadiaro\/files\/2018\/11\/PHOTO-2018-10-31-18-57-07-36x20.jpg 36w, https:\/\/blogsaverroes.juntadeandalucia.es\/cprvalledelguadiaro\/files\/2018\/11\/PHOTO-2018-10-31-18-57-07-48x27.jpg 48w, https:\/\/blogsaverroes.juntadeandalucia.es\/cprvalledelguadiaro\/files\/2018\/11\/PHOTO-2018-10-31-18-57-07.jpg 1600w\" sizes=\"(max-width: 300px) 100vw, 300px\" \/><\/a><a href=\"https:\/\/blogsaverroes.juntadeandalucia.es\/cprvalledelguadiaro\/files\/2018\/11\/IMG_90761.jpg\"><img loading=\"lazy\" decoding=\"async\" class=\"alignnone size-medium wp-image-3502\" src=\"https:\/\/blogsaverroes.juntadeandalucia.es\/cprvalledelguadiaro\/files\/2018\/11\/IMG_90761-225x300.jpg\" alt=\"\" width=\"225\" height=\"300\" srcset=\"https:\/\/blogsaverroes.juntadeandalucia.es\/cprvalledelguadiaro\/files\/2018\/11\/IMG_90761-225x300.jpg 225w, https:\/\/blogsaverroes.juntadeandalucia.es\/cprvalledelguadiaro\/files\/2018\/11\/IMG_90761-768x1024.jpg 768w, https:\/\/blogsaverroes.juntadeandalucia.es\/cprvalledelguadiaro\/files\/2018\/11\/IMG_90761-700x934.jpg 700w, https:\/\/blogsaverroes.juntadeandalucia.es\/cprvalledelguadiaro\/files\/2018\/11\/IMG_90761-18x24.jpg 18w, https:\/\/blogsaverroes.juntadeandalucia.es\/cprvalledelguadiaro\/files\/2018\/11\/IMG_90761-27x36.jpg 27w, https:\/\/blogsaverroes.juntadeandalucia.es\/cprvalledelguadiaro\/files\/2018\/11\/IMG_90761-36x48.jpg 36w, https:\/\/blogsaverroes.juntadeandalucia.es\/cprvalledelguadiaro\/files\/2018\/11\/IMG_90761.jpg 1198w\" sizes=\"(max-width: 225px) 100vw, 225px\" \/><\/a><a href=\"https:\/\/blogsaverroes.juntadeandalucia.es\/cprvalledelguadiaro\/files\/2018\/11\/PHOTO-2018-10-31-18-57-07.jpg\"><\/a><\/p>\n<p><a href=\"https:\/\/blogsaverroes.juntadeandalucia.es\/cprvalledelguadiaro\/files\/2018\/11\/IMG-9014.jpg\"><img loading=\"lazy\" decoding=\"async\" class=\"alignnone size-medium wp-image-3475\" src=\"https:\/\/blogsaverroes.juntadeandalucia.es\/cprvalledelguadiaro\/files\/2018\/11\/IMG-9014-300x225.jpg\" alt=\"\" width=\"300\" height=\"225\" srcset=\"https:\/\/blogsaverroes.juntadeandalucia.es\/cprvalledelguadiaro\/files\/2018\/11\/IMG-9014-300x225.jpg 300w, https:\/\/blogsaverroes.juntadeandalucia.es\/cprvalledelguadiaro\/files\/2018\/11\/IMG-9014-768x576.jpg 768w, https:\/\/blogsaverroes.juntadeandalucia.es\/cprvalledelguadiaro\/files\/2018\/11\/IMG-9014-1024x768.jpg 1024w, https:\/\/blogsaverroes.juntadeandalucia.es\/cprvalledelguadiaro\/files\/2018\/11\/IMG-9014-700x525.jpg 700w, https:\/\/blogsaverroes.juntadeandalucia.es\/cprvalledelguadiaro\/files\/2018\/11\/IMG-9014-24x18.jpg 24w, https:\/\/blogsaverroes.juntadeandalucia.es\/cprvalledelguadiaro\/files\/2018\/11\/IMG-9014-36x27.jpg 36w, https:\/\/blogsaverroes.juntadeandalucia.es\/cprvalledelguadiaro\/files\/2018\/11\/IMG-9014-48x36.jpg 48w, https:\/\/blogsaverroes.juntadeandalucia.es\/cprvalledelguadiaro\/files\/2018\/11\/IMG-9014.jpg 1600w\" sizes=\"(max-width: 300px) 100vw, 300px\" \/><\/a><\/p>\n<p>En Jimera de L\u00edbar no nos quedamos atr\u00e1s, e hicimos un desayuno del oto\u00f1o exquisito, y nos disfrazamos de la siguiente manera:<\/p>\n<p><a href=\"https:\/\/blogsaverroes.juntadeandalucia.es\/cprvalledelguadiaro\/files\/2018\/11\/PHOTO-2018-10-31-13-26-22.jpg\"><img loading=\"lazy\" decoding=\"async\" class=\"alignnone size-medium wp-image-3479\" src=\"https:\/\/blogsaverroes.juntadeandalucia.es\/cprvalledelguadiaro\/files\/2018\/11\/PHOTO-2018-10-31-13-26-22-300x169.jpg\" alt=\"\" width=\"300\" height=\"169\" srcset=\"https:\/\/blogsaverroes.juntadeandalucia.es\/cprvalledelguadiaro\/files\/2018\/11\/PHOTO-2018-10-31-13-26-22-300x169.jpg 300w, https:\/\/blogsaverroes.juntadeandalucia.es\/cprvalledelguadiaro\/files\/2018\/11\/PHOTO-2018-10-31-13-26-22-768x432.jpg 768w, https:\/\/blogsaverroes.juntadeandalucia.es\/cprvalledelguadiaro\/files\/2018\/11\/PHOTO-2018-10-31-13-26-22-1024x576.jpg 1024w, https:\/\/blogsaverroes.juntadeandalucia.es\/cprvalledelguadiaro\/files\/2018\/11\/PHOTO-2018-10-31-13-26-22-700x393.jpg 700w, https:\/\/blogsaverroes.juntadeandalucia.es\/cprvalledelguadiaro\/files\/2018\/11\/PHOTO-2018-10-31-13-26-22-24x14.jpg 24w, https:\/\/blogsaverroes.juntadeandalucia.es\/cprvalledelguadiaro\/files\/2018\/11\/PHOTO-2018-10-31-13-26-22-36x20.jpg 36w, https:\/\/blogsaverroes.juntadeandalucia.es\/cprvalledelguadiaro\/files\/2018\/11\/PHOTO-2018-10-31-13-26-22-48x27.jpg 48w, https:\/\/blogsaverroes.juntadeandalucia.es\/cprvalledelguadiaro\/files\/2018\/11\/PHOTO-2018-10-31-13-26-22.jpg 1600w\" sizes=\"(max-width: 300px) 100vw, 300px\" \/><\/a><a href=\"https:\/\/blogsaverroes.juntadeandalucia.es\/cprvalledelguadiaro\/files\/2018\/11\/PHOTO-2018-10-31-13-26-19.jpg\"><img loading=\"lazy\" decoding=\"async\" class=\"alignnone size-medium wp-image-3477\" src=\"https:\/\/blogsaverroes.juntadeandalucia.es\/cprvalledelguadiaro\/files\/2018\/11\/PHOTO-2018-10-31-13-26-19-300x169.jpg\" alt=\"\" width=\"300\" height=\"169\" srcset=\"https:\/\/blogsaverroes.juntadeandalucia.es\/cprvalledelguadiaro\/files\/2018\/11\/PHOTO-2018-10-31-13-26-19-300x169.jpg 300w, https:\/\/blogsaverroes.juntadeandalucia.es\/cprvalledelguadiaro\/files\/2018\/11\/PHOTO-2018-10-31-13-26-19-768x432.jpg 768w, https:\/\/blogsaverroes.juntadeandalucia.es\/cprvalledelguadiaro\/files\/2018\/11\/PHOTO-2018-10-31-13-26-19-1024x576.jpg 1024w, https:\/\/blogsaverroes.juntadeandalucia.es\/cprvalledelguadiaro\/files\/2018\/11\/PHOTO-2018-10-31-13-26-19-700x393.jpg 700w, https:\/\/blogsaverroes.juntadeandalucia.es\/cprvalledelguadiaro\/files\/2018\/11\/PHOTO-2018-10-31-13-26-19-24x14.jpg 24w, https:\/\/blogsaverroes.juntadeandalucia.es\/cprvalledelguadiaro\/files\/2018\/11\/PHOTO-2018-10-31-13-26-19-36x20.jpg 36w, https:\/\/blogsaverroes.juntadeandalucia.es\/cprvalledelguadiaro\/files\/2018\/11\/PHOTO-2018-10-31-13-26-19-48x27.jpg 48w, https:\/\/blogsaverroes.juntadeandalucia.es\/cprvalledelguadiaro\/files\/2018\/11\/PHOTO-2018-10-31-13-26-19.jpg 1600w\" sizes=\"(max-width: 300px) 100vw, 300px\" \/><\/a><a href=\"https:\/\/blogsaverroes.juntadeandalucia.es\/cprvalledelguadiaro\/files\/2018\/11\/PHOTO-2018-10-31-13-26-26.jpg\"><img loading=\"lazy\" decoding=\"async\" class=\"alignnone size-medium wp-image-3480\" src=\"https:\/\/blogsaverroes.juntadeandalucia.es\/cprvalledelguadiaro\/files\/2018\/11\/PHOTO-2018-10-31-13-26-26-300x169.jpg\" alt=\"\" width=\"300\" height=\"169\" srcset=\"https:\/\/blogsaverroes.juntadeandalucia.es\/cprvalledelguadiaro\/files\/2018\/11\/PHOTO-2018-10-31-13-26-26-300x169.jpg 300w, https:\/\/blogsaverroes.juntadeandalucia.es\/cprvalledelguadiaro\/files\/2018\/11\/PHOTO-2018-10-31-13-26-26-768x432.jpg 768w, https:\/\/blogsaverroes.juntadeandalucia.es\/cprvalledelguadiaro\/files\/2018\/11\/PHOTO-2018-10-31-13-26-26-1024x576.jpg 1024w, https:\/\/blogsaverroes.juntadeandalucia.es\/cprvalledelguadiaro\/files\/2018\/11\/PHOTO-2018-10-31-13-26-26-700x393.jpg 700w, https:\/\/blogsaverroes.juntadeandalucia.es\/cprvalledelguadiaro\/files\/2018\/11\/PHOTO-2018-10-31-13-26-26-24x14.jpg 24w, https:\/\/blogsaverroes.juntadeandalucia.es\/cprvalledelguadiaro\/files\/2018\/11\/PHOTO-2018-10-31-13-26-26-36x20.jpg 36w, https:\/\/blogsaverroes.juntadeandalucia.es\/cprvalledelguadiaro\/files\/2018\/11\/PHOTO-2018-10-31-13-26-26-48x27.jpg 48w, https:\/\/blogsaverroes.juntadeandalucia.es\/cprvalledelguadiaro\/files\/2018\/11\/PHOTO-2018-10-31-13-26-26.jpg 1600w\" sizes=\"(max-width: 300px) 100vw, 300px\" \/><\/a><a href=\"https:\/\/blogsaverroes.juntadeandalucia.es\/cprvalledelguadiaro\/files\/2018\/11\/PHOTO-2018-10-31-13-25-41.jpg\"><img loading=\"lazy\" decoding=\"async\" class=\"alignnone size-medium wp-image-3476\" src=\"https:\/\/blogsaverroes.juntadeandalucia.es\/cprvalledelguadiaro\/files\/2018\/11\/PHOTO-2018-10-31-13-25-41-300x169.jpg\" alt=\"\" width=\"300\" height=\"169\" srcset=\"https:\/\/blogsaverroes.juntadeandalucia.es\/cprvalledelguadiaro\/files\/2018\/11\/PHOTO-2018-10-31-13-25-41-300x169.jpg 300w, https:\/\/blogsaverroes.juntadeandalucia.es\/cprvalledelguadiaro\/files\/2018\/11\/PHOTO-2018-10-31-13-25-41-768x432.jpg 768w, https:\/\/blogsaverroes.juntadeandalucia.es\/cprvalledelguadiaro\/files\/2018\/11\/PHOTO-2018-10-31-13-25-41-1024x576.jpg 1024w, https:\/\/blogsaverroes.juntadeandalucia.es\/cprvalledelguadiaro\/files\/2018\/11\/PHOTO-2018-10-31-13-25-41-700x393.jpg 700w, https:\/\/blogsaverroes.juntadeandalucia.es\/cprvalledelguadiaro\/files\/2018\/11\/PHOTO-2018-10-31-13-25-41-24x14.jpg 24w, https:\/\/blogsaverroes.juntadeandalucia.es\/cprvalledelguadiaro\/files\/2018\/11\/PHOTO-2018-10-31-13-25-41-36x20.jpg 36w, https:\/\/blogsaverroes.juntadeandalucia.es\/cprvalledelguadiaro\/files\/2018\/11\/PHOTO-2018-10-31-13-25-41-48x27.jpg 48w, https:\/\/blogsaverroes.juntadeandalucia.es\/cprvalledelguadiaro\/files\/2018\/11\/PHOTO-2018-10-31-13-25-41.jpg 1600w\" sizes=\"(max-width: 300px) 100vw, 300px\" \/><\/a> <a href=\"https:\/\/blogsaverroes.juntadeandalucia.es\/cprvalledelguadiaro\/files\/2018\/11\/PHOTO-2018-10-31-13-26-21.jpg\"><img loading=\"lazy\" decoding=\"async\" class=\"alignnone size-medium wp-image-3478\" src=\"https:\/\/blogsaverroes.juntadeandalucia.es\/cprvalledelguadiaro\/files\/2018\/11\/PHOTO-2018-10-31-13-26-21-169x300.jpg\" alt=\"\" width=\"169\" height=\"300\" srcset=\"https:\/\/blogsaverroes.juntadeandalucia.es\/cprvalledelguadiaro\/files\/2018\/11\/PHOTO-2018-10-31-13-26-21-169x300.jpg 169w, https:\/\/blogsaverroes.juntadeandalucia.es\/cprvalledelguadiaro\/files\/2018\/11\/PHOTO-2018-10-31-13-26-21-768x1365.jpg 768w, https:\/\/blogsaverroes.juntadeandalucia.es\/cprvalledelguadiaro\/files\/2018\/11\/PHOTO-2018-10-31-13-26-21-576x1024.jpg 576w, https:\/\/blogsaverroes.juntadeandalucia.es\/cprvalledelguadiaro\/files\/2018\/11\/PHOTO-2018-10-31-13-26-21-700x1244.jpg 700w, https:\/\/blogsaverroes.juntadeandalucia.es\/cprvalledelguadiaro\/files\/2018\/11\/PHOTO-2018-10-31-13-26-21-14x24.jpg 14w, https:\/\/blogsaverroes.juntadeandalucia.es\/cprvalledelguadiaro\/files\/2018\/11\/PHOTO-2018-10-31-13-26-21-20x36.jpg 20w, https:\/\/blogsaverroes.juntadeandalucia.es\/cprvalledelguadiaro\/files\/2018\/11\/PHOTO-2018-10-31-13-26-21-27x48.jpg 27w, https:\/\/blogsaverroes.juntadeandalucia.es\/cprvalledelguadiaro\/files\/2018\/11\/PHOTO-2018-10-31-13-26-21.jpg 900w\" sizes=\"(max-width: 169px) 100vw, 169px\" \/><\/a> <a href=\"https:\/\/blogsaverroes.juntadeandalucia.es\/cprvalledelguadiaro\/files\/2018\/11\/PHOTO-2018-10-31-13-26-27.jpg\"><img loading=\"lazy\" decoding=\"async\" class=\"alignnone size-medium wp-image-3481\" src=\"https:\/\/blogsaverroes.juntadeandalucia.es\/cprvalledelguadiaro\/files\/2018\/11\/PHOTO-2018-10-31-13-26-27-169x300.jpg\" alt=\"\" width=\"169\" height=\"300\" srcset=\"https:\/\/blogsaverroes.juntadeandalucia.es\/cprvalledelguadiaro\/files\/2018\/11\/PHOTO-2018-10-31-13-26-27-169x300.jpg 169w, https:\/\/blogsaverroes.juntadeandalucia.es\/cprvalledelguadiaro\/files\/2018\/11\/PHOTO-2018-10-31-13-26-27-768x1365.jpg 768w, https:\/\/blogsaverroes.juntadeandalucia.es\/cprvalledelguadiaro\/files\/2018\/11\/PHOTO-2018-10-31-13-26-27-576x1024.jpg 576w, https:\/\/blogsaverroes.juntadeandalucia.es\/cprvalledelguadiaro\/files\/2018\/11\/PHOTO-2018-10-31-13-26-27-700x1244.jpg 700w, https:\/\/blogsaverroes.juntadeandalucia.es\/cprvalledelguadiaro\/files\/2018\/11\/PHOTO-2018-10-31-13-26-27-14x24.jpg 14w, https:\/\/blogsaverroes.juntadeandalucia.es\/cprvalledelguadiaro\/files\/2018\/11\/PHOTO-2018-10-31-13-26-27-20x36.jpg 20w, https:\/\/blogsaverroes.juntadeandalucia.es\/cprvalledelguadiaro\/files\/2018\/11\/PHOTO-2018-10-31-13-26-27-27x48.jpg 27w, https:\/\/blogsaverroes.juntadeandalucia.es\/cprvalledelguadiaro\/files\/2018\/11\/PHOTO-2018-10-31-13-26-27.jpg 900w\" sizes=\"(max-width: 169px) 100vw, 169px\" \/><\/a> <a href=\"https:\/\/blogsaverroes.juntadeandalucia.es\/cprvalledelguadiaro\/files\/2018\/11\/PHOTO-2018-10-31-13-26-28.jpg\"><img loading=\"lazy\" decoding=\"async\" class=\"alignnone size-medium wp-image-3482\" src=\"https:\/\/blogsaverroes.juntadeandalucia.es\/cprvalledelguadiaro\/files\/2018\/11\/PHOTO-2018-10-31-13-26-28-300x169.jpg\" alt=\"\" width=\"300\" height=\"169\" srcset=\"https:\/\/blogsaverroes.juntadeandalucia.es\/cprvalledelguadiaro\/files\/2018\/11\/PHOTO-2018-10-31-13-26-28-300x169.jpg 300w, https:\/\/blogsaverroes.juntadeandalucia.es\/cprvalledelguadiaro\/files\/2018\/11\/PHOTO-2018-10-31-13-26-28-768x432.jpg 768w, https:\/\/blogsaverroes.juntadeandalucia.es\/cprvalledelguadiaro\/files\/2018\/11\/PHOTO-2018-10-31-13-26-28-1024x576.jpg 1024w, https:\/\/blogsaverroes.juntadeandalucia.es\/cprvalledelguadiaro\/files\/2018\/11\/PHOTO-2018-10-31-13-26-28-700x393.jpg 700w, https:\/\/blogsaverroes.juntadeandalucia.es\/cprvalledelguadiaro\/files\/2018\/11\/PHOTO-2018-10-31-13-26-28-24x14.jpg 24w, https:\/\/blogsaverroes.juntadeandalucia.es\/cprvalledelguadiaro\/files\/2018\/11\/PHOTO-2018-10-31-13-26-28-36x20.jpg 36w, https:\/\/blogsaverroes.juntadeandalucia.es\/cprvalledelguadiaro\/files\/2018\/11\/PHOTO-2018-10-31-13-26-28-48x27.jpg 48w, https:\/\/blogsaverroes.juntadeandalucia.es\/cprvalledelguadiaro\/files\/2018\/11\/PHOTO-2018-10-31-13-26-28.jpg 1600w\" sizes=\"(max-width: 300px) 100vw, 300px\" \/><\/a><\/p>\n<p>Por cierto, antes de continuar, queremos agradecer much\u00edsimo a todas las familias por su colaboraci\u00f3n, tanto por mandarnos unas frutas y frutos secos de temporada tan ricos, como por venir a hacer el tradicional tost\u00f3n de casta\u00f1as, y visitarnos en un d\u00eda tan chulo. Sab\u00e9is que sin vosotros, todo ser\u00eda mucho m\u00e1s dif\u00edcil y menos guay. \u00a1\u00a1\u00a1Gracias!!!<\/p>\n<p>Y ya repuestos de tanta marcheta, ayer hicimos entrega de los premios a los ganadores de las manualidades tan chul\u00edsimas que hicieron en Ca\u00f1ada (en Jimera lo haremos pr\u00f3ximamente, tranquilos que os lo mostraremos en futuras publicaciones). Los ganadores, elegidos por sus compa\u00f1eros (nadie sab\u00eda de qui\u00e9n era cada cosa, y votaron entre clases diferentes para que hubiese una mayor intriga), fueron:<\/p>\n<ul>\n<li>Unai, de Infantil.<\/li>\n<li>Violeta, de Primer Ciclo.<\/li>\n<li>\u00cdzan, de Segundo Ciclo.<\/li>\n<li>Justin, de Tercer Ciclo.<\/li>\n<\/ul>\n<p>Aqu\u00ed ten\u00e9is algunas fotos muy simp\u00e1ticas:<\/p>\n<p><a href=\"https:\/\/blogsaverroes.juntadeandalucia.es\/cprvalledelguadiaro\/files\/2018\/11\/048c42d8-5d4b-4d6f-a58d-2da0be38e40c.jpeg\"><img loading=\"lazy\" decoding=\"async\" class=\"alignnone size-medium wp-image-3483\" src=\"https:\/\/blogsaverroes.juntadeandalucia.es\/cprvalledelguadiaro\/files\/2018\/11\/048c42d8-5d4b-4d6f-a58d-2da0be38e40c-169x300.jpeg\" alt=\"\" width=\"169\" height=\"300\" srcset=\"https:\/\/blogsaverroes.juntadeandalucia.es\/cprvalledelguadiaro\/files\/2018\/11\/048c42d8-5d4b-4d6f-a58d-2da0be38e40c-169x300.jpeg 169w, https:\/\/blogsaverroes.juntadeandalucia.es\/cprvalledelguadiaro\/files\/2018\/11\/048c42d8-5d4b-4d6f-a58d-2da0be38e40c-768x1365.jpeg 768w, https:\/\/blogsaverroes.juntadeandalucia.es\/cprvalledelguadiaro\/files\/2018\/11\/048c42d8-5d4b-4d6f-a58d-2da0be38e40c-576x1024.jpeg 576w, https:\/\/blogsaverroes.juntadeandalucia.es\/cprvalledelguadiaro\/files\/2018\/11\/048c42d8-5d4b-4d6f-a58d-2da0be38e40c-700x1244.jpeg 700w, https:\/\/blogsaverroes.juntadeandalucia.es\/cprvalledelguadiaro\/files\/2018\/11\/048c42d8-5d4b-4d6f-a58d-2da0be38e40c-14x24.jpeg 14w, https:\/\/blogsaverroes.juntadeandalucia.es\/cprvalledelguadiaro\/files\/2018\/11\/048c42d8-5d4b-4d6f-a58d-2da0be38e40c-20x36.jpeg 20w, https:\/\/blogsaverroes.juntadeandalucia.es\/cprvalledelguadiaro\/files\/2018\/11\/048c42d8-5d4b-4d6f-a58d-2da0be38e40c-27x48.jpeg 27w, https:\/\/blogsaverroes.juntadeandalucia.es\/cprvalledelguadiaro\/files\/2018\/11\/048c42d8-5d4b-4d6f-a58d-2da0be38e40c.jpeg 900w\" sizes=\"(max-width: 169px) 100vw, 169px\" \/><\/a> <a href=\"https:\/\/blogsaverroes.juntadeandalucia.es\/cprvalledelguadiaro\/files\/2018\/11\/e379d740-3694-4471-84d2-2195ddb2c9d1.jpeg\"><img loading=\"lazy\" decoding=\"async\" class=\"alignnone size-medium wp-image-3486\" src=\"https:\/\/blogsaverroes.juntadeandalucia.es\/cprvalledelguadiaro\/files\/2018\/11\/e379d740-3694-4471-84d2-2195ddb2c9d1-169x300.jpeg\" alt=\"\" width=\"169\" height=\"300\" srcset=\"https:\/\/blogsaverroes.juntadeandalucia.es\/cprvalledelguadiaro\/files\/2018\/11\/e379d740-3694-4471-84d2-2195ddb2c9d1-169x300.jpeg 169w, https:\/\/blogsaverroes.juntadeandalucia.es\/cprvalledelguadiaro\/files\/2018\/11\/e379d740-3694-4471-84d2-2195ddb2c9d1-768x1365.jpeg 768w, https:\/\/blogsaverroes.juntadeandalucia.es\/cprvalledelguadiaro\/files\/2018\/11\/e379d740-3694-4471-84d2-2195ddb2c9d1-576x1024.jpeg 576w, https:\/\/blogsaverroes.juntadeandalucia.es\/cprvalledelguadiaro\/files\/2018\/11\/e379d740-3694-4471-84d2-2195ddb2c9d1-700x1244.jpeg 700w, https:\/\/blogsaverroes.juntadeandalucia.es\/cprvalledelguadiaro\/files\/2018\/11\/e379d740-3694-4471-84d2-2195ddb2c9d1-14x24.jpeg 14w, https:\/\/blogsaverroes.juntadeandalucia.es\/cprvalledelguadiaro\/files\/2018\/11\/e379d740-3694-4471-84d2-2195ddb2c9d1-20x36.jpeg 20w, https:\/\/blogsaverroes.juntadeandalucia.es\/cprvalledelguadiaro\/files\/2018\/11\/e379d740-3694-4471-84d2-2195ddb2c9d1-27x48.jpeg 27w, https:\/\/blogsaverroes.juntadeandalucia.es\/cprvalledelguadiaro\/files\/2018\/11\/e379d740-3694-4471-84d2-2195ddb2c9d1.jpeg 900w\" sizes=\"(max-width: 169px) 100vw, 169px\" \/><\/a><a href=\"https:\/\/blogsaverroes.juntadeandalucia.es\/cprvalledelguadiaro\/files\/2018\/11\/b7f20b69-cee9-451a-8ce5-f6d9fb01c5f9.jpeg\"><img loading=\"lazy\" decoding=\"async\" class=\"alignnone size-medium wp-image-3485\" src=\"https:\/\/blogsaverroes.juntadeandalucia.es\/cprvalledelguadiaro\/files\/2018\/11\/b7f20b69-cee9-451a-8ce5-f6d9fb01c5f9-225x300.jpeg\" alt=\"\" width=\"225\" height=\"300\" srcset=\"https:\/\/blogsaverroes.juntadeandalucia.es\/cprvalledelguadiaro\/files\/2018\/11\/b7f20b69-cee9-451a-8ce5-f6d9fb01c5f9-225x300.jpeg 225w, https:\/\/blogsaverroes.juntadeandalucia.es\/cprvalledelguadiaro\/files\/2018\/11\/b7f20b69-cee9-451a-8ce5-f6d9fb01c5f9-768x1024.jpeg 768w, https:\/\/blogsaverroes.juntadeandalucia.es\/cprvalledelguadiaro\/files\/2018\/11\/b7f20b69-cee9-451a-8ce5-f6d9fb01c5f9-700x933.jpeg 700w, https:\/\/blogsaverroes.juntadeandalucia.es\/cprvalledelguadiaro\/files\/2018\/11\/b7f20b69-cee9-451a-8ce5-f6d9fb01c5f9-18x24.jpeg 18w, https:\/\/blogsaverroes.juntadeandalucia.es\/cprvalledelguadiaro\/files\/2018\/11\/b7f20b69-cee9-451a-8ce5-f6d9fb01c5f9-27x36.jpeg 27w, https:\/\/blogsaverroes.juntadeandalucia.es\/cprvalledelguadiaro\/files\/2018\/11\/b7f20b69-cee9-451a-8ce5-f6d9fb01c5f9-36x48.jpeg 36w, https:\/\/blogsaverroes.juntadeandalucia.es\/cprvalledelguadiaro\/files\/2018\/11\/b7f20b69-cee9-451a-8ce5-f6d9fb01c5f9.jpeg 1200w\" sizes=\"(max-width: 225px) 100vw, 225px\" \/><\/a><a href=\"https:\/\/blogsaverroes.juntadeandalucia.es\/cprvalledelguadiaro\/files\/2018\/11\/f06801ac-74a9-4e15-8ce1-888c1d739a79.jpeg\"><img loading=\"lazy\" decoding=\"async\" class=\"alignnone size-medium wp-image-3487\" src=\"https:\/\/blogsaverroes.juntadeandalucia.es\/cprvalledelguadiaro\/files\/2018\/11\/f06801ac-74a9-4e15-8ce1-888c1d739a79-300x225.jpeg\" alt=\"\" width=\"300\" height=\"225\" srcset=\"https:\/\/blogsaverroes.juntadeandalucia.es\/cprvalledelguadiaro\/files\/2018\/11\/f06801ac-74a9-4e15-8ce1-888c1d739a79-300x225.jpeg 300w, https:\/\/blogsaverroes.juntadeandalucia.es\/cprvalledelguadiaro\/files\/2018\/11\/f06801ac-74a9-4e15-8ce1-888c1d739a79-768x576.jpeg 768w, https:\/\/blogsaverroes.juntadeandalucia.es\/cprvalledelguadiaro\/files\/2018\/11\/f06801ac-74a9-4e15-8ce1-888c1d739a79-1024x768.jpeg 1024w, https:\/\/blogsaverroes.juntadeandalucia.es\/cprvalledelguadiaro\/files\/2018\/11\/f06801ac-74a9-4e15-8ce1-888c1d739a79-700x525.jpeg 700w, https:\/\/blogsaverroes.juntadeandalucia.es\/cprvalledelguadiaro\/files\/2018\/11\/f06801ac-74a9-4e15-8ce1-888c1d739a79-24x18.jpeg 24w, https:\/\/blogsaverroes.juntadeandalucia.es\/cprvalledelguadiaro\/files\/2018\/11\/f06801ac-74a9-4e15-8ce1-888c1d739a79-36x27.jpeg 36w, https:\/\/blogsaverroes.juntadeandalucia.es\/cprvalledelguadiaro\/files\/2018\/11\/f06801ac-74a9-4e15-8ce1-888c1d739a79-48x36.jpeg 48w, https:\/\/blogsaverroes.juntadeandalucia.es\/cprvalledelguadiaro\/files\/2018\/11\/f06801ac-74a9-4e15-8ce1-888c1d739a79.jpeg 1600w\" sizes=\"(max-width: 300px) 100vw, 300px\" \/><\/a><a href=\"https:\/\/blogsaverroes.juntadeandalucia.es\/cprvalledelguadiaro\/files\/2018\/11\/274403b9-53ec-46a9-9d1c-0440cd942383.jpeg\"><img loading=\"lazy\" decoding=\"async\" class=\"alignnone size-medium wp-image-3484\" src=\"https:\/\/blogsaverroes.juntadeandalucia.es\/cprvalledelguadiaro\/files\/2018\/11\/274403b9-53ec-46a9-9d1c-0440cd942383-300x225.jpeg\" alt=\"\" width=\"300\" height=\"225\" srcset=\"https:\/\/blogsaverroes.juntadeandalucia.es\/cprvalledelguadiaro\/files\/2018\/11\/274403b9-53ec-46a9-9d1c-0440cd942383-300x225.jpeg 300w, https:\/\/blogsaverroes.juntadeandalucia.es\/cprvalledelguadiaro\/files\/2018\/11\/274403b9-53ec-46a9-9d1c-0440cd942383-768x576.jpeg 768w, https:\/\/blogsaverroes.juntadeandalucia.es\/cprvalledelguadiaro\/files\/2018\/11\/274403b9-53ec-46a9-9d1c-0440cd942383-1024x768.jpeg 1024w, https:\/\/blogsaverroes.juntadeandalucia.es\/cprvalledelguadiaro\/files\/2018\/11\/274403b9-53ec-46a9-9d1c-0440cd942383-700x525.jpeg 700w, https:\/\/blogsaverroes.juntadeandalucia.es\/cprvalledelguadiaro\/files\/2018\/11\/274403b9-53ec-46a9-9d1c-0440cd942383-24x18.jpeg 24w, https:\/\/blogsaverroes.juntadeandalucia.es\/cprvalledelguadiaro\/files\/2018\/11\/274403b9-53ec-46a9-9d1c-0440cd942383-36x27.jpeg 36w, https:\/\/blogsaverroes.juntadeandalucia.es\/cprvalledelguadiaro\/files\/2018\/11\/274403b9-53ec-46a9-9d1c-0440cd942383-48x36.jpeg 48w, https:\/\/blogsaverroes.juntadeandalucia.es\/cprvalledelguadiaro\/files\/2018\/11\/274403b9-53ec-46a9-9d1c-0440cd942383.jpeg 1600w\" sizes=\"(max-width: 300px) 100vw, 300px\" \/><\/a><\/p>\n<p>As\u00ed que, haciendo honor a nuestro lema <strong><em>\u00aben este cole nos atrevemos con todo\u00bb<\/em><\/strong>, nos despedimos hasta nueva orden, agradeci\u00e9ndoos una vez m\u00e1s por vuestro tiempo, mand\u00e1ndoos un abrazo enorme y&#8230;\u00a1\u00a1\u00a1hasta pronto!!!<\/p>\n<p>&nbsp;<\/p>\n","protected":false},"excerpt":{"rendered":"<p>Buenos d\u00edas, queridos lectores: \u00bfQu\u00e9 tal est\u00e1is? \u00bfC\u00f3mo ha ido el puente de Todos los Santos? Esperamos que todo haya ido genial y hay\u00e1is disfrutado much\u00edsimo, aunque como se dice, lo bueno se pasa&#46;&#46;&#46;<\/p>\n","protected":false},"author":4494,"featured_media":0,"comment_status":"open","ping_status":"open","sticky":false,"template":"","format":"standard","meta":{"ngg_post_thumbnail":0,"footnotes":""},"categories":[11909],"tags":[],"aioseo_notices":[],"_links":{"self":[{"href":"https:\/\/blogsaverroes.juntadeandalucia.es\/cprvalledelguadiaro\/index.php?rest_route=\/wp\/v2\/posts\/3466"}],"collection":[{"href":"https:\/\/blogsaverroes.juntadeandalucia.es\/cprvalledelguadiaro\/index.php?rest_route=\/wp\/v2\/posts"}],"about":[{"href":"https:\/\/blogsaverroes.juntadeandalucia.es\/cprvalledelguadiaro\/index.php?rest_route=\/wp\/v2\/types\/post"}],"author":[{"embeddable":true,"href":"https:\/\/blogsaverroes.juntadeandalucia.es\/cprvalledelguadiaro\/index.php?rest_route=\/wp\/v2\/users\/4494"}],"replies":[{"embeddable":true,"href":"https:\/\/blogsaverroes.juntadeandalucia.es\/cprvalledelguadiaro\/index.php?rest_route=%2Fwp%2Fv2%2Fcomments&post=3466"}],"version-history":[{"count":4,"href":"https:\/\/blogsaverroes.juntadeandalucia.es\/cprvalledelguadiaro\/index.php?rest_route=\/wp\/v2\/posts\/3466\/revisions"}],"predecessor-version":[{"id":3503,"href":"https:\/\/blogsaverroes.juntadeandalucia.es\/cprvalledelguadiaro\/index.php?rest_route=\/wp\/v2\/posts\/3466\/revisions\/3503"}],"wp:attachment":[{"href":"https:\/\/blogsaverroes.juntadeandalucia.es\/cprvalledelguadiaro\/index.php?rest_route=%2Fwp%2Fv2%2Fmedia&parent=3466"}],"wp:term":[{"taxonomy":"category","embeddable":true,"href":"https:\/\/blogsaverroes.juntadeandalucia.es\/cprvalledelguadiaro\/index.php?rest_route=%2Fwp%2Fv2%2Fcategories&post=3466"},{"taxonomy":"post_tag","embeddable":true,"href":"https:\/\/blogsaverroes.juntadeandalucia.es\/cprvalledelguadiaro\/index.php?rest_route=%2Fwp%2Fv2%2Ftags&post=3466"}],"curies":[{"name":"wp","href":"https:\/\/api.w.org\/{rel}","templated":true}]}}