{"id":4360,"date":"2021-02-18T09:47:31","date_gmt":"2021-02-18T09:47:31","guid":{"rendered":"https:\/\/blogsaverroes.juntadeandalucia.es\/cprvalledelguadiaro\/?p=4360"},"modified":"2021-03-18T09:10:25","modified_gmt":"2021-03-18T09:10:25","slug":"semana-cultural-modo-on","status":"publish","type":"post","link":"https:\/\/blogsaverroes.juntadeandalucia.es\/cprvalledelguadiaro\/?p=4360","title":{"rendered":"\u00a1SEMANA CULTURAL \u00abMODO ON\u00bb!"},"content":{"rendered":"<p>Buenos y, por fin, soleados d\u00edas, queridos visitantes:<\/p>\n<p>Estamos ya oliendo a semana blanca, a un merecido y necesario descanso para seguir trabajando con fuerza durante el mes de marzo, pero, como es tradici\u00f3n en nuestro cole, esta semana estamos trabajando la semana cultural, 5 d\u00edas de talleres varios, de conocer un poco m\u00e1s Andaluc\u00eda, de mejorar nuestro colegio entre todas y todos&#8230; de aprender mientras nos divertimos y compartimos.&nbsp;<\/p>\n<p>Durante esta semana estamos realizando actividades muy variadas, como, por ejemplo:<\/p>\n<ol>\n<li>Taller de Braille.<\/li>\n<li>Charla con una persona invidente y que trabaja en la ONCE.<\/li>\n<li>Taller de decoraci\u00f3n de camisetas con tema de igualdad.<\/li>\n<li>Pintar los patios del colegio.<\/li>\n<li>Taller de instrumentos musicales con materiales reciclados.<\/li>\n<li>Desayuno andaluz, escuchar el himno de Andaluc\u00eda y hablar sobre la bandera de nuestra comunidad aut\u00f3noma.<\/li>\n<\/ol>\n<p>Aunque hemos hecho m\u00e1s cosas todav\u00eda, esos son algunos ejemplos. Y aunque a la vuelta de las vacaciones os mostraremos mucho m\u00e1s, hoy queremos dejaros algunas fotos de todo esto que estamos realizando, para dejaros con la miel en los labios y con ganas de m\u00e1s&#8230; \u00a1jejeje!<\/p>\n<p><a href=\"https:\/\/blogsaverroes.juntadeandalucia.es\/cprvalledelguadiaro\/files\/2021\/02\/PHOTO-2021-02-17-13-58-29.jpg\"><img loading=\"lazy\" decoding=\"async\" class=\"aligncenter size-medium wp-image-4361\" src=\"https:\/\/blogsaverroes.juntadeandalucia.es\/cprvalledelguadiaro\/files\/2021\/02\/PHOTO-2021-02-17-13-58-29-300x225.jpg\" alt=\"\" width=\"300\" height=\"225\" srcset=\"https:\/\/blogsaverroes.juntadeandalucia.es\/cprvalledelguadiaro\/files\/2021\/02\/PHOTO-2021-02-17-13-58-29-300x225.jpg 300w, https:\/\/blogsaverroes.juntadeandalucia.es\/cprvalledelguadiaro\/files\/2021\/02\/PHOTO-2021-02-17-13-58-29-1024x768.jpg 1024w, https:\/\/blogsaverroes.juntadeandalucia.es\/cprvalledelguadiaro\/files\/2021\/02\/PHOTO-2021-02-17-13-58-29-768x576.jpg 768w, https:\/\/blogsaverroes.juntadeandalucia.es\/cprvalledelguadiaro\/files\/2021\/02\/PHOTO-2021-02-17-13-58-29-1536x1152.jpg 1536w, https:\/\/blogsaverroes.juntadeandalucia.es\/cprvalledelguadiaro\/files\/2021\/02\/PHOTO-2021-02-17-13-58-29-700x525.jpg 700w, https:\/\/blogsaverroes.juntadeandalucia.es\/cprvalledelguadiaro\/files\/2021\/02\/PHOTO-2021-02-17-13-58-29.jpg 1600w\" sizes=\"(max-width: 300px) 100vw, 300px\" \/><\/a> <a href=\"https:\/\/blogsaverroes.juntadeandalucia.es\/cprvalledelguadiaro\/files\/2021\/02\/PHOTO-2021-02-17-13-58-25.jpg\"><img loading=\"lazy\" decoding=\"async\" class=\"aligncenter size-medium wp-image-4362\" src=\"https:\/\/blogsaverroes.juntadeandalucia.es\/cprvalledelguadiaro\/files\/2021\/02\/PHOTO-2021-02-17-13-58-25-300x225.jpg\" alt=\"\" width=\"300\" height=\"225\" srcset=\"https:\/\/blogsaverroes.juntadeandalucia.es\/cprvalledelguadiaro\/files\/2021\/02\/PHOTO-2021-02-17-13-58-25-300x225.jpg 300w, https:\/\/blogsaverroes.juntadeandalucia.es\/cprvalledelguadiaro\/files\/2021\/02\/PHOTO-2021-02-17-13-58-25-1024x768.jpg 1024w, https:\/\/blogsaverroes.juntadeandalucia.es\/cprvalledelguadiaro\/files\/2021\/02\/PHOTO-2021-02-17-13-58-25-768x576.jpg 768w, https:\/\/blogsaverroes.juntadeandalucia.es\/cprvalledelguadiaro\/files\/2021\/02\/PHOTO-2021-02-17-13-58-25-1536x1152.jpg 1536w, https:\/\/blogsaverroes.juntadeandalucia.es\/cprvalledelguadiaro\/files\/2021\/02\/PHOTO-2021-02-17-13-58-25-700x525.jpg 700w, https:\/\/blogsaverroes.juntadeandalucia.es\/cprvalledelguadiaro\/files\/2021\/02\/PHOTO-2021-02-17-13-58-25.jpg 1600w\" sizes=\"(max-width: 300px) 100vw, 300px\" \/><\/a> <a href=\"https:\/\/blogsaverroes.juntadeandalucia.es\/cprvalledelguadiaro\/files\/2021\/02\/PHOTO-2021-02-17-13-58-28.jpg\"><img loading=\"lazy\" decoding=\"async\" class=\"aligncenter size-medium wp-image-4363\" src=\"https:\/\/blogsaverroes.juntadeandalucia.es\/cprvalledelguadiaro\/files\/2021\/02\/PHOTO-2021-02-17-13-58-28-300x225.jpg\" alt=\"\" width=\"300\" height=\"225\" srcset=\"https:\/\/blogsaverroes.juntadeandalucia.es\/cprvalledelguadiaro\/files\/2021\/02\/PHOTO-2021-02-17-13-58-28-300x225.jpg 300w, https:\/\/blogsaverroes.juntadeandalucia.es\/cprvalledelguadiaro\/files\/2021\/02\/PHOTO-2021-02-17-13-58-28-1024x768.jpg 1024w, https:\/\/blogsaverroes.juntadeandalucia.es\/cprvalledelguadiaro\/files\/2021\/02\/PHOTO-2021-02-17-13-58-28-768x576.jpg 768w, https:\/\/blogsaverroes.juntadeandalucia.es\/cprvalledelguadiaro\/files\/2021\/02\/PHOTO-2021-02-17-13-58-28-1536x1152.jpg 1536w, https:\/\/blogsaverroes.juntadeandalucia.es\/cprvalledelguadiaro\/files\/2021\/02\/PHOTO-2021-02-17-13-58-28-700x525.jpg 700w, https:\/\/blogsaverroes.juntadeandalucia.es\/cprvalledelguadiaro\/files\/2021\/02\/PHOTO-2021-02-17-13-58-28.jpg 1600w\" sizes=\"(max-width: 300px) 100vw, 300px\" \/><\/a> <a href=\"https:\/\/blogsaverroes.juntadeandalucia.es\/cprvalledelguadiaro\/files\/2021\/02\/PHOTO-2021-02-17-10-03-41.jpg\"><img loading=\"lazy\" decoding=\"async\" class=\"aligncenter size-medium wp-image-4364\" src=\"https:\/\/blogsaverroes.juntadeandalucia.es\/cprvalledelguadiaro\/files\/2021\/02\/PHOTO-2021-02-17-10-03-41-300x225.jpg\" alt=\"\" width=\"300\" height=\"225\" srcset=\"https:\/\/blogsaverroes.juntadeandalucia.es\/cprvalledelguadiaro\/files\/2021\/02\/PHOTO-2021-02-17-10-03-41-300x225.jpg 300w, https:\/\/blogsaverroes.juntadeandalucia.es\/cprvalledelguadiaro\/files\/2021\/02\/PHOTO-2021-02-17-10-03-41-1024x768.jpg 1024w, https:\/\/blogsaverroes.juntadeandalucia.es\/cprvalledelguadiaro\/files\/2021\/02\/PHOTO-2021-02-17-10-03-41-768x576.jpg 768w, https:\/\/blogsaverroes.juntadeandalucia.es\/cprvalledelguadiaro\/files\/2021\/02\/PHOTO-2021-02-17-10-03-41-1536x1152.jpg 1536w, https:\/\/blogsaverroes.juntadeandalucia.es\/cprvalledelguadiaro\/files\/2021\/02\/PHOTO-2021-02-17-10-03-41-700x525.jpg 700w, https:\/\/blogsaverroes.juntadeandalucia.es\/cprvalledelguadiaro\/files\/2021\/02\/PHOTO-2021-02-17-10-03-41.jpg 1600w\" sizes=\"(max-width: 300px) 100vw, 300px\" \/><\/a> <a href=\"https:\/\/blogsaverroes.juntadeandalucia.es\/cprvalledelguadiaro\/files\/2021\/02\/PHOTO-2021-02-16-13-41-45.jpg\"><img loading=\"lazy\" decoding=\"async\" class=\"aligncenter size-medium wp-image-4365\" src=\"https:\/\/blogsaverroes.juntadeandalucia.es\/cprvalledelguadiaro\/files\/2021\/02\/PHOTO-2021-02-16-13-41-45-300x225.jpg\" alt=\"\" width=\"300\" height=\"225\" srcset=\"https:\/\/blogsaverroes.juntadeandalucia.es\/cprvalledelguadiaro\/files\/2021\/02\/PHOTO-2021-02-16-13-41-45-300x225.jpg 300w, https:\/\/blogsaverroes.juntadeandalucia.es\/cprvalledelguadiaro\/files\/2021\/02\/PHOTO-2021-02-16-13-41-45-1024x768.jpg 1024w, https:\/\/blogsaverroes.juntadeandalucia.es\/cprvalledelguadiaro\/files\/2021\/02\/PHOTO-2021-02-16-13-41-45-768x576.jpg 768w, https:\/\/blogsaverroes.juntadeandalucia.es\/cprvalledelguadiaro\/files\/2021\/02\/PHOTO-2021-02-16-13-41-45-1536x1153.jpg 1536w, https:\/\/blogsaverroes.juntadeandalucia.es\/cprvalledelguadiaro\/files\/2021\/02\/PHOTO-2021-02-16-13-41-45-700x525.jpg 700w, https:\/\/blogsaverroes.juntadeandalucia.es\/cprvalledelguadiaro\/files\/2021\/02\/PHOTO-2021-02-16-13-41-45.jpg 1599w\" sizes=\"(max-width: 300px) 100vw, 300px\" \/><\/a> <a href=\"https:\/\/blogsaverroes.juntadeandalucia.es\/cprvalledelguadiaro\/files\/2021\/02\/PHOTO-2021-02-16-13-41-41.jpg\"><img loading=\"lazy\" decoding=\"async\" class=\"aligncenter size-medium wp-image-4366\" src=\"https:\/\/blogsaverroes.juntadeandalucia.es\/cprvalledelguadiaro\/files\/2021\/02\/PHOTO-2021-02-16-13-41-41-300x225.jpg\" alt=\"\" width=\"300\" height=\"225\" srcset=\"https:\/\/blogsaverroes.juntadeandalucia.es\/cprvalledelguadiaro\/files\/2021\/02\/PHOTO-2021-02-16-13-41-41-300x225.jpg 300w, https:\/\/blogsaverroes.juntadeandalucia.es\/cprvalledelguadiaro\/files\/2021\/02\/PHOTO-2021-02-16-13-41-41-1024x768.jpg 1024w, https:\/\/blogsaverroes.juntadeandalucia.es\/cprvalledelguadiaro\/files\/2021\/02\/PHOTO-2021-02-16-13-41-41-768x576.jpg 768w, https:\/\/blogsaverroes.juntadeandalucia.es\/cprvalledelguadiaro\/files\/2021\/02\/PHOTO-2021-02-16-13-41-41-1536x1153.jpg 1536w, https:\/\/blogsaverroes.juntadeandalucia.es\/cprvalledelguadiaro\/files\/2021\/02\/PHOTO-2021-02-16-13-41-41-700x525.jpg 700w, https:\/\/blogsaverroes.juntadeandalucia.es\/cprvalledelguadiaro\/files\/2021\/02\/PHOTO-2021-02-16-13-41-41.jpg 1599w\" sizes=\"(max-width: 300px) 100vw, 300px\" \/><\/a> <a href=\"https:\/\/blogsaverroes.juntadeandalucia.es\/cprvalledelguadiaro\/files\/2021\/02\/a7f9205d-9cbf-4022-8421-38b437228a5b.jpg\"><img loading=\"lazy\" decoding=\"async\" class=\"aligncenter size-medium wp-image-4367\" src=\"https:\/\/blogsaverroes.juntadeandalucia.es\/cprvalledelguadiaro\/files\/2021\/02\/a7f9205d-9cbf-4022-8421-38b437228a5b-300x225.jpg\" alt=\"\" width=\"300\" height=\"225\" srcset=\"https:\/\/blogsaverroes.juntadeandalucia.es\/cprvalledelguadiaro\/files\/2021\/02\/a7f9205d-9cbf-4022-8421-38b437228a5b-300x225.jpg 300w, https:\/\/blogsaverroes.juntadeandalucia.es\/cprvalledelguadiaro\/files\/2021\/02\/a7f9205d-9cbf-4022-8421-38b437228a5b-1024x768.jpg 1024w, https:\/\/blogsaverroes.juntadeandalucia.es\/cprvalledelguadiaro\/files\/2021\/02\/a7f9205d-9cbf-4022-8421-38b437228a5b-768x576.jpg 768w, https:\/\/blogsaverroes.juntadeandalucia.es\/cprvalledelguadiaro\/files\/2021\/02\/a7f9205d-9cbf-4022-8421-38b437228a5b-1536x1152.jpg 1536w, https:\/\/blogsaverroes.juntadeandalucia.es\/cprvalledelguadiaro\/files\/2021\/02\/a7f9205d-9cbf-4022-8421-38b437228a5b-700x525.jpg 700w, https:\/\/blogsaverroes.juntadeandalucia.es\/cprvalledelguadiaro\/files\/2021\/02\/a7f9205d-9cbf-4022-8421-38b437228a5b.jpg 1600w\" sizes=\"(max-width: 300px) 100vw, 300px\" \/><\/a> <a href=\"https:\/\/blogsaverroes.juntadeandalucia.es\/cprvalledelguadiaro\/files\/2021\/02\/1766bcf2-915e-4846-961c-ce1a6d8d6109.jpg\"><img loading=\"lazy\" decoding=\"async\" class=\"aligncenter size-medium wp-image-4368\" src=\"https:\/\/blogsaverroes.juntadeandalucia.es\/cprvalledelguadiaro\/files\/2021\/02\/1766bcf2-915e-4846-961c-ce1a6d8d6109-300x225.jpg\" alt=\"\" width=\"300\" height=\"225\" srcset=\"https:\/\/blogsaverroes.juntadeandalucia.es\/cprvalledelguadiaro\/files\/2021\/02\/1766bcf2-915e-4846-961c-ce1a6d8d6109-300x225.jpg 300w, https:\/\/blogsaverroes.juntadeandalucia.es\/cprvalledelguadiaro\/files\/2021\/02\/1766bcf2-915e-4846-961c-ce1a6d8d6109-1024x768.jpg 1024w, https:\/\/blogsaverroes.juntadeandalucia.es\/cprvalledelguadiaro\/files\/2021\/02\/1766bcf2-915e-4846-961c-ce1a6d8d6109-768x576.jpg 768w, https:\/\/blogsaverroes.juntadeandalucia.es\/cprvalledelguadiaro\/files\/2021\/02\/1766bcf2-915e-4846-961c-ce1a6d8d6109-1536x1152.jpg 1536w, https:\/\/blogsaverroes.juntadeandalucia.es\/cprvalledelguadiaro\/files\/2021\/02\/1766bcf2-915e-4846-961c-ce1a6d8d6109-700x525.jpg 700w, https:\/\/blogsaverroes.juntadeandalucia.es\/cprvalledelguadiaro\/files\/2021\/02\/1766bcf2-915e-4846-961c-ce1a6d8d6109.jpg 1600w\" sizes=\"(max-width: 300px) 100vw, 300px\" \/><\/a> <a href=\"https:\/\/blogsaverroes.juntadeandalucia.es\/cprvalledelguadiaro\/files\/2021\/02\/93c0b781-ce11-45c8-ba0a-4c212563afb8.jpg\"><img loading=\"lazy\" decoding=\"async\" class=\"aligncenter size-medium wp-image-4369\" src=\"https:\/\/blogsaverroes.juntadeandalucia.es\/cprvalledelguadiaro\/files\/2021\/02\/93c0b781-ce11-45c8-ba0a-4c212563afb8-300x225.jpg\" alt=\"\" width=\"300\" height=\"225\" srcset=\"https:\/\/blogsaverroes.juntadeandalucia.es\/cprvalledelguadiaro\/files\/2021\/02\/93c0b781-ce11-45c8-ba0a-4c212563afb8-300x225.jpg 300w, https:\/\/blogsaverroes.juntadeandalucia.es\/cprvalledelguadiaro\/files\/2021\/02\/93c0b781-ce11-45c8-ba0a-4c212563afb8-1024x768.jpg 1024w, https:\/\/blogsaverroes.juntadeandalucia.es\/cprvalledelguadiaro\/files\/2021\/02\/93c0b781-ce11-45c8-ba0a-4c212563afb8-768x576.jpg 768w, https:\/\/blogsaverroes.juntadeandalucia.es\/cprvalledelguadiaro\/files\/2021\/02\/93c0b781-ce11-45c8-ba0a-4c212563afb8-1536x1152.jpg 1536w, https:\/\/blogsaverroes.juntadeandalucia.es\/cprvalledelguadiaro\/files\/2021\/02\/93c0b781-ce11-45c8-ba0a-4c212563afb8-700x525.jpg 700w, https:\/\/blogsaverroes.juntadeandalucia.es\/cprvalledelguadiaro\/files\/2021\/02\/93c0b781-ce11-45c8-ba0a-4c212563afb8.jpg 1600w\" sizes=\"(max-width: 300px) 100vw, 300px\" \/><\/a> <a href=\"https:\/\/blogsaverroes.juntadeandalucia.es\/cprvalledelguadiaro\/files\/2021\/02\/IMG-5145-scaled.jpg\"><img loading=\"lazy\" decoding=\"async\" class=\"aligncenter size-medium wp-image-4370\" src=\"https:\/\/blogsaverroes.juntadeandalucia.es\/cprvalledelguadiaro\/files\/2021\/02\/IMG-5145-300x225.jpg\" alt=\"\" width=\"300\" height=\"225\" srcset=\"https:\/\/blogsaverroes.juntadeandalucia.es\/cprvalledelguadiaro\/files\/2021\/02\/IMG-5145-300x225.jpg 300w, https:\/\/blogsaverroes.juntadeandalucia.es\/cprvalledelguadiaro\/files\/2021\/02\/IMG-5145-1024x768.jpg 1024w, https:\/\/blogsaverroes.juntadeandalucia.es\/cprvalledelguadiaro\/files\/2021\/02\/IMG-5145-768x576.jpg 768w, https:\/\/blogsaverroes.juntadeandalucia.es\/cprvalledelguadiaro\/files\/2021\/02\/IMG-5145-1536x1152.jpg 1536w, https:\/\/blogsaverroes.juntadeandalucia.es\/cprvalledelguadiaro\/files\/2021\/02\/IMG-5145-2048x1536.jpg 2048w, https:\/\/blogsaverroes.juntadeandalucia.es\/cprvalledelguadiaro\/files\/2021\/02\/IMG-5145-700x525.jpg 700w, https:\/\/blogsaverroes.juntadeandalucia.es\/cprvalledelguadiaro\/files\/2021\/02\/IMG-5145-scaled.jpg 1600w\" sizes=\"(max-width: 300px) 100vw, 300px\" \/><\/a> <a href=\"https:\/\/blogsaverroes.juntadeandalucia.es\/cprvalledelguadiaro\/files\/2021\/02\/IMG-5150-scaled.jpg\"><img loading=\"lazy\" decoding=\"async\" class=\"aligncenter size-medium wp-image-4371\" src=\"https:\/\/blogsaverroes.juntadeandalucia.es\/cprvalledelguadiaro\/files\/2021\/02\/IMG-5150-225x300.jpg\" alt=\"\" width=\"225\" height=\"300\" srcset=\"https:\/\/blogsaverroes.juntadeandalucia.es\/cprvalledelguadiaro\/files\/2021\/02\/IMG-5150-225x300.jpg 225w, https:\/\/blogsaverroes.juntadeandalucia.es\/cprvalledelguadiaro\/files\/2021\/02\/IMG-5150-768x1024.jpg 768w, https:\/\/blogsaverroes.juntadeandalucia.es\/cprvalledelguadiaro\/files\/2021\/02\/IMG-5150-1152x1536.jpg 1152w, https:\/\/blogsaverroes.juntadeandalucia.es\/cprvalledelguadiaro\/files\/2021\/02\/IMG-5150-1536x2048.jpg 1536w, https:\/\/blogsaverroes.juntadeandalucia.es\/cprvalledelguadiaro\/files\/2021\/02\/IMG-5150-700x933.jpg 700w, https:\/\/blogsaverroes.juntadeandalucia.es\/cprvalledelguadiaro\/files\/2021\/02\/IMG-5150-scaled.jpg 1200w\" sizes=\"(max-width: 225px) 100vw, 225px\" \/><\/a> <a href=\"https:\/\/blogsaverroes.juntadeandalucia.es\/cprvalledelguadiaro\/files\/2021\/02\/IMG-5133-scaled.jpg\"><img loading=\"lazy\" decoding=\"async\" class=\"aligncenter size-medium wp-image-4372\" src=\"https:\/\/blogsaverroes.juntadeandalucia.es\/cprvalledelguadiaro\/files\/2021\/02\/IMG-5133-225x300.jpg\" alt=\"\" width=\"225\" height=\"300\" srcset=\"https:\/\/blogsaverroes.juntadeandalucia.es\/cprvalledelguadiaro\/files\/2021\/02\/IMG-5133-225x300.jpg 225w, https:\/\/blogsaverroes.juntadeandalucia.es\/cprvalledelguadiaro\/files\/2021\/02\/IMG-5133-768x1024.jpg 768w, https:\/\/blogsaverroes.juntadeandalucia.es\/cprvalledelguadiaro\/files\/2021\/02\/IMG-5133-1152x1536.jpg 1152w, https:\/\/blogsaverroes.juntadeandalucia.es\/cprvalledelguadiaro\/files\/2021\/02\/IMG-5133-1536x2048.jpg 1536w, https:\/\/blogsaverroes.juntadeandalucia.es\/cprvalledelguadiaro\/files\/2021\/02\/IMG-5133-700x933.jpg 700w, https:\/\/blogsaverroes.juntadeandalucia.es\/cprvalledelguadiaro\/files\/2021\/02\/IMG-5133-scaled.jpg 1200w\" sizes=\"(max-width: 225px) 100vw, 225px\" \/><\/a> <a href=\"https:\/\/blogsaverroes.juntadeandalucia.es\/cprvalledelguadiaro\/files\/2021\/02\/IMG-4972-scaled.jpg\"><br \/>\n<img loading=\"lazy\" decoding=\"async\" class=\"aligncenter size-medium wp-image-4374\" src=\"https:\/\/blogsaverroes.juntadeandalucia.es\/cprvalledelguadiaro\/files\/2021\/02\/IMG-4972-300x225.jpg\" alt=\"\" width=\"300\" height=\"225\" srcset=\"https:\/\/blogsaverroes.juntadeandalucia.es\/cprvalledelguadiaro\/files\/2021\/02\/IMG-4972-300x225.jpg 300w, https:\/\/blogsaverroes.juntadeandalucia.es\/cprvalledelguadiaro\/files\/2021\/02\/IMG-4972-1024x768.jpg 1024w, https:\/\/blogsaverroes.juntadeandalucia.es\/cprvalledelguadiaro\/files\/2021\/02\/IMG-4972-768x576.jpg 768w, https:\/\/blogsaverroes.juntadeandalucia.es\/cprvalledelguadiaro\/files\/2021\/02\/IMG-4972-1536x1152.jpg 1536w, https:\/\/blogsaverroes.juntadeandalucia.es\/cprvalledelguadiaro\/files\/2021\/02\/IMG-4972-2048x1536.jpg 2048w, https:\/\/blogsaverroes.juntadeandalucia.es\/cprvalledelguadiaro\/files\/2021\/02\/IMG-4972-700x525.jpg 700w, https:\/\/blogsaverroes.juntadeandalucia.es\/cprvalledelguadiaro\/files\/2021\/02\/IMG-4972-scaled.jpg 1600w\" sizes=\"(max-width: 300px) 100vw, 300px\" \/><\/a><a href=\"https:\/\/blogsaverroes.juntadeandalucia.es\/cprvalledelguadiaro\/files\/2021\/02\/IMG_5360-rotated.jpg\"><img loading=\"lazy\" decoding=\"async\" class=\"aligncenter wp-image-4375 size-medium\" src=\"https:\/\/blogsaverroes.juntadeandalucia.es\/cprvalledelguadiaro\/files\/2021\/02\/IMG_5360-rotated-e1613640882327-300x225.jpg\" alt=\"\" width=\"300\" height=\"225\" srcset=\"https:\/\/blogsaverroes.juntadeandalucia.es\/cprvalledelguadiaro\/files\/2021\/02\/IMG_5360-rotated-e1613640882327-300x225.jpg 300w, https:\/\/blogsaverroes.juntadeandalucia.es\/cprvalledelguadiaro\/files\/2021\/02\/IMG_5360-rotated-e1613640882327.jpg 640w\" sizes=\"(max-width: 300px) 100vw, 300px\" \/><\/a><a href=\"https:\/\/blogsaverroes.juntadeandalucia.es\/cprvalledelguadiaro\/files\/2021\/02\/IMG_5355.jpg\"><img loading=\"lazy\" decoding=\"async\" class=\"aligncenter size-medium wp-image-4376\" src=\"https:\/\/blogsaverroes.juntadeandalucia.es\/cprvalledelguadiaro\/files\/2021\/02\/IMG_5355-300x225.jpg\" alt=\"\" width=\"300\" height=\"225\" srcset=\"https:\/\/blogsaverroes.juntadeandalucia.es\/cprvalledelguadiaro\/files\/2021\/02\/IMG_5355-300x225.jpg 300w, https:\/\/blogsaverroes.juntadeandalucia.es\/cprvalledelguadiaro\/files\/2021\/02\/IMG_5355.jpg 640w\" sizes=\"(max-width: 300px) 100vw, 300px\" \/><\/a><a href=\"https:\/\/blogsaverroes.juntadeandalucia.es\/cprvalledelguadiaro\/files\/2021\/02\/IMG_5352.jpg\"><img loading=\"lazy\" decoding=\"async\" class=\"aligncenter size-medium wp-image-4377\" src=\"https:\/\/blogsaverroes.juntadeandalucia.es\/cprvalledelguadiaro\/files\/2021\/02\/IMG_5352-300x225.jpg\" alt=\"\" width=\"300\" height=\"225\" srcset=\"https:\/\/blogsaverroes.juntadeandalucia.es\/cprvalledelguadiaro\/files\/2021\/02\/IMG_5352-300x225.jpg 300w, https:\/\/blogsaverroes.juntadeandalucia.es\/cprvalledelguadiaro\/files\/2021\/02\/IMG_5352.jpg 640w\" sizes=\"(max-width: 300px) 100vw, 300px\" \/><\/a><a href=\"https:\/\/blogsaverroes.juntadeandalucia.es\/cprvalledelguadiaro\/files\/2021\/02\/IMG_5344-rotated-e1613640860401.jpg\"><br \/>\n<img loading=\"lazy\" decoding=\"async\" class=\"aligncenter size-medium wp-image-4379\" src=\"https:\/\/blogsaverroes.juntadeandalucia.es\/cprvalledelguadiaro\/files\/2021\/02\/IMG_5344-rotated-e1613640860401-300x225.jpg\" alt=\"\" width=\"300\" height=\"225\" srcset=\"https:\/\/blogsaverroes.juntadeandalucia.es\/cprvalledelguadiaro\/files\/2021\/02\/IMG_5344-rotated-e1613640860401-300x225.jpg 300w, https:\/\/blogsaverroes.juntadeandalucia.es\/cprvalledelguadiaro\/files\/2021\/02\/IMG_5344-rotated-e1613640860401.jpg 640w\" sizes=\"(max-width: 300px) 100vw, 300px\" \/><\/a><a href=\"https:\/\/blogsaverroes.juntadeandalucia.es\/cprvalledelguadiaro\/files\/2021\/02\/IMG_5345.jpg\"><img loading=\"lazy\" decoding=\"async\" class=\"aligncenter size-medium wp-image-4378\" src=\"https:\/\/blogsaverroes.juntadeandalucia.es\/cprvalledelguadiaro\/files\/2021\/02\/IMG_5345-300x225.jpg\" alt=\"\" width=\"300\" height=\"225\" srcset=\"https:\/\/blogsaverroes.juntadeandalucia.es\/cprvalledelguadiaro\/files\/2021\/02\/IMG_5345-300x225.jpg 300w, https:\/\/blogsaverroes.juntadeandalucia.es\/cprvalledelguadiaro\/files\/2021\/02\/IMG_5345.jpg 640w\" sizes=\"(max-width: 300px) 100vw, 300px\" \/><\/a><a href=\"https:\/\/blogsaverroes.juntadeandalucia.es\/cprvalledelguadiaro\/files\/2021\/02\/43dd833f-b604-4684-a9bc-93779b1a177d-1.jpg\"><img loading=\"lazy\" decoding=\"async\" class=\"aligncenter size-medium wp-image-4380\" src=\"https:\/\/blogsaverroes.juntadeandalucia.es\/cprvalledelguadiaro\/files\/2021\/02\/43dd833f-b604-4684-a9bc-93779b1a177d-1-300x225.jpg\" alt=\"\" width=\"300\" height=\"225\" srcset=\"https:\/\/blogsaverroes.juntadeandalucia.es\/cprvalledelguadiaro\/files\/2021\/02\/43dd833f-b604-4684-a9bc-93779b1a177d-1-300x225.jpg 300w, https:\/\/blogsaverroes.juntadeandalucia.es\/cprvalledelguadiaro\/files\/2021\/02\/43dd833f-b604-4684-a9bc-93779b1a177d-1-1024x768.jpg 1024w, https:\/\/blogsaverroes.juntadeandalucia.es\/cprvalledelguadiaro\/files\/2021\/02\/43dd833f-b604-4684-a9bc-93779b1a177d-1-768x576.jpg 768w, https:\/\/blogsaverroes.juntadeandalucia.es\/cprvalledelguadiaro\/files\/2021\/02\/43dd833f-b604-4684-a9bc-93779b1a177d-1-1536x1152.jpg 1536w, https:\/\/blogsaverroes.juntadeandalucia.es\/cprvalledelguadiaro\/files\/2021\/02\/43dd833f-b604-4684-a9bc-93779b1a177d-1-700x525.jpg 700w, https:\/\/blogsaverroes.juntadeandalucia.es\/cprvalledelguadiaro\/files\/2021\/02\/43dd833f-b604-4684-a9bc-93779b1a177d-1.jpg 1600w\" sizes=\"(max-width: 300px) 100vw, 300px\" \/><\/a><a href=\"https:\/\/blogsaverroes.juntadeandalucia.es\/cprvalledelguadiaro\/files\/2021\/02\/49903ea8-9ef7-41ff-b7cf-1f61b4846dd0.jpg\"><img loading=\"lazy\" decoding=\"async\" class=\"aligncenter size-medium wp-image-4381\" src=\"https:\/\/blogsaverroes.juntadeandalucia.es\/cprvalledelguadiaro\/files\/2021\/02\/49903ea8-9ef7-41ff-b7cf-1f61b4846dd0-300x225.jpg\" alt=\"\" width=\"300\" height=\"225\" srcset=\"https:\/\/blogsaverroes.juntadeandalucia.es\/cprvalledelguadiaro\/files\/2021\/02\/49903ea8-9ef7-41ff-b7cf-1f61b4846dd0-300x225.jpg 300w, https:\/\/blogsaverroes.juntadeandalucia.es\/cprvalledelguadiaro\/files\/2021\/02\/49903ea8-9ef7-41ff-b7cf-1f61b4846dd0-1024x768.jpg 1024w, https:\/\/blogsaverroes.juntadeandalucia.es\/cprvalledelguadiaro\/files\/2021\/02\/49903ea8-9ef7-41ff-b7cf-1f61b4846dd0-768x576.jpg 768w, https:\/\/blogsaverroes.juntadeandalucia.es\/cprvalledelguadiaro\/files\/2021\/02\/49903ea8-9ef7-41ff-b7cf-1f61b4846dd0-1536x1152.jpg 1536w, https:\/\/blogsaverroes.juntadeandalucia.es\/cprvalledelguadiaro\/files\/2021\/02\/49903ea8-9ef7-41ff-b7cf-1f61b4846dd0-700x525.jpg 700w, https:\/\/blogsaverroes.juntadeandalucia.es\/cprvalledelguadiaro\/files\/2021\/02\/49903ea8-9ef7-41ff-b7cf-1f61b4846dd0.jpg 1600w\" sizes=\"(max-width: 300px) 100vw, 300px\" \/><\/a><a href=\"https:\/\/blogsaverroes.juntadeandalucia.es\/cprvalledelguadiaro\/files\/2021\/02\/b0b84b2b-bf82-4c3d-9dbf-7bd567c42eae.jpg\"><img loading=\"lazy\" decoding=\"async\" class=\"aligncenter size-medium wp-image-4382\" src=\"https:\/\/blogsaverroes.juntadeandalucia.es\/cprvalledelguadiaro\/files\/2021\/02\/b0b84b2b-bf82-4c3d-9dbf-7bd567c42eae-300x225.jpg\" alt=\"\" width=\"300\" height=\"225\" srcset=\"https:\/\/blogsaverroes.juntadeandalucia.es\/cprvalledelguadiaro\/files\/2021\/02\/b0b84b2b-bf82-4c3d-9dbf-7bd567c42eae-300x225.jpg 300w, https:\/\/blogsaverroes.juntadeandalucia.es\/cprvalledelguadiaro\/files\/2021\/02\/b0b84b2b-bf82-4c3d-9dbf-7bd567c42eae-1024x768.jpg 1024w, https:\/\/blogsaverroes.juntadeandalucia.es\/cprvalledelguadiaro\/files\/2021\/02\/b0b84b2b-bf82-4c3d-9dbf-7bd567c42eae-768x576.jpg 768w, https:\/\/blogsaverroes.juntadeandalucia.es\/cprvalledelguadiaro\/files\/2021\/02\/b0b84b2b-bf82-4c3d-9dbf-7bd567c42eae-1536x1152.jpg 1536w, https:\/\/blogsaverroes.juntadeandalucia.es\/cprvalledelguadiaro\/files\/2021\/02\/b0b84b2b-bf82-4c3d-9dbf-7bd567c42eae-700x525.jpg 700w, https:\/\/blogsaverroes.juntadeandalucia.es\/cprvalledelguadiaro\/files\/2021\/02\/b0b84b2b-bf82-4c3d-9dbf-7bd567c42eae.jpg 1600w\" sizes=\"(max-width: 300px) 100vw, 300px\" \/><\/a><a href=\"https:\/\/blogsaverroes.juntadeandalucia.es\/cprvalledelguadiaro\/files\/2021\/02\/a8760015-f032-458c-bc78-6cbc96ea3df4.jpg\"><img loading=\"lazy\" decoding=\"async\" class=\"aligncenter size-medium wp-image-4383\" src=\"https:\/\/blogsaverroes.juntadeandalucia.es\/cprvalledelguadiaro\/files\/2021\/02\/a8760015-f032-458c-bc78-6cbc96ea3df4-225x300.jpg\" alt=\"\" width=\"225\" height=\"300\" srcset=\"https:\/\/blogsaverroes.juntadeandalucia.es\/cprvalledelguadiaro\/files\/2021\/02\/a8760015-f032-458c-bc78-6cbc96ea3df4-225x300.jpg 225w, https:\/\/blogsaverroes.juntadeandalucia.es\/cprvalledelguadiaro\/files\/2021\/02\/a8760015-f032-458c-bc78-6cbc96ea3df4-768x1024.jpg 768w, https:\/\/blogsaverroes.juntadeandalucia.es\/cprvalledelguadiaro\/files\/2021\/02\/a8760015-f032-458c-bc78-6cbc96ea3df4-1152x1536.jpg 1152w, https:\/\/blogsaverroes.juntadeandalucia.es\/cprvalledelguadiaro\/files\/2021\/02\/a8760015-f032-458c-bc78-6cbc96ea3df4-700x933.jpg 700w, https:\/\/blogsaverroes.juntadeandalucia.es\/cprvalledelguadiaro\/files\/2021\/02\/a8760015-f032-458c-bc78-6cbc96ea3df4.jpg 1200w\" sizes=\"(max-width: 225px) 100vw, 225px\" \/><\/a><a href=\"https:\/\/blogsaverroes.juntadeandalucia.es\/cprvalledelguadiaro\/files\/2021\/02\/6582cf06-e6d7-40a9-b6df-78b413effae6.jpg\"><br \/>\n<img loading=\"lazy\" decoding=\"async\" class=\"aligncenter size-medium wp-image-4384\" src=\"https:\/\/blogsaverroes.juntadeandalucia.es\/cprvalledelguadiaro\/files\/2021\/02\/6582cf06-e6d7-40a9-b6df-78b413effae6-225x300.jpg\" alt=\"\" width=\"225\" height=\"300\" srcset=\"https:\/\/blogsaverroes.juntadeandalucia.es\/cprvalledelguadiaro\/files\/2021\/02\/6582cf06-e6d7-40a9-b6df-78b413effae6-225x300.jpg 225w, https:\/\/blogsaverroes.juntadeandalucia.es\/cprvalledelguadiaro\/files\/2021\/02\/6582cf06-e6d7-40a9-b6df-78b413effae6-768x1024.jpg 768w, https:\/\/blogsaverroes.juntadeandalucia.es\/cprvalledelguadiaro\/files\/2021\/02\/6582cf06-e6d7-40a9-b6df-78b413effae6-1152x1536.jpg 1152w, https:\/\/blogsaverroes.juntadeandalucia.es\/cprvalledelguadiaro\/files\/2021\/02\/6582cf06-e6d7-40a9-b6df-78b413effae6-700x933.jpg 700w, https:\/\/blogsaverroes.juntadeandalucia.es\/cprvalledelguadiaro\/files\/2021\/02\/6582cf06-e6d7-40a9-b6df-78b413effae6.jpg 1200w\" sizes=\"(max-width: 225px) 100vw, 225px\" \/><\/a><\/p>\n<p>Y ahora s\u00ed, nos despedimos con tal despliegue de color y alegr\u00eda, de compa\u00f1erismo y solidaridad, de risas y de arte, pero no sin antes mandaros un fuerte abrazo y agradeceros vuestro valios\u00edsimo tiempo. Que disfrut\u00e9is de la Semana Blanca y&#8230; \u00a1\u00a1\u00a1hasta pronto!!!<\/p>\n","protected":false},"excerpt":{"rendered":"<p>Buenos y, por fin, soleados d\u00edas, queridos visitantes: Estamos ya oliendo a semana blanca, a un merecido y necesario descanso para seguir trabajando con fuerza durante el mes de marzo, pero, como es tradici\u00f3n&#46;&#46;&#46;<\/p>\n","protected":false},"author":4494,"featured_media":4380,"comment_status":"open","ping_status":"open","sticky":false,"template":"","format":"image","meta":{"ngg_post_thumbnail":0,"footnotes":""},"categories":[11909],"tags":[],"aioseo_notices":[],"_links":{"self":[{"href":"https:\/\/blogsaverroes.juntadeandalucia.es\/cprvalledelguadiaro\/index.php?rest_route=\/wp\/v2\/posts\/4360"}],"collection":[{"href":"https:\/\/blogsaverroes.juntadeandalucia.es\/cprvalledelguadiaro\/index.php?rest_route=\/wp\/v2\/posts"}],"about":[{"href":"https:\/\/blogsaverroes.juntadeandalucia.es\/cprvalledelguadiaro\/index.php?rest_route=\/wp\/v2\/types\/post"}],"author":[{"embeddable":true,"href":"https:\/\/blogsaverroes.juntadeandalucia.es\/cprvalledelguadiaro\/index.php?rest_route=\/wp\/v2\/users\/4494"}],"replies":[{"embeddable":true,"href":"https:\/\/blogsaverroes.juntadeandalucia.es\/cprvalledelguadiaro\/index.php?rest_route=%2Fwp%2Fv2%2Fcomments&post=4360"}],"version-history":[{"count":1,"href":"https:\/\/blogsaverroes.juntadeandalucia.es\/cprvalledelguadiaro\/index.php?rest_route=\/wp\/v2\/posts\/4360\/revisions"}],"predecessor-version":[{"id":4385,"href":"https:\/\/blogsaverroes.juntadeandalucia.es\/cprvalledelguadiaro\/index.php?rest_route=\/wp\/v2\/posts\/4360\/revisions\/4385"}],"wp:featuredmedia":[{"embeddable":true,"href":"https:\/\/blogsaverroes.juntadeandalucia.es\/cprvalledelguadiaro\/index.php?rest_route=\/wp\/v2\/media\/4380"}],"wp:attachment":[{"href":"https:\/\/blogsaverroes.juntadeandalucia.es\/cprvalledelguadiaro\/index.php?rest_route=%2Fwp%2Fv2%2Fmedia&parent=4360"}],"wp:term":[{"taxonomy":"category","embeddable":true,"href":"https:\/\/blogsaverroes.juntadeandalucia.es\/cprvalledelguadiaro\/index.php?rest_route=%2Fwp%2Fv2%2Fcategories&post=4360"},{"taxonomy":"post_tag","embeddable":true,"href":"https:\/\/blogsaverroes.juntadeandalucia.es\/cprvalledelguadiaro\/index.php?rest_route=%2Fwp%2Fv2%2Ftags&post=4360"}],"curies":[{"name":"wp","href":"https:\/\/api.w.org\/{rel}","templated":true}]}}