{"id":4387,"date":"2021-03-02T11:21:40","date_gmt":"2021-03-02T11:21:40","guid":{"rendered":"https:\/\/blogsaverroes.juntadeandalucia.es\/cprvalledelguadiaro\/?p=4387"},"modified":"2021-03-03T14:49:06","modified_gmt":"2021-03-03T14:49:06","slug":"matriculacion-para-el-curso-2021-2022","status":"publish","type":"post","link":"https:\/\/blogsaverroes.juntadeandalucia.es\/cprvalledelguadiaro\/?p=4387","title":{"rendered":"ADMISI\u00d3N Y ESCOLARIZACI\u00d3N PARA EL CURSO 2021-2022."},"content":{"rendered":"<p>Buenos d\u00edas, queridos lectores:<\/p>\n<p>Os adjuntamos informaci\u00f3n relativa a la admisi\u00f3n y escolarizaci\u00f3n para el pr\u00f3ximo curso, que se puede realizar del 1 al 31 de marzo.<\/p>\n<p>Os dejamos las Instrucciones de 25 de febrero de 2021, de la Viceconsejer\u00eda, sobre los procedimientos de admisi\u00f3n y matriculaci\u00f3n del alumnado en los centros docentes sostenidos con fondos p\u00fablicos para el curso escolar 2021\/22:<\/p>\n<p><a href=\"https:\/\/blogsaverroes.juntadeandalucia.es\/cprvalledelguadiaro\/files\/2021\/03\/Instrucciones-escolarizaci\u00f3n-2021-2022.pdf\">Instrucciones escolarizaci\u00f3n 2021-2022<\/a><\/p>\n<p>Ya sab\u00e9is que la escuela p\u00fablica es una opci\u00f3n maravillosa, inclusiva, igualitaria, de todos y todas, y para todos y todas. \u00a1Os esperamos!<\/p>\n<p><a href=\"https:\/\/blogsaverroes.juntadeandalucia.es\/cprvalledelguadiaro\/files\/2021\/03\/escolarizaci\u00f3n.jpg\"><img loading=\"lazy\" decoding=\"async\" class=\"aligncenter size-medium wp-image-4390\" src=\"https:\/\/blogsaverroes.juntadeandalucia.es\/cprvalledelguadiaro\/files\/2021\/03\/escolarizaci\u00f3n-300x169.jpg\" alt=\"\" width=\"300\" height=\"169\" srcset=\"https:\/\/blogsaverroes.juntadeandalucia.es\/cprvalledelguadiaro\/files\/2021\/03\/escolarizaci\u00f3n-300x169.jpg 300w, https:\/\/blogsaverroes.juntadeandalucia.es\/cprvalledelguadiaro\/files\/2021\/03\/escolarizaci\u00f3n-1024x576.jpg 1024w, https:\/\/blogsaverroes.juntadeandalucia.es\/cprvalledelguadiaro\/files\/2021\/03\/escolarizaci\u00f3n-768x432.jpg 768w, https:\/\/blogsaverroes.juntadeandalucia.es\/cprvalledelguadiaro\/files\/2021\/03\/escolarizaci\u00f3n-1536x864.jpg 1536w, https:\/\/blogsaverroes.juntadeandalucia.es\/cprvalledelguadiaro\/files\/2021\/03\/escolarizaci\u00f3n-700x393.jpg 700w, https:\/\/blogsaverroes.juntadeandalucia.es\/cprvalledelguadiaro\/files\/2021\/03\/escolarizaci\u00f3n.jpg 1600w\" sizes=\"(max-width: 300px) 100vw, 300px\" \/><\/a><\/p>\n","protected":false},"excerpt":{"rendered":"<p>Buenos d\u00edas, queridos lectores: Os adjuntamos informaci\u00f3n relativa a la admisi\u00f3n y escolarizaci\u00f3n para el pr\u00f3ximo curso, que se puede realizar del 1 al 31 de marzo. Os dejamos las Instrucciones de 25 de&#46;&#46;&#46;<\/p>\n","protected":false},"author":4494,"featured_media":0,"comment_status":"open","ping_status":"open","sticky":false,"template":"","format":"image","meta":{"ngg_post_thumbnail":0,"footnotes":""},"categories":[11909],"tags":[],"aioseo_notices":[],"_links":{"self":[{"href":"https:\/\/blogsaverroes.juntadeandalucia.es\/cprvalledelguadiaro\/index.php?rest_route=\/wp\/v2\/posts\/4387"}],"collection":[{"href":"https:\/\/blogsaverroes.juntadeandalucia.es\/cprvalledelguadiaro\/index.php?rest_route=\/wp\/v2\/posts"}],"about":[{"href":"https:\/\/blogsaverroes.juntadeandalucia.es\/cprvalledelguadiaro\/index.php?rest_route=\/wp\/v2\/types\/post"}],"author":[{"embeddable":true,"href":"https:\/\/blogsaverroes.juntadeandalucia.es\/cprvalledelguadiaro\/index.php?rest_route=\/wp\/v2\/users\/4494"}],"replies":[{"embeddable":true,"href":"https:\/\/blogsaverroes.juntadeandalucia.es\/cprvalledelguadiaro\/index.php?rest_route=%2Fwp%2Fv2%2Fcomments&post=4387"}],"version-history":[{"count":2,"href":"https:\/\/blogsaverroes.juntadeandalucia.es\/cprvalledelguadiaro\/index.php?rest_route=\/wp\/v2\/posts\/4387\/revisions"}],"predecessor-version":[{"id":4392,"href":"https:\/\/blogsaverroes.juntadeandalucia.es\/cprvalledelguadiaro\/index.php?rest_route=\/wp\/v2\/posts\/4387\/revisions\/4392"}],"wp:attachment":[{"href":"https:\/\/blogsaverroes.juntadeandalucia.es\/cprvalledelguadiaro\/index.php?rest_route=%2Fwp%2Fv2%2Fmedia&parent=4387"}],"wp:term":[{"taxonomy":"category","embeddable":true,"href":"https:\/\/blogsaverroes.juntadeandalucia.es\/cprvalledelguadiaro\/index.php?rest_route=%2Fwp%2Fv2%2Fcategories&post=4387"},{"taxonomy":"post_tag","embeddable":true,"href":"https:\/\/blogsaverroes.juntadeandalucia.es\/cprvalledelguadiaro\/index.php?rest_route=%2Fwp%2Fv2%2Ftags&post=4387"}],"curies":[{"name":"wp","href":"https:\/\/api.w.org\/{rel}","templated":true}]}}