{"id":4393,"date":"2021-03-04T09:47:07","date_gmt":"2021-03-04T09:47:07","guid":{"rendered":"https:\/\/blogsaverroes.juntadeandalucia.es\/cprvalledelguadiaro\/?p=4393"},"modified":"2021-03-05T11:14:21","modified_gmt":"2021-03-05T11:14:21","slug":"reto-deportivo-semana-1","status":"publish","type":"post","link":"https:\/\/blogsaverroes.juntadeandalucia.es\/cprvalledelguadiaro\/?p=4393","title":{"rendered":"RETO DEPORTIVO: SEMANA 1"},"content":{"rendered":"<p>\u00a1Buenos d\u00edas, navegantes!<\/p>\n<p>Hace una semana os lanzamos un reto deportivo, en el que os ped\u00edamos a toda la Comunidad Educativa que os atrevieseis a mandarnos im\u00e1genes de aquellas actividades f\u00edsicas y\/o deportivas que hag\u00e1is cada semana, porque queremos llegar a los 300 retos de aqu\u00ed a final de curso. Cuenta como reto conseguido cada d\u00eda de actividad y de cada uno de vosotros, es decir, si hay dos hermanos en las im\u00e1genes, no es un reto, si no dos, ya que cada persona es independiente. Y si es una familia con un solo ni\u00f1o o ni\u00f1a, entonces es un reto conseguido, \u00bfok, makey?<\/p>\n<p>Esta semana han participado (o al menos nos lo han hecho llegar) las siguientes personas: Izan y sus papis, Nayara, Nicol\u00e1s y su familia, Sherezade, Andrea Caballero, Ana Jara, Yeray, Unai y Kevin (que el a\u00f1o que viene ya ser\u00e1 parte de nuestro colegio), Dylan y Violeta con sus papis, Juan y sus pap\u00e1s, Desir\u00e9e, Antonio, Guillermo y V\u00edctor con sus padres, las se\u00f1os Carmen, Alba, Mar\u00eda Villanueva y Maite con su mam\u00e1 y \u00c1frica (porque, aunque dormida, iba en la mochila mientras la se\u00f1o Maite andaba como una loca). Y editamos la entrada para adjuntar m\u00e1s im\u00e1genes, en este caso de Candela y su familia y de la se\u00f1o Teresa, que tambi\u00e9n han hecho sus caminatas por la naturaleza, ejercitando as\u00ed su cuerpo.&nbsp;<\/p>\n<p>Hoy os adjuntamos una galer\u00eda de im\u00e1genes,&nbsp; completando un total de 26 retos conseguidos (ya que tres de los participantes han mandado fotos de dos d\u00edas distintos), \u00a1ya solo nos quedan 274 retos m\u00e1s! \u00bfSeremos capaces de conseguirlos? (Si pon\u00e9is el rat\u00f3n encima de las im\u00e1genes, ver\u00e9is la descripci\u00f3n de cada una de ellas). Adem\u00e1s, os adjuntamos el enlace de dos v\u00eddeos impresionantes, de la se\u00f1o Mar\u00eda y del maestro Sergio esquiando y haciendo snow respectivamente, en los que, si pinch\u00e1is, podr\u00e9is verles en acci\u00f3n.<\/p>\n<p><a href=\"https:\/\/drive.google.com\/file\/d\/1822A5dD-IhWdkg1UE8-qJNFLDo3aJ_eu\/view?usp=sharing\">https:\/\/drive.google.com\/file\/d\/1822A5dD-IhWdkg1UE8-qJNFLDo3aJ_eu\/view?usp=sharing<\/a><\/p>\n<p><a href=\"https:\/\/drive.google.com\/file\/d\/1cEk31p2vgZvy9zr2FpUDOkoL0XPKCb9E\/view?usp=sharing\">https:\/\/drive.google.com\/file\/d\/1cEk31p2vgZvy9zr2FpUDOkoL0XPKCb9E\/view?usp=sharing<\/a><\/p>\n<p>&nbsp;<\/p>\nngg_shortcode_0_placeholder\n<p>Esperamos que os hayan gustado las fotos que hemos colgado (no hemos puesto todas, ya que hemos recibido varias de cada familia y de cada d\u00eda, as\u00ed que iremos seleccionando las m\u00e1s representativas). \u00a1Vaya vistas! \u00a1Y qu\u00e9 de gente guapa, por favor!<\/p>\n<p>Ya sab\u00e9is, seguimos esperando vuestras im\u00e1genes con ganas e ilusi\u00f3n, porque as\u00ed demostraremos que somos un cole muy activo y sano, que es de lo que se trata. \u00a1A seguir movi\u00e9ndoos! \u00a1Estamos vivos porque estamos en movimiento!<\/p>\n<p>Much\u00edsimas gracias por vuestro tiempo y&#8230; \u00a1hasta pronto!<\/p>\n","protected":false},"excerpt":{"rendered":"<p>\u00a1Buenos d\u00edas, navegantes! Hace una semana os lanzamos un reto deportivo, en el que os ped\u00edamos a toda la Comunidad Educativa que os atrevieseis a mandarnos im\u00e1genes de aquellas actividades f\u00edsicas y\/o deportivas que&#46;&#46;&#46;<\/p>\n","protected":false},"author":4494,"featured_media":4436,"comment_status":"open","ping_status":"open","sticky":false,"template":"","format":"image","meta":{"ngg_post_thumbnail":0,"footnotes":""},"categories":[11909],"tags":[1025058],"aioseo_notices":[],"_links":{"self":[{"href":"https:\/\/blogsaverroes.juntadeandalucia.es\/cprvalledelguadiaro\/index.php?rest_route=\/wp\/v2\/posts\/4393"}],"collection":[{"href":"https:\/\/blogsaverroes.juntadeandalucia.es\/cprvalledelguadiaro\/index.php?rest_route=\/wp\/v2\/posts"}],"about":[{"href":"https:\/\/blogsaverroes.juntadeandalucia.es\/cprvalledelguadiaro\/index.php?rest_route=\/wp\/v2\/types\/post"}],"author":[{"embeddable":true,"href":"https:\/\/blogsaverroes.juntadeandalucia.es\/cprvalledelguadiaro\/index.php?rest_route=\/wp\/v2\/users\/4494"}],"replies":[{"embeddable":true,"href":"https:\/\/blogsaverroes.juntadeandalucia.es\/cprvalledelguadiaro\/index.php?rest_route=%2Fwp%2Fv2%2Fcomments&post=4393"}],"version-history":[{"count":12,"href":"https:\/\/blogsaverroes.juntadeandalucia.es\/cprvalledelguadiaro\/index.php?rest_route=\/wp\/v2\/posts\/4393\/revisions"}],"predecessor-version":[{"id":4455,"href":"https:\/\/blogsaverroes.juntadeandalucia.es\/cprvalledelguadiaro\/index.php?rest_route=\/wp\/v2\/posts\/4393\/revisions\/4455"}],"wp:featuredmedia":[{"embeddable":true,"href":"https:\/\/blogsaverroes.juntadeandalucia.es\/cprvalledelguadiaro\/index.php?rest_route=\/wp\/v2\/media\/4436"}],"wp:attachment":[{"href":"https:\/\/blogsaverroes.juntadeandalucia.es\/cprvalledelguadiaro\/index.php?rest_route=%2Fwp%2Fv2%2Fmedia&parent=4393"}],"wp:term":[{"taxonomy":"category","embeddable":true,"href":"https:\/\/blogsaverroes.juntadeandalucia.es\/cprvalledelguadiaro\/index.php?rest_route=%2Fwp%2Fv2%2Fcategories&post=4393"},{"taxonomy":"post_tag","embeddable":true,"href":"https:\/\/blogsaverroes.juntadeandalucia.es\/cprvalledelguadiaro\/index.php?rest_route=%2Fwp%2Fv2%2Ftags&post=4393"}],"curies":[{"name":"wp","href":"https:\/\/api.w.org\/{rel}","templated":true}]}}