{"id":4591,"date":"2021-03-26T10:39:07","date_gmt":"2021-03-26T10:39:07","guid":{"rendered":"https:\/\/blogsaverroes.juntadeandalucia.es\/cprvalledelguadiaro\/?p=4591"},"modified":"2021-03-26T10:39:07","modified_gmt":"2021-03-26T10:39:07","slug":"consumo-de-fruta-en-el-2o-trimestre","status":"publish","type":"post","link":"https:\/\/blogsaverroes.juntadeandalucia.es\/cprvalledelguadiaro\/?p=4591","title":{"rendered":"CONSUMO DE FRUTA EN EL 2\u00ba TRIMESTRE"},"content":{"rendered":"<p>Buenos d\u00edas, visitantes queridos:<\/p>\n<p>No, hoy no es jueves, pero queremos contaros la cantidad de fruta que hemos consumido durante este 2\u00ba trimestre.&nbsp;<\/p>\n<p>Fijaos que, pese a ser el trimestre m\u00e1s corto porque tenemos la semana blanca por medio, y contando con alg\u00fan que otro confinamiento y ausencias varias por otros temas, han salido unos n\u00fameros muy muy buenos. Primero os vamos a dejar las fotos de los \u00abfrut\u00edmetros\u00bb de cada clase, donde vamos poniendo puntos por cada d\u00eda y discente que trae fruta o verdura. Ver\u00e9is que est\u00e1n preciosos y muy rellenos de puntitos&#8230;<\/p>\n<p><a href=\"https:\/\/blogsaverroes.juntadeandalucia.es\/cprvalledelguadiaro\/files\/2021\/03\/619d3132-47c1-43ef-9a03-8f1fa402f195.jpg\"><img loading=\"lazy\" decoding=\"async\" class=\"aligncenter size-medium wp-image-4592\" src=\"https:\/\/blogsaverroes.juntadeandalucia.es\/cprvalledelguadiaro\/files\/2021\/03\/619d3132-47c1-43ef-9a03-8f1fa402f195-300x169.jpg\" alt=\"\" width=\"300\" height=\"169\" srcset=\"https:\/\/blogsaverroes.juntadeandalucia.es\/cprvalledelguadiaro\/files\/2021\/03\/619d3132-47c1-43ef-9a03-8f1fa402f195-300x169.jpg 300w, https:\/\/blogsaverroes.juntadeandalucia.es\/cprvalledelguadiaro\/files\/2021\/03\/619d3132-47c1-43ef-9a03-8f1fa402f195-1024x576.jpg 1024w, https:\/\/blogsaverroes.juntadeandalucia.es\/cprvalledelguadiaro\/files\/2021\/03\/619d3132-47c1-43ef-9a03-8f1fa402f195-768x432.jpg 768w, https:\/\/blogsaverroes.juntadeandalucia.es\/cprvalledelguadiaro\/files\/2021\/03\/619d3132-47c1-43ef-9a03-8f1fa402f195-1536x864.jpg 1536w, https:\/\/blogsaverroes.juntadeandalucia.es\/cprvalledelguadiaro\/files\/2021\/03\/619d3132-47c1-43ef-9a03-8f1fa402f195-700x393.jpg 700w, https:\/\/blogsaverroes.juntadeandalucia.es\/cprvalledelguadiaro\/files\/2021\/03\/619d3132-47c1-43ef-9a03-8f1fa402f195.jpg 1600w\" sizes=\"(max-width: 300px) 100vw, 300px\" \/><\/a> <a href=\"https:\/\/blogsaverroes.juntadeandalucia.es\/cprvalledelguadiaro\/files\/2021\/03\/IMG-6091-scaled.jpg\"><img loading=\"lazy\" decoding=\"async\" class=\"aligncenter size-medium wp-image-4593\" src=\"https:\/\/blogsaverroes.juntadeandalucia.es\/cprvalledelguadiaro\/files\/2021\/03\/IMG-6091-300x225.jpg\" alt=\"\" width=\"300\" height=\"225\" srcset=\"https:\/\/blogsaverroes.juntadeandalucia.es\/cprvalledelguadiaro\/files\/2021\/03\/IMG-6091-300x225.jpg 300w, https:\/\/blogsaverroes.juntadeandalucia.es\/cprvalledelguadiaro\/files\/2021\/03\/IMG-6091-1024x768.jpg 1024w, https:\/\/blogsaverroes.juntadeandalucia.es\/cprvalledelguadiaro\/files\/2021\/03\/IMG-6091-768x576.jpg 768w, https:\/\/blogsaverroes.juntadeandalucia.es\/cprvalledelguadiaro\/files\/2021\/03\/IMG-6091-1536x1152.jpg 1536w, https:\/\/blogsaverroes.juntadeandalucia.es\/cprvalledelguadiaro\/files\/2021\/03\/IMG-6091-2048x1536.jpg 2048w, https:\/\/blogsaverroes.juntadeandalucia.es\/cprvalledelguadiaro\/files\/2021\/03\/IMG-6091-700x525.jpg 700w, https:\/\/blogsaverroes.juntadeandalucia.es\/cprvalledelguadiaro\/files\/2021\/03\/IMG-6091-scaled.jpg 1600w\" sizes=\"(max-width: 300px) 100vw, 300px\" \/><\/a> <a href=\"https:\/\/blogsaverroes.juntadeandalucia.es\/cprvalledelguadiaro\/files\/2021\/03\/e6c4eefc-5b55-4d4d-ade0-dbbc9a8999d6.jpg\"><img loading=\"lazy\" decoding=\"async\" class=\"aligncenter size-medium wp-image-4594\" src=\"https:\/\/blogsaverroes.juntadeandalucia.es\/cprvalledelguadiaro\/files\/2021\/03\/e6c4eefc-5b55-4d4d-ade0-dbbc9a8999d6-300x169.jpg\" alt=\"\" width=\"300\" height=\"169\" srcset=\"https:\/\/blogsaverroes.juntadeandalucia.es\/cprvalledelguadiaro\/files\/2021\/03\/e6c4eefc-5b55-4d4d-ade0-dbbc9a8999d6-300x169.jpg 300w, https:\/\/blogsaverroes.juntadeandalucia.es\/cprvalledelguadiaro\/files\/2021\/03\/e6c4eefc-5b55-4d4d-ade0-dbbc9a8999d6-1024x576.jpg 1024w, https:\/\/blogsaverroes.juntadeandalucia.es\/cprvalledelguadiaro\/files\/2021\/03\/e6c4eefc-5b55-4d4d-ade0-dbbc9a8999d6-768x432.jpg 768w, https:\/\/blogsaverroes.juntadeandalucia.es\/cprvalledelguadiaro\/files\/2021\/03\/e6c4eefc-5b55-4d4d-ade0-dbbc9a8999d6-1536x864.jpg 1536w, https:\/\/blogsaverroes.juntadeandalucia.es\/cprvalledelguadiaro\/files\/2021\/03\/e6c4eefc-5b55-4d4d-ade0-dbbc9a8999d6-700x393.jpg 700w, https:\/\/blogsaverroes.juntadeandalucia.es\/cprvalledelguadiaro\/files\/2021\/03\/e6c4eefc-5b55-4d4d-ade0-dbbc9a8999d6.jpg 1600w\" sizes=\"(max-width: 300px) 100vw, 300px\" \/><\/a> <a href=\"https:\/\/blogsaverroes.juntadeandalucia.es\/cprvalledelguadiaro\/files\/2021\/03\/33485af9-4fce-443f-b779-4a96fb41495d.jpg\"><img loading=\"lazy\" decoding=\"async\" class=\"aligncenter size-medium wp-image-4595\" src=\"https:\/\/blogsaverroes.juntadeandalucia.es\/cprvalledelguadiaro\/files\/2021\/03\/33485af9-4fce-443f-b779-4a96fb41495d-300x233.jpg\" alt=\"\" width=\"300\" height=\"233\" srcset=\"https:\/\/blogsaverroes.juntadeandalucia.es\/cprvalledelguadiaro\/files\/2021\/03\/33485af9-4fce-443f-b779-4a96fb41495d-300x233.jpg 300w, https:\/\/blogsaverroes.juntadeandalucia.es\/cprvalledelguadiaro\/files\/2021\/03\/33485af9-4fce-443f-b779-4a96fb41495d-1024x795.jpg 1024w, https:\/\/blogsaverroes.juntadeandalucia.es\/cprvalledelguadiaro\/files\/2021\/03\/33485af9-4fce-443f-b779-4a96fb41495d-768x596.jpg 768w, https:\/\/blogsaverroes.juntadeandalucia.es\/cprvalledelguadiaro\/files\/2021\/03\/33485af9-4fce-443f-b779-4a96fb41495d-1536x1192.jpg 1536w, https:\/\/blogsaverroes.juntadeandalucia.es\/cprvalledelguadiaro\/files\/2021\/03\/33485af9-4fce-443f-b779-4a96fb41495d-700x543.jpg 700w, https:\/\/blogsaverroes.juntadeandalucia.es\/cprvalledelguadiaro\/files\/2021\/03\/33485af9-4fce-443f-b779-4a96fb41495d.jpg 1600w\" sizes=\"(max-width: 300px) 100vw, 300px\" \/><\/a> <a href=\"https:\/\/blogsaverroes.juntadeandalucia.es\/cprvalledelguadiaro\/files\/2021\/03\/8db602b5-2163-44da-9b36-189a673b0ea0.jpg\"><img loading=\"lazy\" decoding=\"async\" class=\"aligncenter size-medium wp-image-4596\" src=\"https:\/\/blogsaverroes.juntadeandalucia.es\/cprvalledelguadiaro\/files\/2021\/03\/8db602b5-2163-44da-9b36-189a673b0ea0-300x225.jpg\" alt=\"\" width=\"300\" height=\"225\" srcset=\"https:\/\/blogsaverroes.juntadeandalucia.es\/cprvalledelguadiaro\/files\/2021\/03\/8db602b5-2163-44da-9b36-189a673b0ea0-300x225.jpg 300w, https:\/\/blogsaverroes.juntadeandalucia.es\/cprvalledelguadiaro\/files\/2021\/03\/8db602b5-2163-44da-9b36-189a673b0ea0-1024x768.jpg 1024w, https:\/\/blogsaverroes.juntadeandalucia.es\/cprvalledelguadiaro\/files\/2021\/03\/8db602b5-2163-44da-9b36-189a673b0ea0-768x576.jpg 768w, https:\/\/blogsaverroes.juntadeandalucia.es\/cprvalledelguadiaro\/files\/2021\/03\/8db602b5-2163-44da-9b36-189a673b0ea0-1536x1153.jpg 1536w, https:\/\/blogsaverroes.juntadeandalucia.es\/cprvalledelguadiaro\/files\/2021\/03\/8db602b5-2163-44da-9b36-189a673b0ea0-700x525.jpg 700w, https:\/\/blogsaverroes.juntadeandalucia.es\/cprvalledelguadiaro\/files\/2021\/03\/8db602b5-2163-44da-9b36-189a673b0ea0.jpg 1599w\" sizes=\"(max-width: 300px) 100vw, 300px\" \/><\/a> <a href=\"https:\/\/blogsaverroes.juntadeandalucia.es\/cprvalledelguadiaro\/files\/2021\/03\/IMG-6085-scaled.jpg\"><img loading=\"lazy\" decoding=\"async\" class=\"aligncenter size-medium wp-image-4597\" src=\"https:\/\/blogsaverroes.juntadeandalucia.es\/cprvalledelguadiaro\/files\/2021\/03\/IMG-6085-300x225.jpg\" alt=\"\" width=\"300\" height=\"225\" srcset=\"https:\/\/blogsaverroes.juntadeandalucia.es\/cprvalledelguadiaro\/files\/2021\/03\/IMG-6085-300x225.jpg 300w, https:\/\/blogsaverroes.juntadeandalucia.es\/cprvalledelguadiaro\/files\/2021\/03\/IMG-6085-1024x768.jpg 1024w, https:\/\/blogsaverroes.juntadeandalucia.es\/cprvalledelguadiaro\/files\/2021\/03\/IMG-6085-768x576.jpg 768w, https:\/\/blogsaverroes.juntadeandalucia.es\/cprvalledelguadiaro\/files\/2021\/03\/IMG-6085-1536x1152.jpg 1536w, https:\/\/blogsaverroes.juntadeandalucia.es\/cprvalledelguadiaro\/files\/2021\/03\/IMG-6085-2048x1536.jpg 2048w, https:\/\/blogsaverroes.juntadeandalucia.es\/cprvalledelguadiaro\/files\/2021\/03\/IMG-6085-700x525.jpg 700w, https:\/\/blogsaverroes.juntadeandalucia.es\/cprvalledelguadiaro\/files\/2021\/03\/IMG-6085-scaled.jpg 1600w\" sizes=\"(max-width: 300px) 100vw, 300px\" \/><\/a><\/p>\n<p>Y, por \u00faltimo, os contaremos que hemos sumado un total de 1571 piezas de fruta (y \u00a1ojo!, que ah\u00ed no estamos incluyendo las que toman los maestros y maestras, Jos\u00e9 Ram\u00f3n y Reme, que si no subir\u00edan las cifras sustancialmente). Os recordamos que somos un colegio de 44 discentes, as\u00ed que si hacemos una media, nos salen unas 35 piezas de fruta por alumno\/a a lo largo de este breve trimestre (y porque Daniela se acaba de incorporar, que seguro que ser\u00e1 otra frut(g)\u00edvora como sus compis). \u00a1Eso es genial! \u00a1Estamos muy orgullosos de nuestro alumnado!<\/p>\n<p>Y, ahora s\u00ed que s\u00ed, nos despedimos hasta despu\u00e9s de Semana Santa, mand\u00e1ndoos un abrazo energ\u00e9tico y agradeciendo vuestro valioso tiempo&#8230; \u00a1hasta pronto!<\/p>\n","protected":false},"excerpt":{"rendered":"<p>Buenos d\u00edas, visitantes queridos: No, hoy no es jueves, pero queremos contaros la cantidad de fruta que hemos consumido durante este 2\u00ba trimestre.&nbsp; Fijaos que, pese a ser el trimestre m\u00e1s corto porque tenemos&#46;&#46;&#46;<\/p>\n","protected":false},"author":4494,"featured_media":4596,"comment_status":"open","ping_status":"open","sticky":false,"template":"","format":"image","meta":{"ngg_post_thumbnail":0,"footnotes":""},"categories":[11909],"tags":[],"aioseo_notices":[],"_links":{"self":[{"href":"https:\/\/blogsaverroes.juntadeandalucia.es\/cprvalledelguadiaro\/index.php?rest_route=\/wp\/v2\/posts\/4591"}],"collection":[{"href":"https:\/\/blogsaverroes.juntadeandalucia.es\/cprvalledelguadiaro\/index.php?rest_route=\/wp\/v2\/posts"}],"about":[{"href":"https:\/\/blogsaverroes.juntadeandalucia.es\/cprvalledelguadiaro\/index.php?rest_route=\/wp\/v2\/types\/post"}],"author":[{"embeddable":true,"href":"https:\/\/blogsaverroes.juntadeandalucia.es\/cprvalledelguadiaro\/index.php?rest_route=\/wp\/v2\/users\/4494"}],"replies":[{"embeddable":true,"href":"https:\/\/blogsaverroes.juntadeandalucia.es\/cprvalledelguadiaro\/index.php?rest_route=%2Fwp%2Fv2%2Fcomments&post=4591"}],"version-history":[{"count":1,"href":"https:\/\/blogsaverroes.juntadeandalucia.es\/cprvalledelguadiaro\/index.php?rest_route=\/wp\/v2\/posts\/4591\/revisions"}],"predecessor-version":[{"id":4598,"href":"https:\/\/blogsaverroes.juntadeandalucia.es\/cprvalledelguadiaro\/index.php?rest_route=\/wp\/v2\/posts\/4591\/revisions\/4598"}],"wp:featuredmedia":[{"embeddable":true,"href":"https:\/\/blogsaverroes.juntadeandalucia.es\/cprvalledelguadiaro\/index.php?rest_route=\/wp\/v2\/media\/4596"}],"wp:attachment":[{"href":"https:\/\/blogsaverroes.juntadeandalucia.es\/cprvalledelguadiaro\/index.php?rest_route=%2Fwp%2Fv2%2Fmedia&parent=4591"}],"wp:term":[{"taxonomy":"category","embeddable":true,"href":"https:\/\/blogsaverroes.juntadeandalucia.es\/cprvalledelguadiaro\/index.php?rest_route=%2Fwp%2Fv2%2Fcategories&post=4591"},{"taxonomy":"post_tag","embeddable":true,"href":"https:\/\/blogsaverroes.juntadeandalucia.es\/cprvalledelguadiaro\/index.php?rest_route=%2Fwp%2Fv2%2Ftags&post=4591"}],"curies":[{"name":"wp","href":"https:\/\/api.w.org\/{rel}","templated":true}]}}