{"id":4599,"date":"2021-04-08T08:31:29","date_gmt":"2021-04-08T08:31:29","guid":{"rendered":"https:\/\/blogsaverroes.juntadeandalucia.es\/cprvalledelguadiaro\/?p=4599"},"modified":"2021-04-08T08:31:29","modified_gmt":"2021-04-08T08:31:29","slug":"reto-deportivo-semana-5","status":"publish","type":"post","link":"https:\/\/blogsaverroes.juntadeandalucia.es\/cprvalledelguadiaro\/?p=4599","title":{"rendered":"RETO DEPORTIVO: SEMANA 5"},"content":{"rendered":"<p>Buenos d\u00edas, queridos visitantes&#8230; \u00a1ya estamos en el tercer trimestre! El tiempo se est\u00e1 pasando demasiado r\u00e1pido, y eso que pens\u00e1bamos que ser\u00eda un a\u00f1o aburrido, muy dif\u00edcil, mon\u00f3tono&#8230; y, sin embargo, aqu\u00ed estamos, sin parar de hacer cosas, de aprender, de divertirnos y de disfrutar.&nbsp;<\/p>\n<p>En esta ocasi\u00f3n, tal y como dijimos, queremos hacer un recuento de retos totales superados durante esta Semana Santa que, dadas las circunstancias, ha sido muy propicia para hacer actividad f\u00edsica. Y&#8230; \u00a1es incre\u00edble la respuesta que hemos tenido! \u00a1Ha sido alucinante la cantidad emails que hemos ido recibiendo d\u00eda tras d\u00eda! Esta semana merece una menci\u00f3n especial, as\u00ed que, adem\u00e1s de la galer\u00eda de fotos, queremos nombrar persona por persona con los retos totales que nos hab\u00e9is mandado (por favor, si nos hemos saltado alguno, contactad con la maestra Maite al mfajrod693@g.educaand.es , ya que han sido tantos los correos, que puede que alguno se nos haya pasado, \u00bfde acuerdo?). Comenzamos (por orden de recepci\u00f3n de mails):<\/p>\n<ul>\n<li>Crist\u00f3bal y su familia.<\/li>\n<li>Tercer ciclo de Ca\u00f1ada, jugando al pinfuvote durante los recreos, y donde participaron tambi\u00e9n los maestros Sergio y Maite.<\/li>\n<li>Candela, que se ha ido de ruta, ha saltado a la comba y ha jugado a la pelota.<\/li>\n<li>Se\u00f1o Maite que se ha ido de caminata por San Pedro de Alc\u00e1ntara mientras \u00c1frica dorm\u00eda en la mochila (y el maestro Dani estuvo surfeando), ha hecho rutas por Cortes y por Ca\u00f1ada, adem\u00e1s de haber entrenado un par de veces y de haber montado en patinete con M\u00aa Carmen,&nbsp;<span style=\"font-family: 'Open Sans', sans-serif;font-size: 15px;font-style: normal;font-weight: 400\">Sherezade y <\/span>Mar\u00eda (que ya est\u00e1 en el insti, pero a la que queremos un mont\u00f3n y echamos de menos).<\/li>\n<li>Maestro Sergio, que hizo la ruta nocturna con el alumnado de Jimera de L\u00edbar y sus familias.<\/li>\n<li>Julia, que es una s\u00faper deportista, y nos ha mandado retos de tres d\u00edas distintos.<\/li>\n<li>Se\u00f1o Lidia, que ha estado haciendo rutas varias por los tan preciosos montes que tenemos por aqu\u00ed.<\/li>\n<li>Antonio y Desir\u00e9e, que han estado caminando en familia, saltando en las colchonetas, subido a la Torre del Paso, hecho caminatas varias, cogido esp\u00e1rragos&#8230;&nbsp;<\/li>\n<li>La directora, Mar\u00eda, que ha hecho varias rutas, como la de las Chorreras de Faraj\u00e1n, y adem\u00e1s, en una de ellas, se encontr\u00f3 con Izan y su familia y con Nayara.&nbsp;<\/li>\n<li>Juan y Ariadna, que estuvieron caminando y jugando juntos.&nbsp;<\/li>\n<li>Juan que, adem\u00e1s, ha estado haciendo rutas con su familia, participando triplemente en el reto.<\/li>\n<li>Violeta y Dylan, que son incansables, y han participado tambi\u00e9n cinco veces en el reto.<\/li>\n<li>Carmen, que ha estado con sus amigos Dylan y Violeta jugando y trepando.&nbsp;<\/li>\n<li>Luc\u00eda y su familia, que han estado de caminata en un par de ocasiones.<\/li>\n<li>Nico, que nos ha mandado fotos por partida doble.<\/li>\n<li>Nayara, que ha estado haciendo senderismo.<\/li>\n<li>Izan, un nervio puro, participando tres veces en el reto.<\/li>\n<li>La se\u00f1o M\u00aa \u00c1ngeles, que ha hecho alguna ruta con su familia.<\/li>\n<li>El alumnado de Jimera, junto a sus familias, que han hecho dos rutas incre\u00edbles: la de las orqu\u00eddeas y la nocturna.<\/li>\n<li>La se\u00f1o Carmen, que ha estado cual saltimbanqui caminando por el monte a un ritmo vertiginoso.<\/li>\n<li>Sherezade y su familia, adem\u00e1s de Darian (alumno del maestro Dani), que les acompa\u00f1\u00f3 a la casa de piedra, as\u00ed como disfrutar del parque durante un d\u00eda soleado.<\/li>\n<li>Sof\u00eda y Hugo, que han estado de ruta con sus mamis.<\/li>\n<li>La se\u00f1o Alba, que se ha marcado una buena ruta senderista.<\/li>\n<li>Sandra, que ha participado en el reto por partida doble, paseando con su mascota y haciendo una ruta alucinante.<\/li>\n<li>Eidan y Liam, que han estado como dos cabritillas correteando por los montes, e incluso lanz\u00e1ndose como Tarz\u00e1n en una liana.<\/li>\n<li>Guillermo, V\u00edctor y su familia (incluyendo a nuestra querida Ainhoa, a la que queremos mucho y echamos de menos).<\/li>\n<li>Candela, Nico, Izan, Nayara, Sherezade, Sandra, Daiana y Luc\u00eda, que estuvieron juntos paseando y jugando en el parque.<\/li>\n<li>Sof\u00eda, que ha estado de caminata con su mami y su abuela.<\/li>\n<\/ul>\n<p>Os vamos a dejar la galer\u00eda de im\u00e1genes, para que disfrut\u00e9is de las vistas, de los paisajes, de las sonrisas y de todas las actividades que hemos realizado a lo largo de estas dos semanas.&nbsp;<\/p>\nngg_shortcode_0_placeholder\n<p>Queremos destacar que, adem\u00e1s, el d\u00eda 6 de abril fue el d\u00eda mundial de la actividad f\u00edsica, y recibimos m\u00e1s de 10 correos de distintas personas haciendo actividad f\u00edsica, lo cual nos enorgulleci\u00f3 a\u00fan m\u00e1s.<\/p>\n<p>Bueno, vamos a contaros qu\u00e9 tal va el recuento de retos. Durante estas dos semanas hemos recibido much\u00edsimas im\u00e1genes (no hemos subido todas, porque han sido m\u00e1s de 300, as\u00ed que hemos seleccionado la mayor\u00eda de ellas, pero por cuesti\u00f3n de log\u00edstica no han sido el 100% de las que nos hab\u00e9is enviado), con un total de 109 retos, que sumados a los 90 que ya hab\u00edamos completado, son 198 d\u00edas de actividad f\u00edsica, quedando por delante 101 retos que hemos de alcanzar&#8230; \u00a1pero lo vamos a conseguir! Es un hecho, puesto que nos quedan a\u00fan 10 semanas de clase, y al ritmo que llevamos, no solo lo vamos a conseguir, sino que lo vamos a superar con creces&#8230;\u00a1que el ritmo no pare!<\/p>\n<p>Ahora nos despedimos con un abrazo muy fuerte y agradeciendo vuestras visitas; ya sab\u00e9is que esta web es por y para vosotros y vosotras, y este curso nos ten\u00e9is s\u00faper orgullosos, ya que estamos superando todo aquello que nos proponemos. \u00a1Much\u00edsimas gracias y hasta pronto!<\/p>\n","protected":false},"excerpt":{"rendered":"<p>Buenos d\u00edas, queridos visitantes&#8230; \u00a1ya estamos en el tercer trimestre! El tiempo se est\u00e1 pasando demasiado r\u00e1pido, y eso que pens\u00e1bamos que ser\u00eda un a\u00f1o aburrido, muy dif\u00edcil, mon\u00f3tono&#8230; y, sin embargo, aqu\u00ed estamos,&#46;&#46;&#46;<\/p>\n","protected":false},"author":4494,"featured_media":4733,"comment_status":"open","ping_status":"open","sticky":false,"template":"","format":"image","meta":{"ngg_post_thumbnail":0,"footnotes":""},"categories":[11909],"tags":[],"aioseo_notices":[],"_links":{"self":[{"href":"https:\/\/blogsaverroes.juntadeandalucia.es\/cprvalledelguadiaro\/index.php?rest_route=\/wp\/v2\/posts\/4599"}],"collection":[{"href":"https:\/\/blogsaverroes.juntadeandalucia.es\/cprvalledelguadiaro\/index.php?rest_route=\/wp\/v2\/posts"}],"about":[{"href":"https:\/\/blogsaverroes.juntadeandalucia.es\/cprvalledelguadiaro\/index.php?rest_route=\/wp\/v2\/types\/post"}],"author":[{"embeddable":true,"href":"https:\/\/blogsaverroes.juntadeandalucia.es\/cprvalledelguadiaro\/index.php?rest_route=\/wp\/v2\/users\/4494"}],"replies":[{"embeddable":true,"href":"https:\/\/blogsaverroes.juntadeandalucia.es\/cprvalledelguadiaro\/index.php?rest_route=%2Fwp%2Fv2%2Fcomments&post=4599"}],"version-history":[{"count":2,"href":"https:\/\/blogsaverroes.juntadeandalucia.es\/cprvalledelguadiaro\/index.php?rest_route=\/wp\/v2\/posts\/4599\/revisions"}],"predecessor-version":[{"id":4734,"href":"https:\/\/blogsaverroes.juntadeandalucia.es\/cprvalledelguadiaro\/index.php?rest_route=\/wp\/v2\/posts\/4599\/revisions\/4734"}],"wp:featuredmedia":[{"embeddable":true,"href":"https:\/\/blogsaverroes.juntadeandalucia.es\/cprvalledelguadiaro\/index.php?rest_route=\/wp\/v2\/media\/4733"}],"wp:attachment":[{"href":"https:\/\/blogsaverroes.juntadeandalucia.es\/cprvalledelguadiaro\/index.php?rest_route=%2Fwp%2Fv2%2Fmedia&parent=4599"}],"wp:term":[{"taxonomy":"category","embeddable":true,"href":"https:\/\/blogsaverroes.juntadeandalucia.es\/cprvalledelguadiaro\/index.php?rest_route=%2Fwp%2Fv2%2Fcategories&post=4599"},{"taxonomy":"post_tag","embeddable":true,"href":"https:\/\/blogsaverroes.juntadeandalucia.es\/cprvalledelguadiaro\/index.php?rest_route=%2Fwp%2Fv2%2Ftags&post=4599"}],"curies":[{"name":"wp","href":"https:\/\/api.w.org\/{rel}","templated":true}]}}