{"id":4935,"date":"2021-05-13T08:18:22","date_gmt":"2021-05-13T08:18:22","guid":{"rendered":"https:\/\/blogsaverroes.juntadeandalucia.es\/cprvalledelguadiaro\/?p=4935"},"modified":"2021-05-13T09:02:23","modified_gmt":"2021-05-13T09:02:23","slug":"semana-10-del-reto-deportivo","status":"publish","type":"post","link":"https:\/\/blogsaverroes.juntadeandalucia.es\/cprvalledelguadiaro\/?p=4935","title":{"rendered":"SEMANA 10 DEL RETO DEPORTIVO"},"content":{"rendered":"<p>\u00a1Buenos d\u00edas a todo el mundo!<\/p>\n<p>Como cada semana, estamos aqu\u00ed para seguir revisando el reto deportivo que estamos llevando a cabo y que ya superamos en su primera parte, pero que hemos ampliado a 500 d\u00edas de actividad f\u00edsica. Y estamos s\u00faper seguros de que lo vamos a lograr&#8230; \u00a1ya lo ver\u00e9is!<\/p>\n<p>Vamos a enumerar a las personas que (por orden de recepci\u00f3n de mails) han participado esta semana. Como alumnas y alumnos han movido el esqueleto a base de bien Eidan y Liam, Violeta y Dylan, Sherezade con su mami, Carmen y Andrea con su mam\u00e1, Candela, M\u00aa Carmen y Andrea, Luc\u00eda, Sandra con su mam\u00e1, as\u00ed como algunos antiguos alumnos y alumnas que han aparecido en las fotos tan chulas que nos hab\u00e9is ido enviando. Respecto a maestras y maestro, han estado activos el maestro Sergio, la se\u00f1o Maite (una de las veces con su mami e hija), la se\u00f1o Lidia, la maestra Carmen, la se\u00f1o Alba y la se\u00f1o M\u00aa \u00c1ngeles. Os adjuntamos la galer\u00eda de im\u00e1genes, como siempre, antes de realizar el recuento correspondiente.<\/p>\nngg_shortcode_0_placeholder\n<p>Destacar que los discentes de tercer ciclo de Ca\u00f1ada, m\u00ednimo dos veces por semana, realizan partidos de pinfuvote durante los recreos, en los que participan la maestra Maite y el maestro Sergio, y que muchas ma\u00f1anas antes de entrar a clase, nos pegamos unos buenos bailoteos dirigidos por la se\u00f1o Maite y coreados con alta intensidad por la maestra Carmen. Prueba de ello es el v\u00eddeo que adjuntamos hoy, donde ver\u00e9is a Ana Jara y a la se\u00f1o Carmen con un movimiento de cadera que ya quisieran muchos bailarines de Broadway&#8230; \u00a1mirad, mirad!<\/p>\n<p><a href=\"https:\/\/drive.google.com\/file\/d\/182YgI_77FCvpTWnz1XIEdo99snOLYwFE\/view?usp=sharing\">https:\/\/drive.google.com\/file\/d\/182YgI_77FCvpTWnz1XIEdo99snOLYwFE\/view?usp=sharing<\/a><\/p>\n<p>As\u00ed que, haciendo recuento, esta semana han sido 38 retos (23 participantes, pero varios de ellos han mandado fotos de dos o tres d\u00edas distintos), sumados a los 317 de la semana anterior, hacen un total de 355 d\u00edas de actividad f\u00edsica. \u00a1Hemos de conseguir otros 145 d\u00edas m\u00e1s de movimiento&#8230; let&#8217;s do it!!!<\/p>\n<p>Much\u00edsimas gracias por vuestro tiempo, seguid movi\u00e9ndoos y cuid\u00e1ndoos y&#8230; \u00a1hasta pronto!<\/p>\n","protected":false},"excerpt":{"rendered":"<p>\u00a1Buenos d\u00edas a todo el mundo! Como cada semana, estamos aqu\u00ed para seguir revisando el reto deportivo que estamos llevando a cabo y que ya superamos en su primera parte, pero que hemos ampliado&#46;&#46;&#46;<\/p>\n","protected":false},"author":4494,"featured_media":4958,"comment_status":"open","ping_status":"open","sticky":false,"template":"","format":"image","meta":{"ngg_post_thumbnail":0,"footnotes":""},"categories":[11909],"tags":[],"aioseo_notices":[],"_links":{"self":[{"href":"https:\/\/blogsaverroes.juntadeandalucia.es\/cprvalledelguadiaro\/index.php?rest_route=\/wp\/v2\/posts\/4935"}],"collection":[{"href":"https:\/\/blogsaverroes.juntadeandalucia.es\/cprvalledelguadiaro\/index.php?rest_route=\/wp\/v2\/posts"}],"about":[{"href":"https:\/\/blogsaverroes.juntadeandalucia.es\/cprvalledelguadiaro\/index.php?rest_route=\/wp\/v2\/types\/post"}],"author":[{"embeddable":true,"href":"https:\/\/blogsaverroes.juntadeandalucia.es\/cprvalledelguadiaro\/index.php?rest_route=\/wp\/v2\/users\/4494"}],"replies":[{"embeddable":true,"href":"https:\/\/blogsaverroes.juntadeandalucia.es\/cprvalledelguadiaro\/index.php?rest_route=%2Fwp%2Fv2%2Fcomments&post=4935"}],"version-history":[{"count":5,"href":"https:\/\/blogsaverroes.juntadeandalucia.es\/cprvalledelguadiaro\/index.php?rest_route=\/wp\/v2\/posts\/4935\/revisions"}],"predecessor-version":[{"id":5000,"href":"https:\/\/blogsaverroes.juntadeandalucia.es\/cprvalledelguadiaro\/index.php?rest_route=\/wp\/v2\/posts\/4935\/revisions\/5000"}],"wp:featuredmedia":[{"embeddable":true,"href":"https:\/\/blogsaverroes.juntadeandalucia.es\/cprvalledelguadiaro\/index.php?rest_route=\/wp\/v2\/media\/4958"}],"wp:attachment":[{"href":"https:\/\/blogsaverroes.juntadeandalucia.es\/cprvalledelguadiaro\/index.php?rest_route=%2Fwp%2Fv2%2Fmedia&parent=4935"}],"wp:term":[{"taxonomy":"category","embeddable":true,"href":"https:\/\/blogsaverroes.juntadeandalucia.es\/cprvalledelguadiaro\/index.php?rest_route=%2Fwp%2Fv2%2Fcategories&post=4935"},{"taxonomy":"post_tag","embeddable":true,"href":"https:\/\/blogsaverroes.juntadeandalucia.es\/cprvalledelguadiaro\/index.php?rest_route=%2Fwp%2Fv2%2Ftags&post=4935"}],"curies":[{"name":"wp","href":"https:\/\/api.w.org\/{rel}","templated":true}]}}