{"id":5036,"date":"2021-05-27T08:54:52","date_gmt":"2021-05-27T08:54:52","guid":{"rendered":"https:\/\/blogsaverroes.juntadeandalucia.es\/cprvalledelguadiaro\/?p=5036"},"modified":"2021-05-27T08:57:54","modified_gmt":"2021-05-27T08:57:54","slug":"reto-deportivo-semana-12","status":"publish","type":"post","link":"https:\/\/blogsaverroes.juntadeandalucia.es\/cprvalledelguadiaro\/?p=5036","title":{"rendered":"RETO DEPORTIVO: SEMANA 12"},"content":{"rendered":"<p>Buenos (aunque nublados) d\u00edas, internautas queridos:<\/p>\n<p>Ya estamos a jueves (\u00bf\u00a1otra vez!?), as\u00ed que toca hacer un repaso por los d\u00edas de actividad f\u00edsica que hemos tenido por parte de toda la comunidad educativa. Esta semana, muy activa, por cierto, han participado las alumnas y alumnos Violeta y Dylan con su mami y abuela, Sherezade, M\u00aa Jos\u00e9, V\u00edctor, Guillermo, Izan, Sandra, M\u00aa Carmen, las hermanas Carmen y Andrea disfrutando del d\u00eda con su madre, Juan con su mam\u00e1, Nayara, Nicol\u00e1s, Dani, Daiana, Candela y Luc\u00eda as\u00ed como algunos primos y amigos que no pertenecen a nuestro colegio directamente, pero tambi\u00e9n son activos y han querido estar presentes; respecto a las se\u00f1os que han participado esta semana, est\u00e1n Maite, Alba, Carmen, Teresa y Lidia, y se estrena tambi\u00e9n la se\u00f1o Araceli (que sustituye a la maestra M\u00aa \u00c1ngeles en infantil de Jimera). Adem\u00e1s, tercer ciclo de Ca\u00f1ada est\u00e1 con sus recreos deportivos jugando a pinfuvote, donde tambi\u00e9n est\u00e1n inmersos en la liga el maestro Sergio y la se\u00f1o Maite, y hoy vamos a adjuntar un v\u00eddeo para que ve\u00e1is un partido de casi media hora en poco m\u00e1s de 20 segundos&#8230; \u00a1mola mogoll\u00f3n!<\/p>\nngg_shortcode_0_placeholder\n<p>Ahora os dejamos dos enlaces, uno con el que podr\u00e9is ver el partido de pinfuvote de tercer ciclo con los maestros Sergio y Maite, y otro con la meditaci\u00f3n que hizo la se\u00f1o Maite tras un entrenamiento, recordando la importancia de pararnos a respirar y a conectar con nosotros mismos aunque sea un par de minutos cada d\u00eda.&nbsp;<\/p>\n<p><a href=\"https:\/\/drive.google.com\/file\/d\/1qghNtHTCDOconCpu9_6rsj5KOxvVk_NU\/view?usp=sharing\">https:\/\/drive.google.com\/file\/d\/1qghNtHTCDOconCpu9_6rsj5KOxvVk_NU\/view?usp=sharing<\/a><\/p>\n<p><a href=\"https:\/\/drive.google.com\/file\/d\/1iLZAyjfldlGumpsOqBuqHwuznwV-y6nS\/view?usp=sharing\">https:\/\/drive.google.com\/file\/d\/1iLZAyjfldlGumpsOqBuqHwuznwV-y6nS\/view?usp=sharing<\/a><\/p>\n<p>Por tanto, haciendo recuento, esta semana hemos sido 25 participantes, de los cuales 5 han participado dos o m\u00e1s veces, sumando un total de 35 d\u00edas de actividad f\u00edsica y movimiento, que sumados a los 390 que ya hab\u00edamos alcanzado, hacen 425 d\u00edas de ejercicio f\u00edsico y salud. Por lo tanto, nos quedan por alcanzar otros 75 d\u00edas m\u00e1s de movimiento, y para ello disponemos de 3 semanas&#8230; \u00a1esto se pone interesante! \u00bfsuperaremos ese reto de 500 d\u00edas de movimiento en 15 semanas, siendo un cole tan chiquit\u00edn? \u00a1DE NOSOTRAS Y NOSOTROS DEPENDE! \u00a1HAY QUE SEGUIR MUY MUY ACTIVOS!<\/p>\n<p>Con energ\u00eda positiva y mucha esperanza, nos despedimos de vosotros con un fuerte abrazo y agradeciendo, como siempre, vuestras visitas. \u00a1Nos encanta compartir con toda la comunidad educativa nuestras actividades! As\u00ed que&#8230; \u00a1hasta pronto!<\/p>\n","protected":false},"excerpt":{"rendered":"<p>Buenos (aunque nublados) d\u00edas, internautas queridos: Ya estamos a jueves (\u00bf\u00a1otra vez!?), as\u00ed que toca hacer un repaso por los d\u00edas de actividad f\u00edsica que hemos tenido por parte de toda la comunidad educativa.&#46;&#46;&#46;<\/p>\n","protected":false},"author":4494,"featured_media":5072,"comment_status":"open","ping_status":"open","sticky":false,"template":"","format":"image","meta":{"ngg_post_thumbnail":0,"footnotes":""},"categories":[11909],"tags":[],"aioseo_notices":[],"_links":{"self":[{"href":"https:\/\/blogsaverroes.juntadeandalucia.es\/cprvalledelguadiaro\/index.php?rest_route=\/wp\/v2\/posts\/5036"}],"collection":[{"href":"https:\/\/blogsaverroes.juntadeandalucia.es\/cprvalledelguadiaro\/index.php?rest_route=\/wp\/v2\/posts"}],"about":[{"href":"https:\/\/blogsaverroes.juntadeandalucia.es\/cprvalledelguadiaro\/index.php?rest_route=\/wp\/v2\/types\/post"}],"author":[{"embeddable":true,"href":"https:\/\/blogsaverroes.juntadeandalucia.es\/cprvalledelguadiaro\/index.php?rest_route=\/wp\/v2\/users\/4494"}],"replies":[{"embeddable":true,"href":"https:\/\/blogsaverroes.juntadeandalucia.es\/cprvalledelguadiaro\/index.php?rest_route=%2Fwp%2Fv2%2Fcomments&post=5036"}],"version-history":[{"count":2,"href":"https:\/\/blogsaverroes.juntadeandalucia.es\/cprvalledelguadiaro\/index.php?rest_route=\/wp\/v2\/posts\/5036\/revisions"}],"predecessor-version":[{"id":5074,"href":"https:\/\/blogsaverroes.juntadeandalucia.es\/cprvalledelguadiaro\/index.php?rest_route=\/wp\/v2\/posts\/5036\/revisions\/5074"}],"wp:featuredmedia":[{"embeddable":true,"href":"https:\/\/blogsaverroes.juntadeandalucia.es\/cprvalledelguadiaro\/index.php?rest_route=\/wp\/v2\/media\/5072"}],"wp:attachment":[{"href":"https:\/\/blogsaverroes.juntadeandalucia.es\/cprvalledelguadiaro\/index.php?rest_route=%2Fwp%2Fv2%2Fmedia&parent=5036"}],"wp:term":[{"taxonomy":"category","embeddable":true,"href":"https:\/\/blogsaverroes.juntadeandalucia.es\/cprvalledelguadiaro\/index.php?rest_route=%2Fwp%2Fv2%2Fcategories&post=5036"},{"taxonomy":"post_tag","embeddable":true,"href":"https:\/\/blogsaverroes.juntadeandalucia.es\/cprvalledelguadiaro\/index.php?rest_route=%2Fwp%2Fv2%2Ftags&post=5036"}],"curies":[{"name":"wp","href":"https:\/\/api.w.org\/{rel}","templated":true}]}}