{"id":5075,"date":"2021-06-03T09:00:39","date_gmt":"2021-06-03T09:00:39","guid":{"rendered":"https:\/\/blogsaverroes.juntadeandalucia.es\/cprvalledelguadiaro\/?p=5075"},"modified":"2021-06-03T09:32:22","modified_gmt":"2021-06-03T09:32:22","slug":"reto-deportivo-semana-13","status":"publish","type":"post","link":"https:\/\/blogsaverroes.juntadeandalucia.es\/cprvalledelguadiaro\/?p=5075","title":{"rendered":"RETO DEPORTIVO: SEMANA 13"},"content":{"rendered":"<p>\u00a1Buenos d\u00edas, internautas!<\/p>\n<p>Como cada jueves, aqu\u00ed nos hallamos, dispuestos a hablar sobre nuestro reto deportivo y su evoluci\u00f3n a lo largo de los \u00faltimos 7 d\u00edas. Esta semana, adem\u00e1s, sumaremos los d\u00edas de actividad f\u00edsica que han realizado muchos de los discentes desde la propuesta que hizo la maestra Maite con motivo del d\u00eda de la actividad f\u00edsica y el deporte, adem\u00e1s de una excursi\u00f3n al r\u00edo de la clase de tercer ciclo, por lo que pinta m\u00e1s que interesante&#8230; \u00a1all\u00e1 vamos!<\/p>\n<p>Antes de mostraros la galer\u00eda de fotos y algunos v\u00eddeos, queremos nombrar a las y los deportistas que nos han mandado mails a lo largo de la semana, y han sido: Amira, Crist\u00f3bal, Dylan y Violeta, Julia, Luc\u00eda, Nayara, Sherezade, Izan, V\u00edctor, Guillermo, Candela, Juan, Ariadna, Nicol\u00e1s, Sandra, Daiana, Unai, Yeray, Eidan y Dani. Por parte de nuestras maestras y maestro, han participado la se\u00f1o Maite, la se\u00f1o Lidia, las maestras Alba, Carmen y Teresa, y el maestro Sergio.<\/p>\nngg_shortcode_0_placeholder\n<p>Y ahora queremos dejaros algunos enlaces de v\u00eddeos que nos han llegado, en los que podr\u00e9is ver c\u00f3mo nuestros mega deportistas hacen Yoga, Zumba&#8230;<\/p>\n<p><a href=\"https:\/\/drive.google.com\/file\/d\/1EEEBIhQyagJU9ZE5GMjzWQVZL_ebQ8wO\/view?usp=sharing\">https:\/\/drive.google.com\/file\/d\/1EEEBIhQyagJU9ZE5GMjzWQVZL_ebQ8wO\/view?usp=sharing<\/a><\/p>\n<p><a href=\"https:\/\/drive.google.com\/file\/d\/1gu6JPoEGU9_yYeRB007Gt9qKp_7-lN32\/view?usp=sharing\">https:\/\/drive.google.com\/file\/d\/1gu6JPoEGU9_yYeRB007Gt9qKp_7-lN32\/view?usp=sharing<\/a><\/p>\n<p><a href=\"https:\/\/drive.google.com\/file\/d\/1D5PGXI7spy3d-VKU7-7Ti7h32sJRp-BX\/view?usp=sharing\">https:\/\/drive.google.com\/file\/d\/1D5PGXI7spy3d-VKU7-7Ti7h32sJRp-BX\/view?usp=sharing<\/a><\/p>\n<p><a href=\"https:\/\/drive.google.com\/file\/d\/13qhvEm25bfSgArHlXh6789Upn5aOS8pV\/view?usp=sharing\">https:\/\/drive.google.com\/file\/d\/13qhvEm25bfSgArHlXh6789Upn5aOS8pV\/view?usp=sharing<\/a><\/p>\n<p><a href=\"https:\/\/drive.google.com\/file\/d\/1LGczEQ7mrWpvnqY7LU0moLt2kM72RcCx\/view?usp=sharing\">https:\/\/drive.google.com\/file\/d\/1LGczEQ7mrWpvnqY7LU0moLt2kM72RcCx\/view?usp=sharing<\/a><\/p>\n<p>Ahora vamos a hacer el recuento total: esta semana han participado 27 personas, de las cuales 11 han participado m\u00e1s de una vez, sumando as\u00ed 43 d\u00edas de actividad f\u00edsica, lo cual, al unirlo con los 425, hacen un total de 468 d\u00edas de movimiento&#8230; \u00a1ya solo nos quedan 32 d\u00edas para alcanzar nuestro reto definitivo! \u00a1PARECE QUE S\u00cd, QUE LO VAMOS A CONSEGUIR!<\/p>\n<p>As\u00ed que s\u00faper motivados, orgullosos y muy optimistas, nos despedimos hasta la semana que viene, agradeci\u00e9ndoos vuestra participaci\u00f3n y afirmando lo que ya sospech\u00e1bamos: SOMOS UNA COMUNIDAD EDUCATIVA MUY ACTIVA Y DEPORTISTA, y as\u00ed hemos de seguir, ya que solo tenemos un cuerpo y debemos cuidarlo a conciencia.&nbsp;<\/p>\n<p>Much\u00edsimas gracias por vuestro tiempo y&#8230; \u00a1hasta pronto!<\/p>\n","protected":false},"excerpt":{"rendered":"<p>\u00a1Buenos d\u00edas, internautas! Como cada jueves, aqu\u00ed nos hallamos, dispuestos a hablar sobre nuestro reto deportivo y su evoluci\u00f3n a lo largo de los \u00faltimos 7 d\u00edas. Esta semana, adem\u00e1s, sumaremos los d\u00edas de&#46;&#46;&#46;<\/p>\n","protected":false},"author":4494,"featured_media":5113,"comment_status":"open","ping_status":"open","sticky":false,"template":"","format":"image","meta":{"ngg_post_thumbnail":0,"footnotes":""},"categories":[11909],"tags":[],"aioseo_notices":[],"_links":{"self":[{"href":"https:\/\/blogsaverroes.juntadeandalucia.es\/cprvalledelguadiaro\/index.php?rest_route=\/wp\/v2\/posts\/5075"}],"collection":[{"href":"https:\/\/blogsaverroes.juntadeandalucia.es\/cprvalledelguadiaro\/index.php?rest_route=\/wp\/v2\/posts"}],"about":[{"href":"https:\/\/blogsaverroes.juntadeandalucia.es\/cprvalledelguadiaro\/index.php?rest_route=\/wp\/v2\/types\/post"}],"author":[{"embeddable":true,"href":"https:\/\/blogsaverroes.juntadeandalucia.es\/cprvalledelguadiaro\/index.php?rest_route=\/wp\/v2\/users\/4494"}],"replies":[{"embeddable":true,"href":"https:\/\/blogsaverroes.juntadeandalucia.es\/cprvalledelguadiaro\/index.php?rest_route=%2Fwp%2Fv2%2Fcomments&post=5075"}],"version-history":[{"count":5,"href":"https:\/\/blogsaverroes.juntadeandalucia.es\/cprvalledelguadiaro\/index.php?rest_route=\/wp\/v2\/posts\/5075\/revisions"}],"predecessor-version":[{"id":5137,"href":"https:\/\/blogsaverroes.juntadeandalucia.es\/cprvalledelguadiaro\/index.php?rest_route=\/wp\/v2\/posts\/5075\/revisions\/5137"}],"wp:featuredmedia":[{"embeddable":true,"href":"https:\/\/blogsaverroes.juntadeandalucia.es\/cprvalledelguadiaro\/index.php?rest_route=\/wp\/v2\/media\/5113"}],"wp:attachment":[{"href":"https:\/\/blogsaverroes.juntadeandalucia.es\/cprvalledelguadiaro\/index.php?rest_route=%2Fwp%2Fv2%2Fmedia&parent=5075"}],"wp:term":[{"taxonomy":"category","embeddable":true,"href":"https:\/\/blogsaverroes.juntadeandalucia.es\/cprvalledelguadiaro\/index.php?rest_route=%2Fwp%2Fv2%2Fcategories&post=5075"},{"taxonomy":"post_tag","embeddable":true,"href":"https:\/\/blogsaverroes.juntadeandalucia.es\/cprvalledelguadiaro\/index.php?rest_route=%2Fwp%2Fv2%2Ftags&post=5075"}],"curies":[{"name":"wp","href":"https:\/\/api.w.org\/{rel}","templated":true}]}}