{"id":5188,"date":"2021-06-17T09:59:00","date_gmt":"2021-06-17T09:59:00","guid":{"rendered":"https:\/\/blogsaverroes.juntadeandalucia.es\/cprvalledelguadiaro\/?p=5188"},"modified":"2021-06-17T09:59:00","modified_gmt":"2021-06-17T09:59:00","slug":"taller-sobre-las-emociones","status":"publish","type":"post","link":"https:\/\/blogsaverroes.juntadeandalucia.es\/cprvalledelguadiaro\/?p=5188","title":{"rendered":"TALLER SOBRE LAS EMOCIONES"},"content":{"rendered":"<p>Buenos d\u00edas, queridos visitantes:&nbsp;<\/p>\n<p>Hoy pasamos por aqu\u00ed a contaros un poco el \u00faltimo taller que hemos puesto en marcha, hace cosa de un mes, y que seguiremos desarrollando el pr\u00f3ximo curso. Se trata de un taller centrado en nuestras emociones, mediante el cual queremos aprender a reconocer, expresar y gestionar las emociones que vivimos en nuestro d\u00eda a d\u00eda, y todo ello lo realizamos cada ma\u00f1ana, a nivel de aula, con un material muy chulo que nos prepararon la se\u00f1o Carmen y Reme. Cada discente, de manera individual, escoge una o varias emociones que siente, explica al resto por qu\u00e9 se siente as\u00ed, y se hace una lluvia de ideas sobre todo ello. El profesorado y personal del centro, al entrar en cada aula, tambi\u00e9n participa en la actividad.&nbsp;<\/p>\n<p>Os vamos a dejar algunas fotos sacadas uno de los d\u00edas en el aula de tercer ciclo, aunque se realiza en todas las clases.<\/p>\n<p><a href=\"https:\/\/blogsaverroes.juntadeandalucia.es\/cprvalledelguadiaro\/files\/2021\/06\/IMG-7359-scaled.jpg\"><img loading=\"lazy\" decoding=\"async\" class=\"aligncenter size-medium wp-image-5189\" src=\"https:\/\/blogsaverroes.juntadeandalucia.es\/cprvalledelguadiaro\/files\/2021\/06\/IMG-7359-300x225.jpg\" alt=\"\" width=\"300\" height=\"225\" srcset=\"https:\/\/blogsaverroes.juntadeandalucia.es\/cprvalledelguadiaro\/files\/2021\/06\/IMG-7359-300x225.jpg 300w, https:\/\/blogsaverroes.juntadeandalucia.es\/cprvalledelguadiaro\/files\/2021\/06\/IMG-7359-1024x768.jpg 1024w, https:\/\/blogsaverroes.juntadeandalucia.es\/cprvalledelguadiaro\/files\/2021\/06\/IMG-7359-768x576.jpg 768w, https:\/\/blogsaverroes.juntadeandalucia.es\/cprvalledelguadiaro\/files\/2021\/06\/IMG-7359-1536x1152.jpg 1536w, https:\/\/blogsaverroes.juntadeandalucia.es\/cprvalledelguadiaro\/files\/2021\/06\/IMG-7359-2048x1536.jpg 2048w, https:\/\/blogsaverroes.juntadeandalucia.es\/cprvalledelguadiaro\/files\/2021\/06\/IMG-7359-700x525.jpg 700w, https:\/\/blogsaverroes.juntadeandalucia.es\/cprvalledelguadiaro\/files\/2021\/06\/IMG-7359-scaled.jpg 1600w\" sizes=\"(max-width: 300px) 100vw, 300px\" \/><\/a> <a href=\"https:\/\/blogsaverroes.juntadeandalucia.es\/cprvalledelguadiaro\/files\/2021\/06\/IMG-7360-scaled.jpg\"><img loading=\"lazy\" decoding=\"async\" class=\"aligncenter size-medium wp-image-5190\" src=\"https:\/\/blogsaverroes.juntadeandalucia.es\/cprvalledelguadiaro\/files\/2021\/06\/IMG-7360-300x225.jpg\" alt=\"\" width=\"300\" height=\"225\" srcset=\"https:\/\/blogsaverroes.juntadeandalucia.es\/cprvalledelguadiaro\/files\/2021\/06\/IMG-7360-300x225.jpg 300w, https:\/\/blogsaverroes.juntadeandalucia.es\/cprvalledelguadiaro\/files\/2021\/06\/IMG-7360-1024x768.jpg 1024w, https:\/\/blogsaverroes.juntadeandalucia.es\/cprvalledelguadiaro\/files\/2021\/06\/IMG-7360-768x576.jpg 768w, https:\/\/blogsaverroes.juntadeandalucia.es\/cprvalledelguadiaro\/files\/2021\/06\/IMG-7360-1536x1152.jpg 1536w, https:\/\/blogsaverroes.juntadeandalucia.es\/cprvalledelguadiaro\/files\/2021\/06\/IMG-7360-2048x1536.jpg 2048w, https:\/\/blogsaverroes.juntadeandalucia.es\/cprvalledelguadiaro\/files\/2021\/06\/IMG-7360-700x525.jpg 700w, https:\/\/blogsaverroes.juntadeandalucia.es\/cprvalledelguadiaro\/files\/2021\/06\/IMG-7360-scaled.jpg 1600w\" sizes=\"(max-width: 300px) 100vw, 300px\" \/><\/a> <a href=\"https:\/\/blogsaverroes.juntadeandalucia.es\/cprvalledelguadiaro\/files\/2021\/06\/IMG-7361-scaled.jpg\"><img loading=\"lazy\" decoding=\"async\" class=\"aligncenter size-medium wp-image-5191\" src=\"https:\/\/blogsaverroes.juntadeandalucia.es\/cprvalledelguadiaro\/files\/2021\/06\/IMG-7361-300x225.jpg\" alt=\"\" width=\"300\" height=\"225\" srcset=\"https:\/\/blogsaverroes.juntadeandalucia.es\/cprvalledelguadiaro\/files\/2021\/06\/IMG-7361-300x225.jpg 300w, https:\/\/blogsaverroes.juntadeandalucia.es\/cprvalledelguadiaro\/files\/2021\/06\/IMG-7361-1024x768.jpg 1024w, https:\/\/blogsaverroes.juntadeandalucia.es\/cprvalledelguadiaro\/files\/2021\/06\/IMG-7361-768x576.jpg 768w, https:\/\/blogsaverroes.juntadeandalucia.es\/cprvalledelguadiaro\/files\/2021\/06\/IMG-7361-1536x1152.jpg 1536w, https:\/\/blogsaverroes.juntadeandalucia.es\/cprvalledelguadiaro\/files\/2021\/06\/IMG-7361-2048x1536.jpg 2048w, https:\/\/blogsaverroes.juntadeandalucia.es\/cprvalledelguadiaro\/files\/2021\/06\/IMG-7361-700x525.jpg 700w, https:\/\/blogsaverroes.juntadeandalucia.es\/cprvalledelguadiaro\/files\/2021\/06\/IMG-7361-scaled.jpg 1600w\" sizes=\"(max-width: 300px) 100vw, 300px\" \/><\/a> <a href=\"https:\/\/blogsaverroes.juntadeandalucia.es\/cprvalledelguadiaro\/files\/2021\/06\/IMG-7362-scaled.jpg\"><img loading=\"lazy\" decoding=\"async\" class=\"aligncenter size-medium wp-image-5192\" src=\"https:\/\/blogsaverroes.juntadeandalucia.es\/cprvalledelguadiaro\/files\/2021\/06\/IMG-7362-300x225.jpg\" alt=\"\" width=\"300\" height=\"225\" srcset=\"https:\/\/blogsaverroes.juntadeandalucia.es\/cprvalledelguadiaro\/files\/2021\/06\/IMG-7362-300x225.jpg 300w, https:\/\/blogsaverroes.juntadeandalucia.es\/cprvalledelguadiaro\/files\/2021\/06\/IMG-7362-1024x768.jpg 1024w, https:\/\/blogsaverroes.juntadeandalucia.es\/cprvalledelguadiaro\/files\/2021\/06\/IMG-7362-768x576.jpg 768w, https:\/\/blogsaverroes.juntadeandalucia.es\/cprvalledelguadiaro\/files\/2021\/06\/IMG-7362-1536x1152.jpg 1536w, https:\/\/blogsaverroes.juntadeandalucia.es\/cprvalledelguadiaro\/files\/2021\/06\/IMG-7362-2048x1536.jpg 2048w, https:\/\/blogsaverroes.juntadeandalucia.es\/cprvalledelguadiaro\/files\/2021\/06\/IMG-7362-700x525.jpg 700w, https:\/\/blogsaverroes.juntadeandalucia.es\/cprvalledelguadiaro\/files\/2021\/06\/IMG-7362-scaled.jpg 1600w\" sizes=\"(max-width: 300px) 100vw, 300px\" \/><\/a> <a href=\"https:\/\/blogsaverroes.juntadeandalucia.es\/cprvalledelguadiaro\/files\/2021\/06\/IMG-7363-scaled.jpg\"><img loading=\"lazy\" decoding=\"async\" class=\"aligncenter size-medium wp-image-5193\" src=\"https:\/\/blogsaverroes.juntadeandalucia.es\/cprvalledelguadiaro\/files\/2021\/06\/IMG-7363-300x225.jpg\" alt=\"\" width=\"300\" height=\"225\" srcset=\"https:\/\/blogsaverroes.juntadeandalucia.es\/cprvalledelguadiaro\/files\/2021\/06\/IMG-7363-300x225.jpg 300w, https:\/\/blogsaverroes.juntadeandalucia.es\/cprvalledelguadiaro\/files\/2021\/06\/IMG-7363-1024x768.jpg 1024w, https:\/\/blogsaverroes.juntadeandalucia.es\/cprvalledelguadiaro\/files\/2021\/06\/IMG-7363-768x576.jpg 768w, https:\/\/blogsaverroes.juntadeandalucia.es\/cprvalledelguadiaro\/files\/2021\/06\/IMG-7363-1536x1152.jpg 1536w, https:\/\/blogsaverroes.juntadeandalucia.es\/cprvalledelguadiaro\/files\/2021\/06\/IMG-7363-2048x1536.jpg 2048w, https:\/\/blogsaverroes.juntadeandalucia.es\/cprvalledelguadiaro\/files\/2021\/06\/IMG-7363-700x525.jpg 700w, https:\/\/blogsaverroes.juntadeandalucia.es\/cprvalledelguadiaro\/files\/2021\/06\/IMG-7363-scaled.jpg 1600w\" sizes=\"(max-width: 300px) 100vw, 300px\" \/><\/a> <a href=\"https:\/\/blogsaverroes.juntadeandalucia.es\/cprvalledelguadiaro\/files\/2021\/06\/IMG-7364-scaled.jpg\"><img loading=\"lazy\" decoding=\"async\" class=\"aligncenter size-medium wp-image-5194\" src=\"https:\/\/blogsaverroes.juntadeandalucia.es\/cprvalledelguadiaro\/files\/2021\/06\/IMG-7364-300x225.jpg\" alt=\"\" width=\"300\" height=\"225\" srcset=\"https:\/\/blogsaverroes.juntadeandalucia.es\/cprvalledelguadiaro\/files\/2021\/06\/IMG-7364-300x225.jpg 300w, https:\/\/blogsaverroes.juntadeandalucia.es\/cprvalledelguadiaro\/files\/2021\/06\/IMG-7364-1024x768.jpg 1024w, https:\/\/blogsaverroes.juntadeandalucia.es\/cprvalledelguadiaro\/files\/2021\/06\/IMG-7364-768x576.jpg 768w, https:\/\/blogsaverroes.juntadeandalucia.es\/cprvalledelguadiaro\/files\/2021\/06\/IMG-7364-1536x1152.jpg 1536w, https:\/\/blogsaverroes.juntadeandalucia.es\/cprvalledelguadiaro\/files\/2021\/06\/IMG-7364-2048x1536.jpg 2048w, https:\/\/blogsaverroes.juntadeandalucia.es\/cprvalledelguadiaro\/files\/2021\/06\/IMG-7364-700x525.jpg 700w, https:\/\/blogsaverroes.juntadeandalucia.es\/cprvalledelguadiaro\/files\/2021\/06\/IMG-7364-scaled.jpg 1600w\" sizes=\"(max-width: 300px) 100vw, 300px\" \/><\/a> <a href=\"https:\/\/blogsaverroes.juntadeandalucia.es\/cprvalledelguadiaro\/files\/2021\/06\/IMG-7366-scaled.jpg\"><img loading=\"lazy\" decoding=\"async\" class=\"aligncenter size-medium wp-image-5195\" src=\"https:\/\/blogsaverroes.juntadeandalucia.es\/cprvalledelguadiaro\/files\/2021\/06\/IMG-7366-225x300.jpg\" alt=\"\" width=\"225\" height=\"300\" srcset=\"https:\/\/blogsaverroes.juntadeandalucia.es\/cprvalledelguadiaro\/files\/2021\/06\/IMG-7366-225x300.jpg 225w, https:\/\/blogsaverroes.juntadeandalucia.es\/cprvalledelguadiaro\/files\/2021\/06\/IMG-7366-768x1024.jpg 768w, https:\/\/blogsaverroes.juntadeandalucia.es\/cprvalledelguadiaro\/files\/2021\/06\/IMG-7366-1152x1536.jpg 1152w, https:\/\/blogsaverroes.juntadeandalucia.es\/cprvalledelguadiaro\/files\/2021\/06\/IMG-7366-1536x2048.jpg 1536w, https:\/\/blogsaverroes.juntadeandalucia.es\/cprvalledelguadiaro\/files\/2021\/06\/IMG-7366-700x933.jpg 700w, https:\/\/blogsaverroes.juntadeandalucia.es\/cprvalledelguadiaro\/files\/2021\/06\/IMG-7366-scaled.jpg 1200w\" sizes=\"(max-width: 225px) 100vw, 225px\" \/><\/a> <a href=\"https:\/\/blogsaverroes.juntadeandalucia.es\/cprvalledelguadiaro\/files\/2021\/06\/IMG-7367-scaled.jpg\"><img loading=\"lazy\" decoding=\"async\" class=\"aligncenter size-medium wp-image-5196\" src=\"https:\/\/blogsaverroes.juntadeandalucia.es\/cprvalledelguadiaro\/files\/2021\/06\/IMG-7367-300x225.jpg\" alt=\"\" width=\"300\" height=\"225\" srcset=\"https:\/\/blogsaverroes.juntadeandalucia.es\/cprvalledelguadiaro\/files\/2021\/06\/IMG-7367-300x225.jpg 300w, https:\/\/blogsaverroes.juntadeandalucia.es\/cprvalledelguadiaro\/files\/2021\/06\/IMG-7367-1024x768.jpg 1024w, https:\/\/blogsaverroes.juntadeandalucia.es\/cprvalledelguadiaro\/files\/2021\/06\/IMG-7367-768x576.jpg 768w, https:\/\/blogsaverroes.juntadeandalucia.es\/cprvalledelguadiaro\/files\/2021\/06\/IMG-7367-1536x1152.jpg 1536w, https:\/\/blogsaverroes.juntadeandalucia.es\/cprvalledelguadiaro\/files\/2021\/06\/IMG-7367-2048x1536.jpg 2048w, https:\/\/blogsaverroes.juntadeandalucia.es\/cprvalledelguadiaro\/files\/2021\/06\/IMG-7367-700x525.jpg 700w, https:\/\/blogsaverroes.juntadeandalucia.es\/cprvalledelguadiaro\/files\/2021\/06\/IMG-7367-scaled.jpg 1600w\" sizes=\"(max-width: 300px) 100vw, 300px\" \/><\/a> <a href=\"https:\/\/blogsaverroes.juntadeandalucia.es\/cprvalledelguadiaro\/files\/2021\/06\/IMG-7802-scaled.jpg\"><img loading=\"lazy\" decoding=\"async\" class=\"aligncenter size-medium wp-image-5197\" src=\"https:\/\/blogsaverroes.juntadeandalucia.es\/cprvalledelguadiaro\/files\/2021\/06\/IMG-7802-300x225.jpg\" alt=\"\" width=\"300\" height=\"225\" srcset=\"https:\/\/blogsaverroes.juntadeandalucia.es\/cprvalledelguadiaro\/files\/2021\/06\/IMG-7802-300x225.jpg 300w, https:\/\/blogsaverroes.juntadeandalucia.es\/cprvalledelguadiaro\/files\/2021\/06\/IMG-7802-1024x768.jpg 1024w, https:\/\/blogsaverroes.juntadeandalucia.es\/cprvalledelguadiaro\/files\/2021\/06\/IMG-7802-768x576.jpg 768w, https:\/\/blogsaverroes.juntadeandalucia.es\/cprvalledelguadiaro\/files\/2021\/06\/IMG-7802-1536x1152.jpg 1536w, https:\/\/blogsaverroes.juntadeandalucia.es\/cprvalledelguadiaro\/files\/2021\/06\/IMG-7802-2048x1536.jpg 2048w, https:\/\/blogsaverroes.juntadeandalucia.es\/cprvalledelguadiaro\/files\/2021\/06\/IMG-7802-700x525.jpg 700w, https:\/\/blogsaverroes.juntadeandalucia.es\/cprvalledelguadiaro\/files\/2021\/06\/IMG-7802-scaled.jpg 1600w\" sizes=\"(max-width: 300px) 100vw, 300px\" \/><\/a> <a href=\"https:\/\/blogsaverroes.juntadeandalucia.es\/cprvalledelguadiaro\/files\/2021\/06\/IMG-7804-scaled.jpg\"><img loading=\"lazy\" decoding=\"async\" class=\"aligncenter size-medium wp-image-5198\" src=\"https:\/\/blogsaverroes.juntadeandalucia.es\/cprvalledelguadiaro\/files\/2021\/06\/IMG-7804-300x225.jpg\" alt=\"\" width=\"300\" height=\"225\" srcset=\"https:\/\/blogsaverroes.juntadeandalucia.es\/cprvalledelguadiaro\/files\/2021\/06\/IMG-7804-300x225.jpg 300w, https:\/\/blogsaverroes.juntadeandalucia.es\/cprvalledelguadiaro\/files\/2021\/06\/IMG-7804-1024x768.jpg 1024w, https:\/\/blogsaverroes.juntadeandalucia.es\/cprvalledelguadiaro\/files\/2021\/06\/IMG-7804-768x576.jpg 768w, https:\/\/blogsaverroes.juntadeandalucia.es\/cprvalledelguadiaro\/files\/2021\/06\/IMG-7804-1536x1152.jpg 1536w, https:\/\/blogsaverroes.juntadeandalucia.es\/cprvalledelguadiaro\/files\/2021\/06\/IMG-7804-2048x1536.jpg 2048w, https:\/\/blogsaverroes.juntadeandalucia.es\/cprvalledelguadiaro\/files\/2021\/06\/IMG-7804-700x525.jpg 700w, https:\/\/blogsaverroes.juntadeandalucia.es\/cprvalledelguadiaro\/files\/2021\/06\/IMG-7804-scaled.jpg 1600w\" sizes=\"(max-width: 300px) 100vw, 300px\" \/><\/a> <a href=\"https:\/\/blogsaverroes.juntadeandalucia.es\/cprvalledelguadiaro\/files\/2021\/06\/IMG-7805-scaled.jpg\"><img loading=\"lazy\" decoding=\"async\" class=\"aligncenter size-medium wp-image-5199\" src=\"https:\/\/blogsaverroes.juntadeandalucia.es\/cprvalledelguadiaro\/files\/2021\/06\/IMG-7805-300x225.jpg\" alt=\"\" width=\"300\" height=\"225\" srcset=\"https:\/\/blogsaverroes.juntadeandalucia.es\/cprvalledelguadiaro\/files\/2021\/06\/IMG-7805-300x225.jpg 300w, https:\/\/blogsaverroes.juntadeandalucia.es\/cprvalledelguadiaro\/files\/2021\/06\/IMG-7805-1024x768.jpg 1024w, https:\/\/blogsaverroes.juntadeandalucia.es\/cprvalledelguadiaro\/files\/2021\/06\/IMG-7805-768x576.jpg 768w, https:\/\/blogsaverroes.juntadeandalucia.es\/cprvalledelguadiaro\/files\/2021\/06\/IMG-7805-1536x1152.jpg 1536w, https:\/\/blogsaverroes.juntadeandalucia.es\/cprvalledelguadiaro\/files\/2021\/06\/IMG-7805-2048x1536.jpg 2048w, https:\/\/blogsaverroes.juntadeandalucia.es\/cprvalledelguadiaro\/files\/2021\/06\/IMG-7805-700x525.jpg 700w, https:\/\/blogsaverroes.juntadeandalucia.es\/cprvalledelguadiaro\/files\/2021\/06\/IMG-7805-scaled.jpg 1600w\" sizes=\"(max-width: 300px) 100vw, 300px\" \/><\/a> <a href=\"https:\/\/blogsaverroes.juntadeandalucia.es\/cprvalledelguadiaro\/files\/2021\/06\/IMG-7806-scaled.jpg\"><img loading=\"lazy\" decoding=\"async\" class=\"aligncenter size-medium wp-image-5200\" src=\"https:\/\/blogsaverroes.juntadeandalucia.es\/cprvalledelguadiaro\/files\/2021\/06\/IMG-7806-300x225.jpg\" alt=\"\" width=\"300\" height=\"225\" srcset=\"https:\/\/blogsaverroes.juntadeandalucia.es\/cprvalledelguadiaro\/files\/2021\/06\/IMG-7806-300x225.jpg 300w, https:\/\/blogsaverroes.juntadeandalucia.es\/cprvalledelguadiaro\/files\/2021\/06\/IMG-7806-1024x768.jpg 1024w, https:\/\/blogsaverroes.juntadeandalucia.es\/cprvalledelguadiaro\/files\/2021\/06\/IMG-7806-768x576.jpg 768w, https:\/\/blogsaverroes.juntadeandalucia.es\/cprvalledelguadiaro\/files\/2021\/06\/IMG-7806-1536x1152.jpg 1536w, https:\/\/blogsaverroes.juntadeandalucia.es\/cprvalledelguadiaro\/files\/2021\/06\/IMG-7806-2048x1536.jpg 2048w, https:\/\/blogsaverroes.juntadeandalucia.es\/cprvalledelguadiaro\/files\/2021\/06\/IMG-7806-700x525.jpg 700w, https:\/\/blogsaverroes.juntadeandalucia.es\/cprvalledelguadiaro\/files\/2021\/06\/IMG-7806-scaled.jpg 1600w\" sizes=\"(max-width: 300px) 100vw, 300px\" \/><\/a> <a href=\"https:\/\/blogsaverroes.juntadeandalucia.es\/cprvalledelguadiaro\/files\/2021\/06\/IMG-7808-scaled.jpg\"><img loading=\"lazy\" decoding=\"async\" class=\"aligncenter size-medium wp-image-5201\" src=\"https:\/\/blogsaverroes.juntadeandalucia.es\/cprvalledelguadiaro\/files\/2021\/06\/IMG-7808-300x225.jpg\" alt=\"\" width=\"300\" height=\"225\" srcset=\"https:\/\/blogsaverroes.juntadeandalucia.es\/cprvalledelguadiaro\/files\/2021\/06\/IMG-7808-300x225.jpg 300w, https:\/\/blogsaverroes.juntadeandalucia.es\/cprvalledelguadiaro\/files\/2021\/06\/IMG-7808-1024x768.jpg 1024w, https:\/\/blogsaverroes.juntadeandalucia.es\/cprvalledelguadiaro\/files\/2021\/06\/IMG-7808-768x576.jpg 768w, https:\/\/blogsaverroes.juntadeandalucia.es\/cprvalledelguadiaro\/files\/2021\/06\/IMG-7808-1536x1152.jpg 1536w, https:\/\/blogsaverroes.juntadeandalucia.es\/cprvalledelguadiaro\/files\/2021\/06\/IMG-7808-2048x1536.jpg 2048w, https:\/\/blogsaverroes.juntadeandalucia.es\/cprvalledelguadiaro\/files\/2021\/06\/IMG-7808-700x525.jpg 700w, https:\/\/blogsaverroes.juntadeandalucia.es\/cprvalledelguadiaro\/files\/2021\/06\/IMG-7808-scaled.jpg 1600w\" sizes=\"(max-width: 300px) 100vw, 300px\" \/><\/a> <a href=\"https:\/\/blogsaverroes.juntadeandalucia.es\/cprvalledelguadiaro\/files\/2021\/06\/IMG-7809-scaled.jpg\"><img loading=\"lazy\" decoding=\"async\" class=\"aligncenter size-medium wp-image-5202\" src=\"https:\/\/blogsaverroes.juntadeandalucia.es\/cprvalledelguadiaro\/files\/2021\/06\/IMG-7809-300x225.jpg\" alt=\"\" width=\"300\" height=\"225\" srcset=\"https:\/\/blogsaverroes.juntadeandalucia.es\/cprvalledelguadiaro\/files\/2021\/06\/IMG-7809-300x225.jpg 300w, https:\/\/blogsaverroes.juntadeandalucia.es\/cprvalledelguadiaro\/files\/2021\/06\/IMG-7809-1024x768.jpg 1024w, https:\/\/blogsaverroes.juntadeandalucia.es\/cprvalledelguadiaro\/files\/2021\/06\/IMG-7809-768x576.jpg 768w, https:\/\/blogsaverroes.juntadeandalucia.es\/cprvalledelguadiaro\/files\/2021\/06\/IMG-7809-1536x1152.jpg 1536w, https:\/\/blogsaverroes.juntadeandalucia.es\/cprvalledelguadiaro\/files\/2021\/06\/IMG-7809-2048x1536.jpg 2048w, https:\/\/blogsaverroes.juntadeandalucia.es\/cprvalledelguadiaro\/files\/2021\/06\/IMG-7809-700x525.jpg 700w, https:\/\/blogsaverroes.juntadeandalucia.es\/cprvalledelguadiaro\/files\/2021\/06\/IMG-7809-scaled.jpg 1600w\" sizes=\"(max-width: 300px) 100vw, 300px\" \/><\/a> <a href=\"https:\/\/blogsaverroes.juntadeandalucia.es\/cprvalledelguadiaro\/files\/2021\/06\/IMG-7810-scaled.jpg\"><img loading=\"lazy\" decoding=\"async\" class=\"aligncenter size-medium wp-image-5203\" src=\"https:\/\/blogsaverroes.juntadeandalucia.es\/cprvalledelguadiaro\/files\/2021\/06\/IMG-7810-300x225.jpg\" alt=\"\" width=\"300\" height=\"225\" srcset=\"https:\/\/blogsaverroes.juntadeandalucia.es\/cprvalledelguadiaro\/files\/2021\/06\/IMG-7810-300x225.jpg 300w, https:\/\/blogsaverroes.juntadeandalucia.es\/cprvalledelguadiaro\/files\/2021\/06\/IMG-7810-1024x768.jpg 1024w, https:\/\/blogsaverroes.juntadeandalucia.es\/cprvalledelguadiaro\/files\/2021\/06\/IMG-7810-768x576.jpg 768w, https:\/\/blogsaverroes.juntadeandalucia.es\/cprvalledelguadiaro\/files\/2021\/06\/IMG-7810-1536x1152.jpg 1536w, https:\/\/blogsaverroes.juntadeandalucia.es\/cprvalledelguadiaro\/files\/2021\/06\/IMG-7810-2048x1536.jpg 2048w, https:\/\/blogsaverroes.juntadeandalucia.es\/cprvalledelguadiaro\/files\/2021\/06\/IMG-7810-700x525.jpg 700w, https:\/\/blogsaverroes.juntadeandalucia.es\/cprvalledelguadiaro\/files\/2021\/06\/IMG-7810-scaled.jpg 1600w\" sizes=\"(max-width: 300px) 100vw, 300px\" \/><\/a> <a href=\"https:\/\/blogsaverroes.juntadeandalucia.es\/cprvalledelguadiaro\/files\/2021\/06\/IMG-7811-scaled.jpg\"><img loading=\"lazy\" decoding=\"async\" class=\"aligncenter size-medium wp-image-5204\" src=\"https:\/\/blogsaverroes.juntadeandalucia.es\/cprvalledelguadiaro\/files\/2021\/06\/IMG-7811-300x225.jpg\" alt=\"\" width=\"300\" height=\"225\" srcset=\"https:\/\/blogsaverroes.juntadeandalucia.es\/cprvalledelguadiaro\/files\/2021\/06\/IMG-7811-300x225.jpg 300w, https:\/\/blogsaverroes.juntadeandalucia.es\/cprvalledelguadiaro\/files\/2021\/06\/IMG-7811-1024x768.jpg 1024w, https:\/\/blogsaverroes.juntadeandalucia.es\/cprvalledelguadiaro\/files\/2021\/06\/IMG-7811-768x576.jpg 768w, https:\/\/blogsaverroes.juntadeandalucia.es\/cprvalledelguadiaro\/files\/2021\/06\/IMG-7811-1536x1152.jpg 1536w, https:\/\/blogsaverroes.juntadeandalucia.es\/cprvalledelguadiaro\/files\/2021\/06\/IMG-7811-2048x1536.jpg 2048w, https:\/\/blogsaverroes.juntadeandalucia.es\/cprvalledelguadiaro\/files\/2021\/06\/IMG-7811-700x525.jpg 700w, https:\/\/blogsaverroes.juntadeandalucia.es\/cprvalledelguadiaro\/files\/2021\/06\/IMG-7811-scaled.jpg 1600w\" sizes=\"(max-width: 300px) 100vw, 300px\" \/><\/a> <a href=\"https:\/\/blogsaverroes.juntadeandalucia.es\/cprvalledelguadiaro\/files\/2021\/06\/IMG-7812-scaled.jpg\"><img loading=\"lazy\" decoding=\"async\" class=\"aligncenter size-medium wp-image-5205\" src=\"https:\/\/blogsaverroes.juntadeandalucia.es\/cprvalledelguadiaro\/files\/2021\/06\/IMG-7812-300x225.jpg\" alt=\"\" width=\"300\" height=\"225\" srcset=\"https:\/\/blogsaverroes.juntadeandalucia.es\/cprvalledelguadiaro\/files\/2021\/06\/IMG-7812-300x225.jpg 300w, https:\/\/blogsaverroes.juntadeandalucia.es\/cprvalledelguadiaro\/files\/2021\/06\/IMG-7812-1024x768.jpg 1024w, https:\/\/blogsaverroes.juntadeandalucia.es\/cprvalledelguadiaro\/files\/2021\/06\/IMG-7812-768x576.jpg 768w, https:\/\/blogsaverroes.juntadeandalucia.es\/cprvalledelguadiaro\/files\/2021\/06\/IMG-7812-1536x1152.jpg 1536w, https:\/\/blogsaverroes.juntadeandalucia.es\/cprvalledelguadiaro\/files\/2021\/06\/IMG-7812-2048x1536.jpg 2048w, https:\/\/blogsaverroes.juntadeandalucia.es\/cprvalledelguadiaro\/files\/2021\/06\/IMG-7812-700x525.jpg 700w, https:\/\/blogsaverroes.juntadeandalucia.es\/cprvalledelguadiaro\/files\/2021\/06\/IMG-7812-scaled.jpg 1600w\" sizes=\"(max-width: 300px) 100vw, 300px\" \/><\/a> <a href=\"https:\/\/blogsaverroes.juntadeandalucia.es\/cprvalledelguadiaro\/files\/2021\/06\/IMG-7813-scaled.jpg\"><img loading=\"lazy\" decoding=\"async\" class=\"aligncenter size-medium wp-image-5206\" src=\"https:\/\/blogsaverroes.juntadeandalucia.es\/cprvalledelguadiaro\/files\/2021\/06\/IMG-7813-300x225.jpg\" alt=\"\" width=\"300\" height=\"225\" srcset=\"https:\/\/blogsaverroes.juntadeandalucia.es\/cprvalledelguadiaro\/files\/2021\/06\/IMG-7813-300x225.jpg 300w, https:\/\/blogsaverroes.juntadeandalucia.es\/cprvalledelguadiaro\/files\/2021\/06\/IMG-7813-1024x768.jpg 1024w, https:\/\/blogsaverroes.juntadeandalucia.es\/cprvalledelguadiaro\/files\/2021\/06\/IMG-7813-768x576.jpg 768w, https:\/\/blogsaverroes.juntadeandalucia.es\/cprvalledelguadiaro\/files\/2021\/06\/IMG-7813-1536x1152.jpg 1536w, https:\/\/blogsaverroes.juntadeandalucia.es\/cprvalledelguadiaro\/files\/2021\/06\/IMG-7813-2048x1536.jpg 2048w, https:\/\/blogsaverroes.juntadeandalucia.es\/cprvalledelguadiaro\/files\/2021\/06\/IMG-7813-700x525.jpg 700w, https:\/\/blogsaverroes.juntadeandalucia.es\/cprvalledelguadiaro\/files\/2021\/06\/IMG-7813-scaled.jpg 1600w\" sizes=\"(max-width: 300px) 100vw, 300px\" \/><\/a><\/p>\n<p>Es una actividad muy original, divertida y necesaria, porque es crucial que sepamos reconocer y actuar de manera adecuada con nuestras emociones, as\u00ed que desde el programa \u00abCreciendo en salud\u00bb, de la mano de la se\u00f1o Carmen y con la colaboraci\u00f3n de todo el claustro y personal del centro, seguiremos aprendiendo mucho de este aspecto tan importante.&nbsp;<\/p>\n<p>Mil gracias por vuestro tiempo y&#8230; \u00a1\u00a1\u00a1hasta pronto!!!<\/p>\n","protected":false},"excerpt":{"rendered":"<p>Buenos d\u00edas, queridos visitantes:&nbsp; Hoy pasamos por aqu\u00ed a contaros un poco el \u00faltimo taller que hemos puesto en marcha, hace cosa de un mes, y que seguiremos desarrollando el pr\u00f3ximo curso. Se trata&#46;&#46;&#46;<\/p>\n","protected":false},"author":4494,"featured_media":5195,"comment_status":"open","ping_status":"open","sticky":false,"template":"","format":"image","meta":{"ngg_post_thumbnail":0,"footnotes":""},"categories":[11909],"tags":[],"aioseo_notices":[],"_links":{"self":[{"href":"https:\/\/blogsaverroes.juntadeandalucia.es\/cprvalledelguadiaro\/index.php?rest_route=\/wp\/v2\/posts\/5188"}],"collection":[{"href":"https:\/\/blogsaverroes.juntadeandalucia.es\/cprvalledelguadiaro\/index.php?rest_route=\/wp\/v2\/posts"}],"about":[{"href":"https:\/\/blogsaverroes.juntadeandalucia.es\/cprvalledelguadiaro\/index.php?rest_route=\/wp\/v2\/types\/post"}],"author":[{"embeddable":true,"href":"https:\/\/blogsaverroes.juntadeandalucia.es\/cprvalledelguadiaro\/index.php?rest_route=\/wp\/v2\/users\/4494"}],"replies":[{"embeddable":true,"href":"https:\/\/blogsaverroes.juntadeandalucia.es\/cprvalledelguadiaro\/index.php?rest_route=%2Fwp%2Fv2%2Fcomments&post=5188"}],"version-history":[{"count":1,"href":"https:\/\/blogsaverroes.juntadeandalucia.es\/cprvalledelguadiaro\/index.php?rest_route=\/wp\/v2\/posts\/5188\/revisions"}],"predecessor-version":[{"id":5207,"href":"https:\/\/blogsaverroes.juntadeandalucia.es\/cprvalledelguadiaro\/index.php?rest_route=\/wp\/v2\/posts\/5188\/revisions\/5207"}],"wp:featuredmedia":[{"embeddable":true,"href":"https:\/\/blogsaverroes.juntadeandalucia.es\/cprvalledelguadiaro\/index.php?rest_route=\/wp\/v2\/media\/5195"}],"wp:attachment":[{"href":"https:\/\/blogsaverroes.juntadeandalucia.es\/cprvalledelguadiaro\/index.php?rest_route=%2Fwp%2Fv2%2Fmedia&parent=5188"}],"wp:term":[{"taxonomy":"category","embeddable":true,"href":"https:\/\/blogsaverroes.juntadeandalucia.es\/cprvalledelguadiaro\/index.php?rest_route=%2Fwp%2Fv2%2Fcategories&post=5188"},{"taxonomy":"post_tag","embeddable":true,"href":"https:\/\/blogsaverroes.juntadeandalucia.es\/cprvalledelguadiaro\/index.php?rest_route=%2Fwp%2Fv2%2Ftags&post=5188"}],"curies":[{"name":"wp","href":"https:\/\/api.w.org\/{rel}","templated":true}]}}