{"id":5234,"date":"2021-10-04T10:51:10","date_gmt":"2021-10-04T10:51:10","guid":{"rendered":"https:\/\/blogsaverroes.juntadeandalucia.es\/cprvalledelguadiaro\/?p=5234"},"modified":"2021-10-04T10:55:14","modified_gmt":"2021-10-04T10:55:14","slug":"estamos-de-vuelta","status":"publish","type":"post","link":"https:\/\/blogsaverroes.juntadeandalucia.es\/cprvalledelguadiaro\/?p=5234","title":{"rendered":"\u00a1ESTAMOS DE VUELTA!"},"content":{"rendered":"<p>Hola queridos lectores:<\/p>\n<p>Ya hemos arrancado el curso y estamos con las pilas cargadas para pasar un curso 2021\/22 genial.&nbsp;<\/p>\n<p>Para ello contamos con:<\/p>\n<ul>\n<li>La directora, Mar\u00eda Villanueva que se encarga de que todo funcione bien, adem\u00e1s de ayudar en las clases que lo necesiten.<\/li>\n<li>La se\u00f1o Carmen est\u00e1 en Ca\u00f1ada con los m\u00e1s peque\u00f1ajos.<\/li>\n<li>El maestro David, es una nueva incorporaci\u00f3n a nuestro centro y&nbsp; es el tutor de 1\u00ba, 2\u00ba y 3\u00ba en Ca\u00f1ada adem\u00e1s del profe de franc\u00e9s.<\/li>\n<li>La maestra Maite es la tutora de 4\u00ba, 5\u00ba y 6\u00ba en Ca\u00f1ada, adem\u00e1s de la maestra de EF como ya todos sabemos.<\/li>\n<li>La maestra Pilar se encarga de los peque\u00f1ines en Jimera mientras la se\u00f1o M\u00aa \u00c1ngeles tiene a su beb\u00e9.<\/li>\n<li>La se\u00f1o Mar\u00eda es la tutora de primaria en Jimera y la que lleva el ritmo en el cole con la m\u00fasica.<\/li>\n<li>La maestra Anabel se encarga de ayudar en las clases que lo necesitan, es la sustituta de la se\u00f1o Ana mientras ella se pone buena.<\/li>\n<li>The teacher este curso es la se\u00f1o Marta y echa una mano tambi\u00e9n al alumnado de primaria en Jimera.<\/li>\n<li>La se\u00f1o Pepi se encarga que la atenci\u00f3n a la diversidad sea lo m\u00e1s efectiva posible.<\/li>\n<li>Sin olvidar a Jos\u00e9 Ram\u00f3n que nos ayuda siempre que lo necesitamos<\/li>\n<\/ul>\n<p>Pues ya estamos todos, este claustro arranca motores y nos ponemos en marcha para que sea un curso estupendo.<\/p>\n<p>Gracias por vuestro tiempo y \u00a1\u00a1\u00a1hasta la semana que viene!!!!<\/p>\n<p>&nbsp;<\/p>\n<p><a href=\"https:\/\/blogsaverroes.juntadeandalucia.es\/cprvalledelguadiaro\/files\/2021\/09\/nuevo_curso.jpg\"><img loading=\"lazy\" decoding=\"async\" class=\"size-medium wp-image-5224\" src=\"https:\/\/blogsaverroes.juntadeandalucia.es\/cprvalledelguadiaro\/files\/2021\/09\/nuevo_curso-300x157.jpg\" alt=\"\" width=\"300\" height=\"157\" srcset=\"https:\/\/blogsaverroes.juntadeandalucia.es\/cprvalledelguadiaro\/files\/2021\/09\/nuevo_curso-300x157.jpg 300w, https:\/\/blogsaverroes.juntadeandalucia.es\/cprvalledelguadiaro\/files\/2021\/09\/nuevo_curso.jpg 700w\" sizes=\"(max-width: 300px) 100vw, 300px\" \/><\/a><\/p>\n<p>&nbsp;<\/p>\n","protected":false},"excerpt":{"rendered":"<p>Hola queridos lectores: Ya hemos arrancado el curso y estamos con las pilas cargadas para pasar un curso 2021\/22 genial.&nbsp; Para ello contamos con: La directora, Mar\u00eda Villanueva que se encarga de que todo&#46;&#46;&#46;<\/p>\n","protected":false},"author":4494,"featured_media":5224,"comment_status":"open","ping_status":"open","sticky":false,"template":"","format":"standard","meta":{"ngg_post_thumbnail":0,"footnotes":""},"categories":[11909],"tags":[],"aioseo_notices":[],"_links":{"self":[{"href":"https:\/\/blogsaverroes.juntadeandalucia.es\/cprvalledelguadiaro\/index.php?rest_route=\/wp\/v2\/posts\/5234"}],"collection":[{"href":"https:\/\/blogsaverroes.juntadeandalucia.es\/cprvalledelguadiaro\/index.php?rest_route=\/wp\/v2\/posts"}],"about":[{"href":"https:\/\/blogsaverroes.juntadeandalucia.es\/cprvalledelguadiaro\/index.php?rest_route=\/wp\/v2\/types\/post"}],"author":[{"embeddable":true,"href":"https:\/\/blogsaverroes.juntadeandalucia.es\/cprvalledelguadiaro\/index.php?rest_route=\/wp\/v2\/users\/4494"}],"replies":[{"embeddable":true,"href":"https:\/\/blogsaverroes.juntadeandalucia.es\/cprvalledelguadiaro\/index.php?rest_route=%2Fwp%2Fv2%2Fcomments&post=5234"}],"version-history":[{"count":2,"href":"https:\/\/blogsaverroes.juntadeandalucia.es\/cprvalledelguadiaro\/index.php?rest_route=\/wp\/v2\/posts\/5234\/revisions"}],"predecessor-version":[{"id":5237,"href":"https:\/\/blogsaverroes.juntadeandalucia.es\/cprvalledelguadiaro\/index.php?rest_route=\/wp\/v2\/posts\/5234\/revisions\/5237"}],"wp:featuredmedia":[{"embeddable":true,"href":"https:\/\/blogsaverroes.juntadeandalucia.es\/cprvalledelguadiaro\/index.php?rest_route=\/wp\/v2\/media\/5224"}],"wp:attachment":[{"href":"https:\/\/blogsaverroes.juntadeandalucia.es\/cprvalledelguadiaro\/index.php?rest_route=%2Fwp%2Fv2%2Fmedia&parent=5234"}],"wp:term":[{"taxonomy":"category","embeddable":true,"href":"https:\/\/blogsaverroes.juntadeandalucia.es\/cprvalledelguadiaro\/index.php?rest_route=%2Fwp%2Fv2%2Fcategories&post=5234"},{"taxonomy":"post_tag","embeddable":true,"href":"https:\/\/blogsaverroes.juntadeandalucia.es\/cprvalledelguadiaro\/index.php?rest_route=%2Fwp%2Fv2%2Ftags&post=5234"}],"curies":[{"name":"wp","href":"https:\/\/api.w.org\/{rel}","templated":true}]}}