{"id":5257,"date":"2021-11-08T12:12:28","date_gmt":"2021-11-08T12:12:28","guid":{"rendered":"https:\/\/blogsaverroes.juntadeandalucia.es\/cprvalledelguadiaro\/?p=5257"},"modified":"2021-11-08T12:16:54","modified_gmt":"2021-11-08T12:16:54","slug":"que-bien-lo-pasamos-en-halloween","status":"publish","type":"post","link":"https:\/\/blogsaverroes.juntadeandalucia.es\/cprvalledelguadiaro\/?p=5257","title":{"rendered":"\u00a1QU\u00c9 BIEN LO PASAMOS EN HALLOWEEN!"},"content":{"rendered":"<p>Hola queridos lectores:<\/p>\n<p>Hoy os vamos a mostrar lo bien que lo pasamos en nuestro cole, concretamente en la fiesta de Halloween que hicimos.&nbsp;<\/p>\n<p>Tuvimos desayuno terror\u00edfico, nos disfrazamos de personajes horrendos, echamos todos nuestros miedos al fantasma come miedos, vimos pel\u00edculas, hicimos bailes, le\u00edmos cuentos, paseamos por el pueblo&#8230;. \u00a1vamos qu\u00e9 no paramos en todo el d\u00eda de hacer actividades!<\/p>\n<p>y para muestra, aqu\u00ed ten\u00e9is varias fotillos:<\/p>\n<p><strong>\u00a1Alumnos y alumnas espeluznantes!<\/strong><\/p>\n<p><a href=\"https:\/\/blogsaverroes.juntadeandalucia.es\/cprvalledelguadiaro\/files\/2021\/11\/IMG-20211029-WA0088.jpg\"><img loading=\"lazy\" decoding=\"async\" class=\"size-medium wp-image-5349 alignright\" src=\"https:\/\/blogsaverroes.juntadeandalucia.es\/cprvalledelguadiaro\/files\/2021\/11\/IMG-20211029-WA0088-300x225.jpg\" alt=\"\" width=\"300\" height=\"225\" srcset=\"https:\/\/blogsaverroes.juntadeandalucia.es\/cprvalledelguadiaro\/files\/2021\/11\/IMG-20211029-WA0088-300x225.jpg 300w, https:\/\/blogsaverroes.juntadeandalucia.es\/cprvalledelguadiaro\/files\/2021\/11\/IMG-20211029-WA0088-1024x768.jpg 1024w, https:\/\/blogsaverroes.juntadeandalucia.es\/cprvalledelguadiaro\/files\/2021\/11\/IMG-20211029-WA0088-768x576.jpg 768w, https:\/\/blogsaverroes.juntadeandalucia.es\/cprvalledelguadiaro\/files\/2021\/11\/IMG-20211029-WA0088-1536x1152.jpg 1536w, https:\/\/blogsaverroes.juntadeandalucia.es\/cprvalledelguadiaro\/files\/2021\/11\/IMG-20211029-WA0088-700x525.jpg 700w, https:\/\/blogsaverroes.juntadeandalucia.es\/cprvalledelguadiaro\/files\/2021\/11\/IMG-20211029-WA0088.jpg 1600w\" sizes=\"(max-width: 300px) 100vw, 300px\" \/><\/a> <a href=\"https:\/\/blogsaverroes.juntadeandalucia.es\/cprvalledelguadiaro\/files\/2021\/11\/20211029_091127-1-scaled.jpg\"><img loading=\"lazy\" decoding=\"async\" class=\"aligncenter size-medium wp-image-5487\" src=\"https:\/\/blogsaverroes.juntadeandalucia.es\/cprvalledelguadiaro\/files\/2021\/11\/20211029_091127-1-300x225.jpg\" alt=\"\" width=\"300\" height=\"225\" srcset=\"https:\/\/blogsaverroes.juntadeandalucia.es\/cprvalledelguadiaro\/files\/2021\/11\/20211029_091127-1-300x225.jpg 300w, https:\/\/blogsaverroes.juntadeandalucia.es\/cprvalledelguadiaro\/files\/2021\/11\/20211029_091127-1-1024x768.jpg 1024w, https:\/\/blogsaverroes.juntadeandalucia.es\/cprvalledelguadiaro\/files\/2021\/11\/20211029_091127-1-768x576.jpg 768w, https:\/\/blogsaverroes.juntadeandalucia.es\/cprvalledelguadiaro\/files\/2021\/11\/20211029_091127-1-1536x1152.jpg 1536w, https:\/\/blogsaverroes.juntadeandalucia.es\/cprvalledelguadiaro\/files\/2021\/11\/20211029_091127-1-2048x1536.jpg 2048w, https:\/\/blogsaverroes.juntadeandalucia.es\/cprvalledelguadiaro\/files\/2021\/11\/20211029_091127-1-700x525.jpg 700w, https:\/\/blogsaverroes.juntadeandalucia.es\/cprvalledelguadiaro\/files\/2021\/11\/20211029_091127-1-scaled.jpg 1600w\" sizes=\"(max-width: 300px) 100vw, 300px\" \/><\/a> <a href=\"https:\/\/blogsaverroes.juntadeandalucia.es\/cprvalledelguadiaro\/files\/2021\/11\/IMG-20211029-WA0046-1.jpg\"><img loading=\"lazy\" decoding=\"async\" class=\"size-medium wp-image-5488 alignleft\" src=\"https:\/\/blogsaverroes.juntadeandalucia.es\/cprvalledelguadiaro\/files\/2021\/11\/IMG-20211029-WA0046-1-300x225.jpg\" alt=\"\" width=\"300\" height=\"225\" srcset=\"https:\/\/blogsaverroes.juntadeandalucia.es\/cprvalledelguadiaro\/files\/2021\/11\/IMG-20211029-WA0046-1-300x225.jpg 300w, https:\/\/blogsaverroes.juntadeandalucia.es\/cprvalledelguadiaro\/files\/2021\/11\/IMG-20211029-WA0046-1-1024x768.jpg 1024w, https:\/\/blogsaverroes.juntadeandalucia.es\/cprvalledelguadiaro\/files\/2021\/11\/IMG-20211029-WA0046-1-768x576.jpg 768w, https:\/\/blogsaverroes.juntadeandalucia.es\/cprvalledelguadiaro\/files\/2021\/11\/IMG-20211029-WA0046-1-1536x1152.jpg 1536w, https:\/\/blogsaverroes.juntadeandalucia.es\/cprvalledelguadiaro\/files\/2021\/11\/IMG-20211029-WA0046-1-700x525.jpg 700w, https:\/\/blogsaverroes.juntadeandalucia.es\/cprvalledelguadiaro\/files\/2021\/11\/IMG-20211029-WA0046-1.jpg 1600w\" sizes=\"(max-width: 300px) 100vw, 300px\" \/><\/a> <a href=\"https:\/\/blogsaverroes.juntadeandalucia.es\/cprvalledelguadiaro\/files\/2021\/11\/IMG-20211029-WA0047-1.jpg\"><img loading=\"lazy\" decoding=\"async\" class=\"aligncenter size-medium wp-image-5489\" src=\"https:\/\/blogsaverroes.juntadeandalucia.es\/cprvalledelguadiaro\/files\/2021\/11\/IMG-20211029-WA0047-1-300x225.jpg\" alt=\"\" width=\"300\" height=\"225\" srcset=\"https:\/\/blogsaverroes.juntadeandalucia.es\/cprvalledelguadiaro\/files\/2021\/11\/IMG-20211029-WA0047-1-300x225.jpg 300w, https:\/\/blogsaverroes.juntadeandalucia.es\/cprvalledelguadiaro\/files\/2021\/11\/IMG-20211029-WA0047-1-1024x768.jpg 1024w, https:\/\/blogsaverroes.juntadeandalucia.es\/cprvalledelguadiaro\/files\/2021\/11\/IMG-20211029-WA0047-1-768x576.jpg 768w, https:\/\/blogsaverroes.juntadeandalucia.es\/cprvalledelguadiaro\/files\/2021\/11\/IMG-20211029-WA0047-1-1536x1152.jpg 1536w, https:\/\/blogsaverroes.juntadeandalucia.es\/cprvalledelguadiaro\/files\/2021\/11\/IMG-20211029-WA0047-1-700x525.jpg 700w, https:\/\/blogsaverroes.juntadeandalucia.es\/cprvalledelguadiaro\/files\/2021\/11\/IMG-20211029-WA0047-1.jpg 1600w\" sizes=\"(max-width: 300px) 100vw, 300px\" \/><\/a> <a href=\"https:\/\/blogsaverroes.juntadeandalucia.es\/cprvalledelguadiaro\/files\/2021\/11\/IMG-20211029-WA0086-1.jpg\"><img loading=\"lazy\" decoding=\"async\" class=\"size-medium wp-image-5490 alignleft\" src=\"https:\/\/blogsaverroes.juntadeandalucia.es\/cprvalledelguadiaro\/files\/2021\/11\/IMG-20211029-WA0086-1-300x225.jpg\" alt=\"\" width=\"300\" height=\"225\" srcset=\"https:\/\/blogsaverroes.juntadeandalucia.es\/cprvalledelguadiaro\/files\/2021\/11\/IMG-20211029-WA0086-1-300x225.jpg 300w, https:\/\/blogsaverroes.juntadeandalucia.es\/cprvalledelguadiaro\/files\/2021\/11\/IMG-20211029-WA0086-1-1024x768.jpg 1024w, https:\/\/blogsaverroes.juntadeandalucia.es\/cprvalledelguadiaro\/files\/2021\/11\/IMG-20211029-WA0086-1-768x576.jpg 768w, https:\/\/blogsaverroes.juntadeandalucia.es\/cprvalledelguadiaro\/files\/2021\/11\/IMG-20211029-WA0086-1-1536x1152.jpg 1536w, https:\/\/blogsaverroes.juntadeandalucia.es\/cprvalledelguadiaro\/files\/2021\/11\/IMG-20211029-WA0086-1-700x525.jpg 700w, https:\/\/blogsaverroes.juntadeandalucia.es\/cprvalledelguadiaro\/files\/2021\/11\/IMG-20211029-WA0086-1.jpg 1600w\" sizes=\"(max-width: 300px) 100vw, 300px\" \/><\/a> <a href=\"https:\/\/blogsaverroes.juntadeandalucia.es\/cprvalledelguadiaro\/files\/2021\/11\/IMG-20211029-WA0111.jpg\"><img loading=\"lazy\" decoding=\"async\" class=\"aligncenter size-medium wp-image-5493\" src=\"https:\/\/blogsaverroes.juntadeandalucia.es\/cprvalledelguadiaro\/files\/2021\/11\/IMG-20211029-WA0111-300x224.jpg\" alt=\"\" width=\"300\" height=\"224\" srcset=\"https:\/\/blogsaverroes.juntadeandalucia.es\/cprvalledelguadiaro\/files\/2021\/11\/IMG-20211029-WA0111-300x224.jpg 300w, https:\/\/blogsaverroes.juntadeandalucia.es\/cprvalledelguadiaro\/files\/2021\/11\/IMG-20211029-WA0111-1024x765.jpg 1024w, https:\/\/blogsaverroes.juntadeandalucia.es\/cprvalledelguadiaro\/files\/2021\/11\/IMG-20211029-WA0111-768x574.jpg 768w, https:\/\/blogsaverroes.juntadeandalucia.es\/cprvalledelguadiaro\/files\/2021\/11\/IMG-20211029-WA0111-1536x1148.jpg 1536w, https:\/\/blogsaverroes.juntadeandalucia.es\/cprvalledelguadiaro\/files\/2021\/11\/IMG-20211029-WA0111-700x523.jpg 700w, https:\/\/blogsaverroes.juntadeandalucia.es\/cprvalledelguadiaro\/files\/2021\/11\/IMG-20211029-WA0111.jpg 1600w\" sizes=\"(max-width: 300px) 100vw, 300px\" \/><\/a><a href=\"https:\/\/blogsaverroes.juntadeandalucia.es\/cprvalledelguadiaro\/files\/2021\/11\/CLASE-CARMEN-ESTA.jpg\"><img loading=\"lazy\" decoding=\"async\" class=\"size-medium wp-image-5506 aligncenter\" src=\"https:\/\/blogsaverroes.juntadeandalucia.es\/cprvalledelguadiaro\/files\/2021\/11\/CLASE-CARMEN-ESTA-300x260.jpg\" alt=\"\" width=\"300\" height=\"260\" srcset=\"https:\/\/blogsaverroes.juntadeandalucia.es\/cprvalledelguadiaro\/files\/2021\/11\/CLASE-CARMEN-ESTA-300x260.jpg 300w, https:\/\/blogsaverroes.juntadeandalucia.es\/cprvalledelguadiaro\/files\/2021\/11\/CLASE-CARMEN-ESTA-1024x886.jpg 1024w, https:\/\/blogsaverroes.juntadeandalucia.es\/cprvalledelguadiaro\/files\/2021\/11\/CLASE-CARMEN-ESTA-768x664.jpg 768w, https:\/\/blogsaverroes.juntadeandalucia.es\/cprvalledelguadiaro\/files\/2021\/11\/CLASE-CARMEN-ESTA-700x606.jpg 700w, https:\/\/blogsaverroes.juntadeandalucia.es\/cprvalledelguadiaro\/files\/2021\/11\/CLASE-CARMEN-ESTA.jpg 1224w\" sizes=\"(max-width: 300px) 100vw, 300px\" \/><\/a><\/p>\n<p><strong>Desayuno terror\u00edfico<\/strong><\/p>\n<p><a href=\"https:\/\/blogsaverroes.juntadeandalucia.es\/cprvalledelguadiaro\/files\/2021\/11\/IMG-20211029-WA0001-1.jpg\"><img loading=\"lazy\" decoding=\"async\" class=\"size-medium wp-image-5494 alignleft\" src=\"https:\/\/blogsaverroes.juntadeandalucia.es\/cprvalledelguadiaro\/files\/2021\/11\/IMG-20211029-WA0001-1-300x225.jpg\" alt=\"\" width=\"300\" height=\"225\" srcset=\"https:\/\/blogsaverroes.juntadeandalucia.es\/cprvalledelguadiaro\/files\/2021\/11\/IMG-20211029-WA0001-1-300x225.jpg 300w, https:\/\/blogsaverroes.juntadeandalucia.es\/cprvalledelguadiaro\/files\/2021\/11\/IMG-20211029-WA0001-1-1024x768.jpg 1024w, https:\/\/blogsaverroes.juntadeandalucia.es\/cprvalledelguadiaro\/files\/2021\/11\/IMG-20211029-WA0001-1-768x576.jpg 768w, https:\/\/blogsaverroes.juntadeandalucia.es\/cprvalledelguadiaro\/files\/2021\/11\/IMG-20211029-WA0001-1-1536x1152.jpg 1536w, https:\/\/blogsaverroes.juntadeandalucia.es\/cprvalledelguadiaro\/files\/2021\/11\/IMG-20211029-WA0001-1-700x525.jpg 700w, https:\/\/blogsaverroes.juntadeandalucia.es\/cprvalledelguadiaro\/files\/2021\/11\/IMG-20211029-WA0001-1.jpg 1600w\" sizes=\"(max-width: 300px) 100vw, 300px\" \/><\/a><a href=\"https:\/\/blogsaverroes.juntadeandalucia.es\/cprvalledelguadiaro\/files\/2021\/11\/IMG-20211029-WA0002-1.jpg\"><img loading=\"lazy\" decoding=\"async\" class=\"aligncenter size-medium wp-image-5495\" src=\"https:\/\/blogsaverroes.juntadeandalucia.es\/cprvalledelguadiaro\/files\/2021\/11\/IMG-20211029-WA0002-1-300x225.jpg\" alt=\"\" width=\"300\" height=\"225\" srcset=\"https:\/\/blogsaverroes.juntadeandalucia.es\/cprvalledelguadiaro\/files\/2021\/11\/IMG-20211029-WA0002-1-300x225.jpg 300w, https:\/\/blogsaverroes.juntadeandalucia.es\/cprvalledelguadiaro\/files\/2021\/11\/IMG-20211029-WA0002-1-1024x768.jpg 1024w, https:\/\/blogsaverroes.juntadeandalucia.es\/cprvalledelguadiaro\/files\/2021\/11\/IMG-20211029-WA0002-1-768x576.jpg 768w, https:\/\/blogsaverroes.juntadeandalucia.es\/cprvalledelguadiaro\/files\/2021\/11\/IMG-20211029-WA0002-1-1536x1152.jpg 1536w, https:\/\/blogsaverroes.juntadeandalucia.es\/cprvalledelguadiaro\/files\/2021\/11\/IMG-20211029-WA0002-1-700x525.jpg 700w, https:\/\/blogsaverroes.juntadeandalucia.es\/cprvalledelguadiaro\/files\/2021\/11\/IMG-20211029-WA0002-1.jpg 1600w\" sizes=\"(max-width: 300px) 100vw, 300px\" \/><\/a><a href=\"https:\/\/blogsaverroes.juntadeandalucia.es\/cprvalledelguadiaro\/files\/2021\/11\/IMG-20211029-WA0043-1.jpg\"><img loading=\"lazy\" decoding=\"async\" class=\"size-medium wp-image-5498 alignleft\" src=\"https:\/\/blogsaverroes.juntadeandalucia.es\/cprvalledelguadiaro\/files\/2021\/11\/IMG-20211029-WA0043-1-300x225.jpg\" alt=\"\" width=\"300\" height=\"225\" srcset=\"https:\/\/blogsaverroes.juntadeandalucia.es\/cprvalledelguadiaro\/files\/2021\/11\/IMG-20211029-WA0043-1-300x225.jpg 300w, https:\/\/blogsaverroes.juntadeandalucia.es\/cprvalledelguadiaro\/files\/2021\/11\/IMG-20211029-WA0043-1-1024x768.jpg 1024w, https:\/\/blogsaverroes.juntadeandalucia.es\/cprvalledelguadiaro\/files\/2021\/11\/IMG-20211029-WA0043-1-768x576.jpg 768w, https:\/\/blogsaverroes.juntadeandalucia.es\/cprvalledelguadiaro\/files\/2021\/11\/IMG-20211029-WA0043-1-1536x1152.jpg 1536w, https:\/\/blogsaverroes.juntadeandalucia.es\/cprvalledelguadiaro\/files\/2021\/11\/IMG-20211029-WA0043-1-700x525.jpg 700w, https:\/\/blogsaverroes.juntadeandalucia.es\/cprvalledelguadiaro\/files\/2021\/11\/IMG-20211029-WA0043-1.jpg 1600w\" sizes=\"(max-width: 300px) 100vw, 300px\" \/><\/a><a href=\"https:\/\/blogsaverroes.juntadeandalucia.es\/cprvalledelguadiaro\/files\/2021\/11\/IMG-20211029-WA0048-1.jpg\"><img loading=\"lazy\" decoding=\"async\" class=\"aligncenter size-medium wp-image-5499\" src=\"https:\/\/blogsaverroes.juntadeandalucia.es\/cprvalledelguadiaro\/files\/2021\/11\/IMG-20211029-WA0048-1-300x225.jpg\" alt=\"\" width=\"300\" height=\"225\" srcset=\"https:\/\/blogsaverroes.juntadeandalucia.es\/cprvalledelguadiaro\/files\/2021\/11\/IMG-20211029-WA0048-1-300x225.jpg 300w, https:\/\/blogsaverroes.juntadeandalucia.es\/cprvalledelguadiaro\/files\/2021\/11\/IMG-20211029-WA0048-1-1024x768.jpg 1024w, https:\/\/blogsaverroes.juntadeandalucia.es\/cprvalledelguadiaro\/files\/2021\/11\/IMG-20211029-WA0048-1-768x576.jpg 768w, https:\/\/blogsaverroes.juntadeandalucia.es\/cprvalledelguadiaro\/files\/2021\/11\/IMG-20211029-WA0048-1-1536x1152.jpg 1536w, https:\/\/blogsaverroes.juntadeandalucia.es\/cprvalledelguadiaro\/files\/2021\/11\/IMG-20211029-WA0048-1-700x525.jpg 700w, https:\/\/blogsaverroes.juntadeandalucia.es\/cprvalledelguadiaro\/files\/2021\/11\/IMG-20211029-WA0048-1.jpg 1600w\" sizes=\"(max-width: 300px) 100vw, 300px\" \/><\/a><a href=\"https:\/\/blogsaverroes.juntadeandalucia.es\/cprvalledelguadiaro\/files\/2021\/11\/IMG-20211029-WA0075.jpg\"><img loading=\"lazy\" decoding=\"async\" class=\"size-medium wp-image-5339 alignleft\" src=\"https:\/\/blogsaverroes.juntadeandalucia.es\/cprvalledelguadiaro\/files\/2021\/11\/IMG-20211029-WA0075-224x300.jpg\" alt=\"\" width=\"224\" height=\"300\" srcset=\"https:\/\/blogsaverroes.juntadeandalucia.es\/cprvalledelguadiaro\/files\/2021\/11\/IMG-20211029-WA0075-224x300.jpg 224w, https:\/\/blogsaverroes.juntadeandalucia.es\/cprvalledelguadiaro\/files\/2021\/11\/IMG-20211029-WA0075-765x1024.jpg 765w, https:\/\/blogsaverroes.juntadeandalucia.es\/cprvalledelguadiaro\/files\/2021\/11\/IMG-20211029-WA0075-768x1027.jpg 768w, https:\/\/blogsaverroes.juntadeandalucia.es\/cprvalledelguadiaro\/files\/2021\/11\/IMG-20211029-WA0075-1148x1536.jpg 1148w, https:\/\/blogsaverroes.juntadeandalucia.es\/cprvalledelguadiaro\/files\/2021\/11\/IMG-20211029-WA0075-700x936.jpg 700w, https:\/\/blogsaverroes.juntadeandalucia.es\/cprvalledelguadiaro\/files\/2021\/11\/IMG-20211029-WA0075.jpg 1196w\" sizes=\"(max-width: 224px) 100vw, 224px\" \/><\/a><a href=\"https:\/\/blogsaverroes.juntadeandalucia.es\/cprvalledelguadiaro\/files\/2021\/11\/IMG-20211029-WA0074.jpg\"><img loading=\"lazy\" decoding=\"async\" class=\"aligncenter size-medium wp-image-5338\" src=\"https:\/\/blogsaverroes.juntadeandalucia.es\/cprvalledelguadiaro\/files\/2021\/11\/IMG-20211029-WA0074-224x300.jpg\" alt=\"\" width=\"224\" height=\"300\" srcset=\"https:\/\/blogsaverroes.juntadeandalucia.es\/cprvalledelguadiaro\/files\/2021\/11\/IMG-20211029-WA0074-224x300.jpg 224w, https:\/\/blogsaverroes.juntadeandalucia.es\/cprvalledelguadiaro\/files\/2021\/11\/IMG-20211029-WA0074-765x1024.jpg 765w, https:\/\/blogsaverroes.juntadeandalucia.es\/cprvalledelguadiaro\/files\/2021\/11\/IMG-20211029-WA0074-768x1027.jpg 768w, https:\/\/blogsaverroes.juntadeandalucia.es\/cprvalledelguadiaro\/files\/2021\/11\/IMG-20211029-WA0074-1148x1536.jpg 1148w, https:\/\/blogsaverroes.juntadeandalucia.es\/cprvalledelguadiaro\/files\/2021\/11\/IMG-20211029-WA0074-700x936.jpg 700w, https:\/\/blogsaverroes.juntadeandalucia.es\/cprvalledelguadiaro\/files\/2021\/11\/IMG-20211029-WA0074.jpg 1196w\" sizes=\"(max-width: 224px) 100vw, 224px\" \/><\/a><a href=\"https:\/\/blogsaverroes.juntadeandalucia.es\/cprvalledelguadiaro\/files\/2021\/11\/IMG-20211029-WA0073.jpg\"><img loading=\"lazy\" decoding=\"async\" class=\"size-medium wp-image-5337 alignleft\" src=\"https:\/\/blogsaverroes.juntadeandalucia.es\/cprvalledelguadiaro\/files\/2021\/11\/IMG-20211029-WA0073-224x300.jpg\" alt=\"\" width=\"224\" height=\"300\" srcset=\"https:\/\/blogsaverroes.juntadeandalucia.es\/cprvalledelguadiaro\/files\/2021\/11\/IMG-20211029-WA0073-224x300.jpg 224w, https:\/\/blogsaverroes.juntadeandalucia.es\/cprvalledelguadiaro\/files\/2021\/11\/IMG-20211029-WA0073-765x1024.jpg 765w, https:\/\/blogsaverroes.juntadeandalucia.es\/cprvalledelguadiaro\/files\/2021\/11\/IMG-20211029-WA0073-768x1027.jpg 768w, https:\/\/blogsaverroes.juntadeandalucia.es\/cprvalledelguadiaro\/files\/2021\/11\/IMG-20211029-WA0073-1148x1536.jpg 1148w, https:\/\/blogsaverroes.juntadeandalucia.es\/cprvalledelguadiaro\/files\/2021\/11\/IMG-20211029-WA0073-700x936.jpg 700w, https:\/\/blogsaverroes.juntadeandalucia.es\/cprvalledelguadiaro\/files\/2021\/11\/IMG-20211029-WA0073.jpg 1196w\" sizes=\"(max-width: 224px) 100vw, 224px\" \/><\/a><a href=\"https:\/\/blogsaverroes.juntadeandalucia.es\/cprvalledelguadiaro\/files\/2021\/11\/IMG-20211029-WA0072.jpg\"><img loading=\"lazy\" decoding=\"async\" class=\"aligncenter size-medium wp-image-5336\" src=\"https:\/\/blogsaverroes.juntadeandalucia.es\/cprvalledelguadiaro\/files\/2021\/11\/IMG-20211029-WA0072-169x300.jpg\" alt=\"\" width=\"169\" height=\"300\" srcset=\"https:\/\/blogsaverroes.juntadeandalucia.es\/cprvalledelguadiaro\/files\/2021\/11\/IMG-20211029-WA0072-169x300.jpg 169w, https:\/\/blogsaverroes.juntadeandalucia.es\/cprvalledelguadiaro\/files\/2021\/11\/IMG-20211029-WA0072-576x1024.jpg 576w, https:\/\/blogsaverroes.juntadeandalucia.es\/cprvalledelguadiaro\/files\/2021\/11\/IMG-20211029-WA0072-768x1365.jpg 768w, https:\/\/blogsaverroes.juntadeandalucia.es\/cprvalledelguadiaro\/files\/2021\/11\/IMG-20211029-WA0072-700x1244.jpg 700w, https:\/\/blogsaverroes.juntadeandalucia.es\/cprvalledelguadiaro\/files\/2021\/11\/IMG-20211029-WA0072.jpg 828w\" sizes=\"(max-width: 169px) 100vw, 169px\" \/><\/a><a href=\"https:\/\/blogsaverroes.juntadeandalucia.es\/cprvalledelguadiaro\/files\/2021\/11\/IMG-20211029-WA0061.jpg\"><img loading=\"lazy\" decoding=\"async\" class=\"size-medium wp-image-5325 alignleft\" src=\"https:\/\/blogsaverroes.juntadeandalucia.es\/cprvalledelguadiaro\/files\/2021\/11\/IMG-20211029-WA0061-224x300.jpg\" alt=\"\" width=\"224\" height=\"300\" srcset=\"https:\/\/blogsaverroes.juntadeandalucia.es\/cprvalledelguadiaro\/files\/2021\/11\/IMG-20211029-WA0061-224x300.jpg 224w, https:\/\/blogsaverroes.juntadeandalucia.es\/cprvalledelguadiaro\/files\/2021\/11\/IMG-20211029-WA0061-765x1024.jpg 765w, https:\/\/blogsaverroes.juntadeandalucia.es\/cprvalledelguadiaro\/files\/2021\/11\/IMG-20211029-WA0061-768x1027.jpg 768w, https:\/\/blogsaverroes.juntadeandalucia.es\/cprvalledelguadiaro\/files\/2021\/11\/IMG-20211029-WA0061-1148x1536.jpg 1148w, https:\/\/blogsaverroes.juntadeandalucia.es\/cprvalledelguadiaro\/files\/2021\/11\/IMG-20211029-WA0061-700x936.jpg 700w, https:\/\/blogsaverroes.juntadeandalucia.es\/cprvalledelguadiaro\/files\/2021\/11\/IMG-20211029-WA0061.jpg 1196w\" sizes=\"(max-width: 224px) 100vw, 224px\" \/><\/a><a href=\"https:\/\/blogsaverroes.juntadeandalucia.es\/cprvalledelguadiaro\/files\/2021\/11\/IMG-20211029-WA0063.jpg\"><img loading=\"lazy\" decoding=\"async\" class=\"aligncenter size-medium wp-image-5327\" src=\"https:\/\/blogsaverroes.juntadeandalucia.es\/cprvalledelguadiaro\/files\/2021\/11\/IMG-20211029-WA0063-224x300.jpg\" alt=\"\" width=\"224\" height=\"300\" srcset=\"https:\/\/blogsaverroes.juntadeandalucia.es\/cprvalledelguadiaro\/files\/2021\/11\/IMG-20211029-WA0063-224x300.jpg 224w, https:\/\/blogsaverroes.juntadeandalucia.es\/cprvalledelguadiaro\/files\/2021\/11\/IMG-20211029-WA0063-765x1024.jpg 765w, https:\/\/blogsaverroes.juntadeandalucia.es\/cprvalledelguadiaro\/files\/2021\/11\/IMG-20211029-WA0063-768x1027.jpg 768w, https:\/\/blogsaverroes.juntadeandalucia.es\/cprvalledelguadiaro\/files\/2021\/11\/IMG-20211029-WA0063-1148x1536.jpg 1148w, https:\/\/blogsaverroes.juntadeandalucia.es\/cprvalledelguadiaro\/files\/2021\/11\/IMG-20211029-WA0063-700x936.jpg 700w, https:\/\/blogsaverroes.juntadeandalucia.es\/cprvalledelguadiaro\/files\/2021\/11\/IMG-20211029-WA0063.jpg 1196w\" sizes=\"(max-width: 224px) 100vw, 224px\" \/><\/a><a href=\"https:\/\/blogsaverroes.juntadeandalucia.es\/cprvalledelguadiaro\/files\/2021\/11\/IMG-20211029-WA0052.jpg\"><img loading=\"lazy\" decoding=\"async\" class=\"size-medium wp-image-5317 alignleft\" src=\"https:\/\/blogsaverroes.juntadeandalucia.es\/cprvalledelguadiaro\/files\/2021\/11\/IMG-20211029-WA0052-224x300.jpg\" alt=\"\" width=\"224\" height=\"300\" srcset=\"https:\/\/blogsaverroes.juntadeandalucia.es\/cprvalledelguadiaro\/files\/2021\/11\/IMG-20211029-WA0052-224x300.jpg 224w, https:\/\/blogsaverroes.juntadeandalucia.es\/cprvalledelguadiaro\/files\/2021\/11\/IMG-20211029-WA0052-765x1024.jpg 765w, https:\/\/blogsaverroes.juntadeandalucia.es\/cprvalledelguadiaro\/files\/2021\/11\/IMG-20211029-WA0052-768x1027.jpg 768w, https:\/\/blogsaverroes.juntadeandalucia.es\/cprvalledelguadiaro\/files\/2021\/11\/IMG-20211029-WA0052-1148x1536.jpg 1148w, https:\/\/blogsaverroes.juntadeandalucia.es\/cprvalledelguadiaro\/files\/2021\/11\/IMG-20211029-WA0052-700x936.jpg 700w, https:\/\/blogsaverroes.juntadeandalucia.es\/cprvalledelguadiaro\/files\/2021\/11\/IMG-20211029-WA0052.jpg 1196w\" sizes=\"(max-width: 224px) 100vw, 224px\" \/><\/a><a href=\"https:\/\/blogsaverroes.juntadeandalucia.es\/cprvalledelguadiaro\/files\/2021\/11\/IMG-20211029-WA0051.jpg\"><img loading=\"lazy\" decoding=\"async\" class=\"aligncenter size-medium wp-image-5316\" src=\"https:\/\/blogsaverroes.juntadeandalucia.es\/cprvalledelguadiaro\/files\/2021\/11\/IMG-20211029-WA0051-224x300.jpg\" alt=\"\" width=\"224\" height=\"300\" srcset=\"https:\/\/blogsaverroes.juntadeandalucia.es\/cprvalledelguadiaro\/files\/2021\/11\/IMG-20211029-WA0051-224x300.jpg 224w, https:\/\/blogsaverroes.juntadeandalucia.es\/cprvalledelguadiaro\/files\/2021\/11\/IMG-20211029-WA0051-765x1024.jpg 765w, https:\/\/blogsaverroes.juntadeandalucia.es\/cprvalledelguadiaro\/files\/2021\/11\/IMG-20211029-WA0051-768x1027.jpg 768w, https:\/\/blogsaverroes.juntadeandalucia.es\/cprvalledelguadiaro\/files\/2021\/11\/IMG-20211029-WA0051-1148x1536.jpg 1148w, https:\/\/blogsaverroes.juntadeandalucia.es\/cprvalledelguadiaro\/files\/2021\/11\/IMG-20211029-WA0051-700x936.jpg 700w, https:\/\/blogsaverroes.juntadeandalucia.es\/cprvalledelguadiaro\/files\/2021\/11\/IMG-20211029-WA0051.jpg 1196w\" sizes=\"(max-width: 224px) 100vw, 224px\" \/><\/a><a href=\"https:\/\/blogsaverroes.juntadeandalucia.es\/cprvalledelguadiaro\/files\/2021\/11\/IMG-20211029-WA0053.jpg\"><img loading=\"lazy\" decoding=\"async\" class=\"size-medium wp-image-5318 alignleft\" src=\"https:\/\/blogsaverroes.juntadeandalucia.es\/cprvalledelguadiaro\/files\/2021\/11\/IMG-20211029-WA0053-224x300.jpg\" alt=\"\" width=\"224\" height=\"300\" srcset=\"https:\/\/blogsaverroes.juntadeandalucia.es\/cprvalledelguadiaro\/files\/2021\/11\/IMG-20211029-WA0053-224x300.jpg 224w, https:\/\/blogsaverroes.juntadeandalucia.es\/cprvalledelguadiaro\/files\/2021\/11\/IMG-20211029-WA0053-765x1024.jpg 765w, https:\/\/blogsaverroes.juntadeandalucia.es\/cprvalledelguadiaro\/files\/2021\/11\/IMG-20211029-WA0053-768x1027.jpg 768w, https:\/\/blogsaverroes.juntadeandalucia.es\/cprvalledelguadiaro\/files\/2021\/11\/IMG-20211029-WA0053-1148x1536.jpg 1148w, https:\/\/blogsaverroes.juntadeandalucia.es\/cprvalledelguadiaro\/files\/2021\/11\/IMG-20211029-WA0053-700x936.jpg 700w, https:\/\/blogsaverroes.juntadeandalucia.es\/cprvalledelguadiaro\/files\/2021\/11\/IMG-20211029-WA0053.jpg 1196w\" sizes=\"(max-width: 224px) 100vw, 224px\" \/><\/a><a href=\"https:\/\/blogsaverroes.juntadeandalucia.es\/cprvalledelguadiaro\/files\/2021\/11\/IMG-20211029-WA0055.jpg\"><img loading=\"lazy\" decoding=\"async\" class=\"aligncenter size-medium wp-image-5320\" src=\"https:\/\/blogsaverroes.juntadeandalucia.es\/cprvalledelguadiaro\/files\/2021\/11\/IMG-20211029-WA0055-224x300.jpg\" alt=\"\" width=\"224\" height=\"300\" srcset=\"https:\/\/blogsaverroes.juntadeandalucia.es\/cprvalledelguadiaro\/files\/2021\/11\/IMG-20211029-WA0055-224x300.jpg 224w, https:\/\/blogsaverroes.juntadeandalucia.es\/cprvalledelguadiaro\/files\/2021\/11\/IMG-20211029-WA0055-765x1024.jpg 765w, https:\/\/blogsaverroes.juntadeandalucia.es\/cprvalledelguadiaro\/files\/2021\/11\/IMG-20211029-WA0055-768x1027.jpg 768w, https:\/\/blogsaverroes.juntadeandalucia.es\/cprvalledelguadiaro\/files\/2021\/11\/IMG-20211029-WA0055-1148x1536.jpg 1148w, https:\/\/blogsaverroes.juntadeandalucia.es\/cprvalledelguadiaro\/files\/2021\/11\/IMG-20211029-WA0055-700x936.jpg 700w, https:\/\/blogsaverroes.juntadeandalucia.es\/cprvalledelguadiaro\/files\/2021\/11\/IMG-20211029-WA0055.jpg 1196w\" sizes=\"(max-width: 224px) 100vw, 224px\" \/><\/a><a href=\"https:\/\/blogsaverroes.juntadeandalucia.es\/cprvalledelguadiaro\/files\/2021\/11\/IMG-20211029-WA0050.jpg\"><img loading=\"lazy\" decoding=\"async\" class=\"aligncenter size-medium wp-image-5315\" src=\"https:\/\/blogsaverroes.juntadeandalucia.es\/cprvalledelguadiaro\/files\/2021\/11\/IMG-20211029-WA0050-224x300.jpg\" alt=\"\" width=\"224\" height=\"300\" srcset=\"https:\/\/blogsaverroes.juntadeandalucia.es\/cprvalledelguadiaro\/files\/2021\/11\/IMG-20211029-WA0050-224x300.jpg 224w, https:\/\/blogsaverroes.juntadeandalucia.es\/cprvalledelguadiaro\/files\/2021\/11\/IMG-20211029-WA0050-765x1024.jpg 765w, https:\/\/blogsaverroes.juntadeandalucia.es\/cprvalledelguadiaro\/files\/2021\/11\/IMG-20211029-WA0050-768x1027.jpg 768w, https:\/\/blogsaverroes.juntadeandalucia.es\/cprvalledelguadiaro\/files\/2021\/11\/IMG-20211029-WA0050-1148x1536.jpg 1148w, https:\/\/blogsaverroes.juntadeandalucia.es\/cprvalledelguadiaro\/files\/2021\/11\/IMG-20211029-WA0050-700x936.jpg 700w, https:\/\/blogsaverroes.juntadeandalucia.es\/cprvalledelguadiaro\/files\/2021\/11\/IMG-20211029-WA0050.jpg 1196w\" sizes=\"(max-width: 224px) 100vw, 224px\" \/><\/a><\/p>\n<p><strong>El fantasma come miedos<\/strong><\/p>\n<p><a href=\"https:\/\/blogsaverroes.juntadeandalucia.es\/cprvalledelguadiaro\/files\/2021\/11\/IMG-20211029-WA0108.jpg\"><img loading=\"lazy\" decoding=\"async\" class=\"size-medium wp-image-5369 alignleft\" src=\"https:\/\/blogsaverroes.juntadeandalucia.es\/cprvalledelguadiaro\/files\/2021\/11\/IMG-20211029-WA0108-225x300.jpg\" alt=\"\" width=\"225\" height=\"300\" srcset=\"https:\/\/blogsaverroes.juntadeandalucia.es\/cprvalledelguadiaro\/files\/2021\/11\/IMG-20211029-WA0108-225x300.jpg 225w, https:\/\/blogsaverroes.juntadeandalucia.es\/cprvalledelguadiaro\/files\/2021\/11\/IMG-20211029-WA0108-768x1024.jpg 768w, https:\/\/blogsaverroes.juntadeandalucia.es\/cprvalledelguadiaro\/files\/2021\/11\/IMG-20211029-WA0108-1152x1536.jpg 1152w, https:\/\/blogsaverroes.juntadeandalucia.es\/cprvalledelguadiaro\/files\/2021\/11\/IMG-20211029-WA0108-700x933.jpg 700w, https:\/\/blogsaverroes.juntadeandalucia.es\/cprvalledelguadiaro\/files\/2021\/11\/IMG-20211029-WA0108.jpg 1200w\" sizes=\"(max-width: 225px) 100vw, 225px\" \/><\/a> <a href=\"https:\/\/blogsaverroes.juntadeandalucia.es\/cprvalledelguadiaro\/files\/2021\/11\/IMG-20211029-WA0107.jpg\"><img loading=\"lazy\" decoding=\"async\" class=\"aligncenter size-medium wp-image-5368\" src=\"https:\/\/blogsaverroes.juntadeandalucia.es\/cprvalledelguadiaro\/files\/2021\/11\/IMG-20211029-WA0107-225x300.jpg\" alt=\"\" width=\"225\" height=\"300\" srcset=\"https:\/\/blogsaverroes.juntadeandalucia.es\/cprvalledelguadiaro\/files\/2021\/11\/IMG-20211029-WA0107-225x300.jpg 225w, https:\/\/blogsaverroes.juntadeandalucia.es\/cprvalledelguadiaro\/files\/2021\/11\/IMG-20211029-WA0107-768x1024.jpg 768w, https:\/\/blogsaverroes.juntadeandalucia.es\/cprvalledelguadiaro\/files\/2021\/11\/IMG-20211029-WA0107-1152x1536.jpg 1152w, https:\/\/blogsaverroes.juntadeandalucia.es\/cprvalledelguadiaro\/files\/2021\/11\/IMG-20211029-WA0107-700x933.jpg 700w, https:\/\/blogsaverroes.juntadeandalucia.es\/cprvalledelguadiaro\/files\/2021\/11\/IMG-20211029-WA0107.jpg 1200w\" sizes=\"(max-width: 225px) 100vw, 225px\" \/><\/a> <a href=\"https:\/\/blogsaverroes.juntadeandalucia.es\/cprvalledelguadiaro\/files\/2021\/11\/IMG-20211029-WA0106.jpg\"><img loading=\"lazy\" decoding=\"async\" class=\"size-medium wp-image-5367 alignleft\" src=\"https:\/\/blogsaverroes.juntadeandalucia.es\/cprvalledelguadiaro\/files\/2021\/11\/IMG-20211029-WA0106-225x300.jpg\" alt=\"\" width=\"225\" height=\"300\" srcset=\"https:\/\/blogsaverroes.juntadeandalucia.es\/cprvalledelguadiaro\/files\/2021\/11\/IMG-20211029-WA0106-225x300.jpg 225w, https:\/\/blogsaverroes.juntadeandalucia.es\/cprvalledelguadiaro\/files\/2021\/11\/IMG-20211029-WA0106-768x1024.jpg 768w, https:\/\/blogsaverroes.juntadeandalucia.es\/cprvalledelguadiaro\/files\/2021\/11\/IMG-20211029-WA0106-1152x1536.jpg 1152w, https:\/\/blogsaverroes.juntadeandalucia.es\/cprvalledelguadiaro\/files\/2021\/11\/IMG-20211029-WA0106-700x933.jpg 700w, https:\/\/blogsaverroes.juntadeandalucia.es\/cprvalledelguadiaro\/files\/2021\/11\/IMG-20211029-WA0106.jpg 1200w\" sizes=\"(max-width: 225px) 100vw, 225px\" \/><\/a><a href=\"https:\/\/blogsaverroes.juntadeandalucia.es\/cprvalledelguadiaro\/files\/2021\/11\/IMG-20211029-WA0101.jpg\"><img loading=\"lazy\" decoding=\"async\" class=\"size-medium wp-image-5362 alignleft\" src=\"https:\/\/blogsaverroes.juntadeandalucia.es\/cprvalledelguadiaro\/files\/2021\/11\/IMG-20211029-WA0101-225x300.jpg\" alt=\"\" width=\"225\" height=\"300\" srcset=\"https:\/\/blogsaverroes.juntadeandalucia.es\/cprvalledelguadiaro\/files\/2021\/11\/IMG-20211029-WA0101-225x300.jpg 225w, https:\/\/blogsaverroes.juntadeandalucia.es\/cprvalledelguadiaro\/files\/2021\/11\/IMG-20211029-WA0101-768x1024.jpg 768w, https:\/\/blogsaverroes.juntadeandalucia.es\/cprvalledelguadiaro\/files\/2021\/11\/IMG-20211029-WA0101-1152x1536.jpg 1152w, https:\/\/blogsaverroes.juntadeandalucia.es\/cprvalledelguadiaro\/files\/2021\/11\/IMG-20211029-WA0101-700x933.jpg 700w, https:\/\/blogsaverroes.juntadeandalucia.es\/cprvalledelguadiaro\/files\/2021\/11\/IMG-20211029-WA0101.jpg 1200w\" sizes=\"(max-width: 225px) 100vw, 225px\" \/><\/a> <a href=\"https:\/\/blogsaverroes.juntadeandalucia.es\/cprvalledelguadiaro\/files\/2021\/11\/IMG-20211029-WA0102.jpg\"><img loading=\"lazy\" decoding=\"async\" class=\"size-medium wp-image-5363 alignleft\" src=\"https:\/\/blogsaverroes.juntadeandalucia.es\/cprvalledelguadiaro\/files\/2021\/11\/IMG-20211029-WA0102-225x300.jpg\" alt=\"\" width=\"225\" height=\"300\" srcset=\"https:\/\/blogsaverroes.juntadeandalucia.es\/cprvalledelguadiaro\/files\/2021\/11\/IMG-20211029-WA0102-225x300.jpg 225w, https:\/\/blogsaverroes.juntadeandalucia.es\/cprvalledelguadiaro\/files\/2021\/11\/IMG-20211029-WA0102-768x1024.jpg 768w, https:\/\/blogsaverroes.juntadeandalucia.es\/cprvalledelguadiaro\/files\/2021\/11\/IMG-20211029-WA0102-1152x1536.jpg 1152w, https:\/\/blogsaverroes.juntadeandalucia.es\/cprvalledelguadiaro\/files\/2021\/11\/IMG-20211029-WA0102-700x933.jpg 700w, https:\/\/blogsaverroes.juntadeandalucia.es\/cprvalledelguadiaro\/files\/2021\/11\/IMG-20211029-WA0102.jpg 1200w\" sizes=\"(max-width: 225px) 100vw, 225px\" \/><\/a> <a href=\"https:\/\/blogsaverroes.juntadeandalucia.es\/cprvalledelguadiaro\/files\/2021\/11\/IMG-20211029-WA0103.jpg\"><img loading=\"lazy\" decoding=\"async\" class=\"size-medium wp-image-5364 alignleft\" src=\"https:\/\/blogsaverroes.juntadeandalucia.es\/cprvalledelguadiaro\/files\/2021\/11\/IMG-20211029-WA0103-225x300.jpg\" alt=\"\" width=\"225\" height=\"300\" srcset=\"https:\/\/blogsaverroes.juntadeandalucia.es\/cprvalledelguadiaro\/files\/2021\/11\/IMG-20211029-WA0103-225x300.jpg 225w, https:\/\/blogsaverroes.juntadeandalucia.es\/cprvalledelguadiaro\/files\/2021\/11\/IMG-20211029-WA0103-768x1024.jpg 768w, https:\/\/blogsaverroes.juntadeandalucia.es\/cprvalledelguadiaro\/files\/2021\/11\/IMG-20211029-WA0103-1152x1536.jpg 1152w, https:\/\/blogsaverroes.juntadeandalucia.es\/cprvalledelguadiaro\/files\/2021\/11\/IMG-20211029-WA0103-700x933.jpg 700w, https:\/\/blogsaverroes.juntadeandalucia.es\/cprvalledelguadiaro\/files\/2021\/11\/IMG-20211029-WA0103.jpg 1200w\" sizes=\"(max-width: 225px) 100vw, 225px\" \/><\/a> <a href=\"https:\/\/blogsaverroes.juntadeandalucia.es\/cprvalledelguadiaro\/files\/2021\/11\/IMG-20211029-WA0105.jpg\"><img loading=\"lazy\" decoding=\"async\" class=\"size-medium wp-image-5366 alignleft\" src=\"https:\/\/blogsaverroes.juntadeandalucia.es\/cprvalledelguadiaro\/files\/2021\/11\/IMG-20211029-WA0105-225x300.jpg\" alt=\"\" width=\"225\" height=\"300\" srcset=\"https:\/\/blogsaverroes.juntadeandalucia.es\/cprvalledelguadiaro\/files\/2021\/11\/IMG-20211029-WA0105-225x300.jpg 225w, https:\/\/blogsaverroes.juntadeandalucia.es\/cprvalledelguadiaro\/files\/2021\/11\/IMG-20211029-WA0105-768x1024.jpg 768w, https:\/\/blogsaverroes.juntadeandalucia.es\/cprvalledelguadiaro\/files\/2021\/11\/IMG-20211029-WA0105-1152x1536.jpg 1152w, https:\/\/blogsaverroes.juntadeandalucia.es\/cprvalledelguadiaro\/files\/2021\/11\/IMG-20211029-WA0105-700x933.jpg 700w, https:\/\/blogsaverroes.juntadeandalucia.es\/cprvalledelguadiaro\/files\/2021\/11\/IMG-20211029-WA0105.jpg 1200w\" sizes=\"(max-width: 225px) 100vw, 225px\" \/><\/a> <a href=\"https:\/\/blogsaverroes.juntadeandalucia.es\/cprvalledelguadiaro\/files\/2021\/11\/IMG-20211029-WA0082.jpg\"><img loading=\"lazy\" decoding=\"async\" class=\"size-medium wp-image-5346 alignleft\" src=\"https:\/\/blogsaverroes.juntadeandalucia.es\/cprvalledelguadiaro\/files\/2021\/11\/IMG-20211029-WA0082-225x300.jpg\" alt=\"\" width=\"225\" height=\"300\" srcset=\"https:\/\/blogsaverroes.juntadeandalucia.es\/cprvalledelguadiaro\/files\/2021\/11\/IMG-20211029-WA0082-225x300.jpg 225w, https:\/\/blogsaverroes.juntadeandalucia.es\/cprvalledelguadiaro\/files\/2021\/11\/IMG-20211029-WA0082-768x1024.jpg 768w, https:\/\/blogsaverroes.juntadeandalucia.es\/cprvalledelguadiaro\/files\/2021\/11\/IMG-20211029-WA0082-1152x1536.jpg 1152w, https:\/\/blogsaverroes.juntadeandalucia.es\/cprvalledelguadiaro\/files\/2021\/11\/IMG-20211029-WA0082-700x933.jpg 700w, https:\/\/blogsaverroes.juntadeandalucia.es\/cprvalledelguadiaro\/files\/2021\/11\/IMG-20211029-WA0082.jpg 1200w\" sizes=\"(max-width: 225px) 100vw, 225px\" \/><\/a> <a href=\"https:\/\/blogsaverroes.juntadeandalucia.es\/cprvalledelguadiaro\/files\/2021\/11\/IMG-20211029-WA0081.jpg\"><img loading=\"lazy\" decoding=\"async\" class=\"size-medium wp-image-5345 alignleft\" src=\"https:\/\/blogsaverroes.juntadeandalucia.es\/cprvalledelguadiaro\/files\/2021\/11\/IMG-20211029-WA0081-225x300.jpg\" alt=\"\" width=\"225\" height=\"300\" srcset=\"https:\/\/blogsaverroes.juntadeandalucia.es\/cprvalledelguadiaro\/files\/2021\/11\/IMG-20211029-WA0081-225x300.jpg 225w, https:\/\/blogsaverroes.juntadeandalucia.es\/cprvalledelguadiaro\/files\/2021\/11\/IMG-20211029-WA0081-768x1024.jpg 768w, https:\/\/blogsaverroes.juntadeandalucia.es\/cprvalledelguadiaro\/files\/2021\/11\/IMG-20211029-WA0081-1152x1536.jpg 1152w, https:\/\/blogsaverroes.juntadeandalucia.es\/cprvalledelguadiaro\/files\/2021\/11\/IMG-20211029-WA0081-700x933.jpg 700w, https:\/\/blogsaverroes.juntadeandalucia.es\/cprvalledelguadiaro\/files\/2021\/11\/IMG-20211029-WA0081.jpg 1200w\" sizes=\"(max-width: 225px) 100vw, 225px\" \/><\/a><a href=\"https:\/\/blogsaverroes.juntadeandalucia.es\/cprvalledelguadiaro\/files\/2021\/11\/WhatsApp-Image-2021-10-29-at-11.55.47.jpeg\"><img loading=\"lazy\" decoding=\"async\" class=\"aligncenter size-medium wp-image-5500\" src=\"https:\/\/blogsaverroes.juntadeandalucia.es\/cprvalledelguadiaro\/files\/2021\/11\/WhatsApp-Image-2021-10-29-at-11.55.47-225x300.jpeg\" alt=\"\" width=\"225\" height=\"300\" srcset=\"https:\/\/blogsaverroes.juntadeandalucia.es\/cprvalledelguadiaro\/files\/2021\/11\/WhatsApp-Image-2021-10-29-at-11.55.47-225x300.jpeg 225w, https:\/\/blogsaverroes.juntadeandalucia.es\/cprvalledelguadiaro\/files\/2021\/11\/WhatsApp-Image-2021-10-29-at-11.55.47-768x1024.jpeg 768w, https:\/\/blogsaverroes.juntadeandalucia.es\/cprvalledelguadiaro\/files\/2021\/11\/WhatsApp-Image-2021-10-29-at-11.55.47-1152x1536.jpeg 1152w, https:\/\/blogsaverroes.juntadeandalucia.es\/cprvalledelguadiaro\/files\/2021\/11\/WhatsApp-Image-2021-10-29-at-11.55.47-700x933.jpeg 700w, https:\/\/blogsaverroes.juntadeandalucia.es\/cprvalledelguadiaro\/files\/2021\/11\/WhatsApp-Image-2021-10-29-at-11.55.47.jpeg 1200w\" sizes=\"(max-width: 225px) 100vw, 225px\" \/><\/a><a href=\"https:\/\/blogsaverroes.juntadeandalucia.es\/cprvalledelguadiaro\/files\/2021\/11\/WhatsApp-Image-2021-10-29-at-11.55.43.jpeg\"><img loading=\"lazy\" decoding=\"async\" class=\"size-medium wp-image-5501 alignleft\" src=\"https:\/\/blogsaverroes.juntadeandalucia.es\/cprvalledelguadiaro\/files\/2021\/11\/WhatsApp-Image-2021-10-29-at-11.55.43-225x300.jpeg\" alt=\"\" width=\"225\" height=\"300\" srcset=\"https:\/\/blogsaverroes.juntadeandalucia.es\/cprvalledelguadiaro\/files\/2021\/11\/WhatsApp-Image-2021-10-29-at-11.55.43-225x300.jpeg 225w, https:\/\/blogsaverroes.juntadeandalucia.es\/cprvalledelguadiaro\/files\/2021\/11\/WhatsApp-Image-2021-10-29-at-11.55.43-768x1024.jpeg 768w, https:\/\/blogsaverroes.juntadeandalucia.es\/cprvalledelguadiaro\/files\/2021\/11\/WhatsApp-Image-2021-10-29-at-11.55.43-1152x1536.jpeg 1152w, https:\/\/blogsaverroes.juntadeandalucia.es\/cprvalledelguadiaro\/files\/2021\/11\/WhatsApp-Image-2021-10-29-at-11.55.43-700x933.jpeg 700w, https:\/\/blogsaverroes.juntadeandalucia.es\/cprvalledelguadiaro\/files\/2021\/11\/WhatsApp-Image-2021-10-29-at-11.55.43.jpeg 1200w\" sizes=\"(max-width: 225px) 100vw, 225px\" \/><\/a> <a href=\"https:\/\/blogsaverroes.juntadeandalucia.es\/cprvalledelguadiaro\/files\/2021\/11\/IMG-20211029-WA0080.jpg\"><img loading=\"lazy\" decoding=\"async\" class=\"size-medium wp-image-5344 alignleft\" src=\"https:\/\/blogsaverroes.juntadeandalucia.es\/cprvalledelguadiaro\/files\/2021\/11\/IMG-20211029-WA0080-225x300.jpg\" alt=\"\" width=\"225\" height=\"300\" srcset=\"https:\/\/blogsaverroes.juntadeandalucia.es\/cprvalledelguadiaro\/files\/2021\/11\/IMG-20211029-WA0080-225x300.jpg 225w, https:\/\/blogsaverroes.juntadeandalucia.es\/cprvalledelguadiaro\/files\/2021\/11\/IMG-20211029-WA0080-768x1024.jpg 768w, https:\/\/blogsaverroes.juntadeandalucia.es\/cprvalledelguadiaro\/files\/2021\/11\/IMG-20211029-WA0080-1152x1536.jpg 1152w, https:\/\/blogsaverroes.juntadeandalucia.es\/cprvalledelguadiaro\/files\/2021\/11\/IMG-20211029-WA0080-700x933.jpg 700w, https:\/\/blogsaverroes.juntadeandalucia.es\/cprvalledelguadiaro\/files\/2021\/11\/IMG-20211029-WA0080.jpg 1200w\" sizes=\"(max-width: 225px) 100vw, 225px\" \/><\/a> <a href=\"https:\/\/blogsaverroes.juntadeandalucia.es\/cprvalledelguadiaro\/files\/2021\/11\/IMG-20211029-WA0079.jpg\"><img loading=\"lazy\" decoding=\"async\" class=\"size-medium wp-image-5343 alignleft\" src=\"https:\/\/blogsaverroes.juntadeandalucia.es\/cprvalledelguadiaro\/files\/2021\/11\/IMG-20211029-WA0079-225x300.jpg\" alt=\"\" width=\"225\" height=\"300\" srcset=\"https:\/\/blogsaverroes.juntadeandalucia.es\/cprvalledelguadiaro\/files\/2021\/11\/IMG-20211029-WA0079-225x300.jpg 225w, https:\/\/blogsaverroes.juntadeandalucia.es\/cprvalledelguadiaro\/files\/2021\/11\/IMG-20211029-WA0079-768x1024.jpg 768w, https:\/\/blogsaverroes.juntadeandalucia.es\/cprvalledelguadiaro\/files\/2021\/11\/IMG-20211029-WA0079-1152x1536.jpg 1152w, https:\/\/blogsaverroes.juntadeandalucia.es\/cprvalledelguadiaro\/files\/2021\/11\/IMG-20211029-WA0079-700x933.jpg 700w, https:\/\/blogsaverroes.juntadeandalucia.es\/cprvalledelguadiaro\/files\/2021\/11\/IMG-20211029-WA0079.jpg 1200w\" sizes=\"(max-width: 225px) 100vw, 225px\" \/><\/a> <a href=\"https:\/\/blogsaverroes.juntadeandalucia.es\/cprvalledelguadiaro\/files\/2021\/11\/IMG-20211029-WA0078.jpg\"><img loading=\"lazy\" decoding=\"async\" class=\"size-medium wp-image-5342 alignleft\" src=\"https:\/\/blogsaverroes.juntadeandalucia.es\/cprvalledelguadiaro\/files\/2021\/11\/IMG-20211029-WA0078-225x300.jpg\" alt=\"\" width=\"225\" height=\"300\" srcset=\"https:\/\/blogsaverroes.juntadeandalucia.es\/cprvalledelguadiaro\/files\/2021\/11\/IMG-20211029-WA0078-225x300.jpg 225w, https:\/\/blogsaverroes.juntadeandalucia.es\/cprvalledelguadiaro\/files\/2021\/11\/IMG-20211029-WA0078-768x1024.jpg 768w, https:\/\/blogsaverroes.juntadeandalucia.es\/cprvalledelguadiaro\/files\/2021\/11\/IMG-20211029-WA0078-1152x1536.jpg 1152w, https:\/\/blogsaverroes.juntadeandalucia.es\/cprvalledelguadiaro\/files\/2021\/11\/IMG-20211029-WA0078-700x933.jpg 700w, https:\/\/blogsaverroes.juntadeandalucia.es\/cprvalledelguadiaro\/files\/2021\/11\/IMG-20211029-WA0078.jpg 1200w\" sizes=\"(max-width: 225px) 100vw, 225px\" \/><\/a> <a href=\"https:\/\/blogsaverroes.juntadeandalucia.es\/cprvalledelguadiaro\/files\/2021\/11\/IMG-20211029-WA0077.jpg\"><img loading=\"lazy\" decoding=\"async\" class=\"size-medium wp-image-5341 alignleft\" src=\"https:\/\/blogsaverroes.juntadeandalucia.es\/cprvalledelguadiaro\/files\/2021\/11\/IMG-20211029-WA0077-225x300.jpg\" alt=\"\" width=\"225\" height=\"300\" srcset=\"https:\/\/blogsaverroes.juntadeandalucia.es\/cprvalledelguadiaro\/files\/2021\/11\/IMG-20211029-WA0077-225x300.jpg 225w, https:\/\/blogsaverroes.juntadeandalucia.es\/cprvalledelguadiaro\/files\/2021\/11\/IMG-20211029-WA0077-768x1024.jpg 768w, https:\/\/blogsaverroes.juntadeandalucia.es\/cprvalledelguadiaro\/files\/2021\/11\/IMG-20211029-WA0077-1152x1536.jpg 1152w, https:\/\/blogsaverroes.juntadeandalucia.es\/cprvalledelguadiaro\/files\/2021\/11\/IMG-20211029-WA0077-700x933.jpg 700w, https:\/\/blogsaverroes.juntadeandalucia.es\/cprvalledelguadiaro\/files\/2021\/11\/IMG-20211029-WA0077.jpg 1200w\" sizes=\"(max-width: 225px) 100vw, 225px\" \/><\/a> <a href=\"https:\/\/blogsaverroes.juntadeandalucia.es\/cprvalledelguadiaro\/files\/2021\/11\/IMG-20211029-WA0076.jpg\"><img loading=\"lazy\" decoding=\"async\" class=\"size-medium wp-image-5340 alignleft\" src=\"https:\/\/blogsaverroes.juntadeandalucia.es\/cprvalledelguadiaro\/files\/2021\/11\/IMG-20211029-WA0076-225x300.jpg\" alt=\"\" width=\"225\" height=\"300\" srcset=\"https:\/\/blogsaverroes.juntadeandalucia.es\/cprvalledelguadiaro\/files\/2021\/11\/IMG-20211029-WA0076-225x300.jpg 225w, https:\/\/blogsaverroes.juntadeandalucia.es\/cprvalledelguadiaro\/files\/2021\/11\/IMG-20211029-WA0076-768x1024.jpg 768w, https:\/\/blogsaverroes.juntadeandalucia.es\/cprvalledelguadiaro\/files\/2021\/11\/IMG-20211029-WA0076-1152x1536.jpg 1152w, https:\/\/blogsaverroes.juntadeandalucia.es\/cprvalledelguadiaro\/files\/2021\/11\/IMG-20211029-WA0076-700x933.jpg 700w, https:\/\/blogsaverroes.juntadeandalucia.es\/cprvalledelguadiaro\/files\/2021\/11\/IMG-20211029-WA0076.jpg 1200w\" sizes=\"(max-width: 225px) 100vw, 225px\" \/><\/a> <a href=\"https:\/\/blogsaverroes.juntadeandalucia.es\/cprvalledelguadiaro\/files\/2021\/11\/IMG-20211029-WA0042.jpg\"><img loading=\"lazy\" decoding=\"async\" class=\"size-medium wp-image-5307 alignleft\" src=\"https:\/\/blogsaverroes.juntadeandalucia.es\/cprvalledelguadiaro\/files\/2021\/11\/IMG-20211029-WA0042-225x300.jpg\" alt=\"\" width=\"225\" height=\"300\" srcset=\"https:\/\/blogsaverroes.juntadeandalucia.es\/cprvalledelguadiaro\/files\/2021\/11\/IMG-20211029-WA0042-225x300.jpg 225w, https:\/\/blogsaverroes.juntadeandalucia.es\/cprvalledelguadiaro\/files\/2021\/11\/IMG-20211029-WA0042-768x1024.jpg 768w, https:\/\/blogsaverroes.juntadeandalucia.es\/cprvalledelguadiaro\/files\/2021\/11\/IMG-20211029-WA0042-1152x1536.jpg 1152w, https:\/\/blogsaverroes.juntadeandalucia.es\/cprvalledelguadiaro\/files\/2021\/11\/IMG-20211029-WA0042-700x933.jpg 700w, https:\/\/blogsaverroes.juntadeandalucia.es\/cprvalledelguadiaro\/files\/2021\/11\/IMG-20211029-WA0042.jpg 1200w\" sizes=\"(max-width: 225px) 100vw, 225px\" \/><\/a> <a href=\"https:\/\/blogsaverroes.juntadeandalucia.es\/cprvalledelguadiaro\/files\/2021\/11\/IMG-20211029-WA0041.jpg\"><img loading=\"lazy\" decoding=\"async\" class=\"size-medium wp-image-5306 alignleft\" src=\"https:\/\/blogsaverroes.juntadeandalucia.es\/cprvalledelguadiaro\/files\/2021\/11\/IMG-20211029-WA0041-225x300.jpg\" alt=\"\" width=\"225\" height=\"300\" srcset=\"https:\/\/blogsaverroes.juntadeandalucia.es\/cprvalledelguadiaro\/files\/2021\/11\/IMG-20211029-WA0041-225x300.jpg 225w, https:\/\/blogsaverroes.juntadeandalucia.es\/cprvalledelguadiaro\/files\/2021\/11\/IMG-20211029-WA0041-768x1024.jpg 768w, https:\/\/blogsaverroes.juntadeandalucia.es\/cprvalledelguadiaro\/files\/2021\/11\/IMG-20211029-WA0041-1152x1536.jpg 1152w, https:\/\/blogsaverroes.juntadeandalucia.es\/cprvalledelguadiaro\/files\/2021\/11\/IMG-20211029-WA0041-700x933.jpg 700w, https:\/\/blogsaverroes.juntadeandalucia.es\/cprvalledelguadiaro\/files\/2021\/11\/IMG-20211029-WA0041.jpg 1200w\" sizes=\"(max-width: 225px) 100vw, 225px\" \/><\/a> <a href=\"https:\/\/blogsaverroes.juntadeandalucia.es\/cprvalledelguadiaro\/files\/2021\/11\/IMG-20211029-WA0040.jpg\"><img loading=\"lazy\" decoding=\"async\" class=\"size-medium wp-image-5305 alignleft\" src=\"https:\/\/blogsaverroes.juntadeandalucia.es\/cprvalledelguadiaro\/files\/2021\/11\/IMG-20211029-WA0040-225x300.jpg\" alt=\"\" width=\"225\" height=\"300\" srcset=\"https:\/\/blogsaverroes.juntadeandalucia.es\/cprvalledelguadiaro\/files\/2021\/11\/IMG-20211029-WA0040-225x300.jpg 225w, https:\/\/blogsaverroes.juntadeandalucia.es\/cprvalledelguadiaro\/files\/2021\/11\/IMG-20211029-WA0040-768x1024.jpg 768w, https:\/\/blogsaverroes.juntadeandalucia.es\/cprvalledelguadiaro\/files\/2021\/11\/IMG-20211029-WA0040-1152x1536.jpg 1152w, https:\/\/blogsaverroes.juntadeandalucia.es\/cprvalledelguadiaro\/files\/2021\/11\/IMG-20211029-WA0040-700x933.jpg 700w, https:\/\/blogsaverroes.juntadeandalucia.es\/cprvalledelguadiaro\/files\/2021\/11\/IMG-20211029-WA0040.jpg 1200w\" sizes=\"(max-width: 225px) 100vw, 225px\" \/><\/a> <a href=\"https:\/\/blogsaverroes.juntadeandalucia.es\/cprvalledelguadiaro\/files\/2021\/11\/IMG-20211029-WA0039.jpg\"><img loading=\"lazy\" decoding=\"async\" class=\"aligncenter size-medium wp-image-5304\" src=\"https:\/\/blogsaverroes.juntadeandalucia.es\/cprvalledelguadiaro\/files\/2021\/11\/IMG-20211029-WA0039-225x300.jpg\" alt=\"\" width=\"225\" height=\"300\" srcset=\"https:\/\/blogsaverroes.juntadeandalucia.es\/cprvalledelguadiaro\/files\/2021\/11\/IMG-20211029-WA0039-225x300.jpg 225w, https:\/\/blogsaverroes.juntadeandalucia.es\/cprvalledelguadiaro\/files\/2021\/11\/IMG-20211029-WA0039-768x1024.jpg 768w, https:\/\/blogsaverroes.juntadeandalucia.es\/cprvalledelguadiaro\/files\/2021\/11\/IMG-20211029-WA0039-1152x1536.jpg 1152w, https:\/\/blogsaverroes.juntadeandalucia.es\/cprvalledelguadiaro\/files\/2021\/11\/IMG-20211029-WA0039-700x933.jpg 700w, https:\/\/blogsaverroes.juntadeandalucia.es\/cprvalledelguadiaro\/files\/2021\/11\/IMG-20211029-WA0039.jpg 1200w\" sizes=\"(max-width: 225px) 100vw, 225px\" \/><\/a><\/p>\n<p><strong>Paseo por el pueblo<\/strong><\/p>\n<div style=\"width: 640px;\" class=\"wp-video\"><!--[if lt IE 9]><script>document.createElement('video');<\/script><![endif]-->\n<video class=\"wp-video-shortcode\" id=\"video-5257-1\" width=\"640\" height=\"352\" preload=\"metadata\" controls=\"controls\"><source type=\"video\/mp4\" src=\"https:\/\/blogsaverroes.juntadeandalucia.es\/cprvalledelguadiaro\/files\/2021\/11\/VID-20211029-WA0022.mp4?_=1\" \/><a href=\"https:\/\/blogsaverroes.juntadeandalucia.es\/cprvalledelguadiaro\/files\/2021\/11\/VID-20211029-WA0022.mp4\">https:\/\/blogsaverroes.juntadeandalucia.es\/cprvalledelguadiaro\/files\/2021\/11\/VID-20211029-WA0022.mp4<\/a><\/video><\/div>\n<p>&nbsp;<\/p>\n<p>Como veis la fiesta de Halloween fue genial y nos lo pasamos estupendamente, pero en este cole no paramos ya que esta semana celebramos la \u00a1\u00a1fiesta del oto\u00f1o!! , ya os contaremos la pr\u00f3xima semana como nos ha ido.<\/p>\n<p>\u00a1\u00a1\u00a1Pasadlo bien queridos lectores!!!<\/p>\n","protected":false},"excerpt":{"rendered":"<p>Hola queridos lectores: Hoy os vamos a mostrar lo bien que lo pasamos en nuestro cole, concretamente en la fiesta de Halloween que hicimos.&nbsp; Tuvimos desayuno terror\u00edfico, nos disfrazamos de personajes horrendos, echamos todos&#46;&#46;&#46;<\/p>\n","protected":false},"author":4494,"featured_media":5503,"comment_status":"open","ping_status":"open","sticky":false,"template":"","format":"standard","meta":{"ngg_post_thumbnail":0,"footnotes":""},"categories":[11909],"tags":[],"aioseo_notices":[],"_links":{"self":[{"href":"https:\/\/blogsaverroes.juntadeandalucia.es\/cprvalledelguadiaro\/index.php?rest_route=\/wp\/v2\/posts\/5257"}],"collection":[{"href":"https:\/\/blogsaverroes.juntadeandalucia.es\/cprvalledelguadiaro\/index.php?rest_route=\/wp\/v2\/posts"}],"about":[{"href":"https:\/\/blogsaverroes.juntadeandalucia.es\/cprvalledelguadiaro\/index.php?rest_route=\/wp\/v2\/types\/post"}],"author":[{"embeddable":true,"href":"https:\/\/blogsaverroes.juntadeandalucia.es\/cprvalledelguadiaro\/index.php?rest_route=\/wp\/v2\/users\/4494"}],"replies":[{"embeddable":true,"href":"https:\/\/blogsaverroes.juntadeandalucia.es\/cprvalledelguadiaro\/index.php?rest_route=%2Fwp%2Fv2%2Fcomments&post=5257"}],"version-history":[{"count":5,"href":"https:\/\/blogsaverroes.juntadeandalucia.es\/cprvalledelguadiaro\/index.php?rest_route=\/wp\/v2\/posts\/5257\/revisions"}],"predecessor-version":[{"id":5508,"href":"https:\/\/blogsaverroes.juntadeandalucia.es\/cprvalledelguadiaro\/index.php?rest_route=\/wp\/v2\/posts\/5257\/revisions\/5508"}],"wp:featuredmedia":[{"embeddable":true,"href":"https:\/\/blogsaverroes.juntadeandalucia.es\/cprvalledelguadiaro\/index.php?rest_route=\/wp\/v2\/media\/5503"}],"wp:attachment":[{"href":"https:\/\/blogsaverroes.juntadeandalucia.es\/cprvalledelguadiaro\/index.php?rest_route=%2Fwp%2Fv2%2Fmedia&parent=5257"}],"wp:term":[{"taxonomy":"category","embeddable":true,"href":"https:\/\/blogsaverroes.juntadeandalucia.es\/cprvalledelguadiaro\/index.php?rest_route=%2Fwp%2Fv2%2Fcategories&post=5257"},{"taxonomy":"post_tag","embeddable":true,"href":"https:\/\/blogsaverroes.juntadeandalucia.es\/cprvalledelguadiaro\/index.php?rest_route=%2Fwp%2Fv2%2Ftags&post=5257"}],"curies":[{"name":"wp","href":"https:\/\/api.w.org\/{rel}","templated":true}]}}