{"id":7797,"date":"2022-04-29T10:45:46","date_gmt":"2022-04-29T10:45:46","guid":{"rendered":"https:\/\/blogsaverroes.juntadeandalucia.es\/cprvalledelguadiaro\/?p=7797"},"modified":"2022-04-29T10:45:46","modified_gmt":"2022-04-29T10:45:46","slug":"reto-deportivo-marzo-abril","status":"publish","type":"post","link":"https:\/\/blogsaverroes.juntadeandalucia.es\/cprvalledelguadiaro\/?p=7797","title":{"rendered":"RETO DEPORTIVO MARZO-ABRIL"},"content":{"rendered":"<p>Hola queridos lectores<\/p>\n<p>Como cada semana os vamos a mostrar lo bien que nos lo pasamos en este cole.<\/p>\n<p>Sab\u00e9is que nos gusta mucho hacer deporte fuera del cole, organizamos el reto deportivo cada mes y por eso os vamos a mostrar el ejercicio que hacen nuestros alumnos y alumnas fuera del cole. Empezamos!!!!<\/p>\n<p>Jos\u00e9 Mar\u00eda de Infantil Ca\u00f1ada de 3 a\u00f1os se lo pasa genial entre dinosaurios<\/p>\n<p><a href=\"https:\/\/blogsaverroes.juntadeandalucia.es\/cprvalledelguadiaro\/files\/2022\/04\/IMG-20220422-WA0007.jpg\"><img loading=\"lazy\" decoding=\"async\" class=\"size-medium wp-image-7809 alignleft\" src=\"https:\/\/blogsaverroes.juntadeandalucia.es\/cprvalledelguadiaro\/files\/2022\/04\/IMG-20220422-WA0007-225x300.jpg\" alt=\"\" width=\"225\" height=\"300\" srcset=\"https:\/\/blogsaverroes.juntadeandalucia.es\/cprvalledelguadiaro\/files\/2022\/04\/IMG-20220422-WA0007-225x300.jpg 225w, https:\/\/blogsaverroes.juntadeandalucia.es\/cprvalledelguadiaro\/files\/2022\/04\/IMG-20220422-WA0007-768x1024.jpg 768w, https:\/\/blogsaverroes.juntadeandalucia.es\/cprvalledelguadiaro\/files\/2022\/04\/IMG-20220422-WA0007-1152x1536.jpg 1152w, https:\/\/blogsaverroes.juntadeandalucia.es\/cprvalledelguadiaro\/files\/2022\/04\/IMG-20220422-WA0007-700x933.jpg 700w, https:\/\/blogsaverroes.juntadeandalucia.es\/cprvalledelguadiaro\/files\/2022\/04\/IMG-20220422-WA0007.jpg 1200w\" sizes=\"(max-width: 225px) 100vw, 225px\" \/><\/a> <a href=\"https:\/\/blogsaverroes.juntadeandalucia.es\/cprvalledelguadiaro\/files\/2022\/04\/IMG-20220422-WA0008.jpg\"><img loading=\"lazy\" decoding=\"async\" class=\"aligncenter size-medium wp-image-7807\" src=\"https:\/\/blogsaverroes.juntadeandalucia.es\/cprvalledelguadiaro\/files\/2022\/04\/IMG-20220422-WA0008-225x300.jpg\" alt=\"\" width=\"225\" height=\"300\" srcset=\"https:\/\/blogsaverroes.juntadeandalucia.es\/cprvalledelguadiaro\/files\/2022\/04\/IMG-20220422-WA0008-225x300.jpg 225w, https:\/\/blogsaverroes.juntadeandalucia.es\/cprvalledelguadiaro\/files\/2022\/04\/IMG-20220422-WA0008-768x1024.jpg 768w, https:\/\/blogsaverroes.juntadeandalucia.es\/cprvalledelguadiaro\/files\/2022\/04\/IMG-20220422-WA0008-1152x1536.jpg 1152w, https:\/\/blogsaverroes.juntadeandalucia.es\/cprvalledelguadiaro\/files\/2022\/04\/IMG-20220422-WA0008-700x933.jpg 700w, https:\/\/blogsaverroes.juntadeandalucia.es\/cprvalledelguadiaro\/files\/2022\/04\/IMG-20220422-WA0008.jpg 1200w\" sizes=\"(max-width: 225px) 100vw, 225px\" \/><\/a><\/p>\n<p>&nbsp;<\/p>\n<p>Mar\u00eda de 3 a\u00f1os de infantil de Ca\u00f1ada se lo pasa bomba:<\/p>\n<p><a href=\"https:\/\/blogsaverroes.juntadeandalucia.es\/cprvalledelguadiaro\/files\/2022\/04\/IMG-20220422-WA0005.jpg\"><img loading=\"lazy\" decoding=\"async\" class=\"size-medium wp-image-7810 alignleft\" src=\"https:\/\/blogsaverroes.juntadeandalucia.es\/cprvalledelguadiaro\/files\/2022\/04\/IMG-20220422-WA0005-225x300.jpg\" alt=\"\" width=\"225\" height=\"300\" srcset=\"https:\/\/blogsaverroes.juntadeandalucia.es\/cprvalledelguadiaro\/files\/2022\/04\/IMG-20220422-WA0005-225x300.jpg 225w, https:\/\/blogsaverroes.juntadeandalucia.es\/cprvalledelguadiaro\/files\/2022\/04\/IMG-20220422-WA0005-768x1024.jpg 768w, https:\/\/blogsaverroes.juntadeandalucia.es\/cprvalledelguadiaro\/files\/2022\/04\/IMG-20220422-WA0005-1152x1536.jpg 1152w, https:\/\/blogsaverroes.juntadeandalucia.es\/cprvalledelguadiaro\/files\/2022\/04\/IMG-20220422-WA0005-700x933.jpg 700w, https:\/\/blogsaverroes.juntadeandalucia.es\/cprvalledelguadiaro\/files\/2022\/04\/IMG-20220422-WA0005.jpg 1200w\" sizes=\"(max-width: 225px) 100vw, 225px\" \/><\/a> <a href=\"https:\/\/blogsaverroes.juntadeandalucia.es\/cprvalledelguadiaro\/files\/2022\/04\/IMG-20220422-WA0003.jpg\"><img loading=\"lazy\" decoding=\"async\" class=\"aligncenter size-medium wp-image-7802\" src=\"https:\/\/blogsaverroes.juntadeandalucia.es\/cprvalledelguadiaro\/files\/2022\/04\/IMG-20220422-WA0003-225x300.jpg\" alt=\"\" width=\"225\" height=\"300\" srcset=\"https:\/\/blogsaverroes.juntadeandalucia.es\/cprvalledelguadiaro\/files\/2022\/04\/IMG-20220422-WA0003-225x300.jpg 225w, https:\/\/blogsaverroes.juntadeandalucia.es\/cprvalledelguadiaro\/files\/2022\/04\/IMG-20220422-WA0003-768x1024.jpg 768w, https:\/\/blogsaverroes.juntadeandalucia.es\/cprvalledelguadiaro\/files\/2022\/04\/IMG-20220422-WA0003-1152x1536.jpg 1152w, https:\/\/blogsaverroes.juntadeandalucia.es\/cprvalledelguadiaro\/files\/2022\/04\/IMG-20220422-WA0003-700x933.jpg 700w, https:\/\/blogsaverroes.juntadeandalucia.es\/cprvalledelguadiaro\/files\/2022\/04\/IMG-20220422-WA0003.jpg 1200w\" sizes=\"(max-width: 225px) 100vw, 225px\" \/><\/a><\/p>\n<p>&nbsp;<\/p>\n<p>Daniela de 4 a\u00f1os de Infantil Jimera nos manda unas fotos muy chulas:&nbsp;<\/p>\n<p><a href=\"https:\/\/blogsaverroes.juntadeandalucia.es\/cprvalledelguadiaro\/files\/2022\/04\/IMG-20220327-WA0002.jpg\"><img loading=\"lazy\" decoding=\"async\" class=\"size-medium wp-image-7813 alignleft\" src=\"https:\/\/blogsaverroes.juntadeandalucia.es\/cprvalledelguadiaro\/files\/2022\/04\/IMG-20220327-WA0002-300x225.jpg\" alt=\"\" width=\"300\" height=\"225\" srcset=\"https:\/\/blogsaverroes.juntadeandalucia.es\/cprvalledelguadiaro\/files\/2022\/04\/IMG-20220327-WA0002-300x225.jpg 300w, https:\/\/blogsaverroes.juntadeandalucia.es\/cprvalledelguadiaro\/files\/2022\/04\/IMG-20220327-WA0002-1024x768.jpg 1024w, https:\/\/blogsaverroes.juntadeandalucia.es\/cprvalledelguadiaro\/files\/2022\/04\/IMG-20220327-WA0002-768x576.jpg 768w, https:\/\/blogsaverroes.juntadeandalucia.es\/cprvalledelguadiaro\/files\/2022\/04\/IMG-20220327-WA0002-1536x1152.jpg 1536w, https:\/\/blogsaverroes.juntadeandalucia.es\/cprvalledelguadiaro\/files\/2022\/04\/IMG-20220327-WA0002-700x525.jpg 700w, https:\/\/blogsaverroes.juntadeandalucia.es\/cprvalledelguadiaro\/files\/2022\/04\/IMG-20220327-WA0002.jpg 1600w\" sizes=\"(max-width: 300px) 100vw, 300px\" \/><\/a> <a href=\"https:\/\/blogsaverroes.juntadeandalucia.es\/cprvalledelguadiaro\/files\/2022\/04\/IMG-20220419-WA0000-1.jpg\"><img loading=\"lazy\" decoding=\"async\" class=\"aligncenter size-medium wp-image-7812\" src=\"https:\/\/blogsaverroes.juntadeandalucia.es\/cprvalledelguadiaro\/files\/2022\/04\/IMG-20220419-WA0000-1-169x300.jpg\" alt=\"\" width=\"169\" height=\"300\" srcset=\"https:\/\/blogsaverroes.juntadeandalucia.es\/cprvalledelguadiaro\/files\/2022\/04\/IMG-20220419-WA0000-1-169x300.jpg 169w, https:\/\/blogsaverroes.juntadeandalucia.es\/cprvalledelguadiaro\/files\/2022\/04\/IMG-20220419-WA0000-1-576x1024.jpg 576w, https:\/\/blogsaverroes.juntadeandalucia.es\/cprvalledelguadiaro\/files\/2022\/04\/IMG-20220419-WA0000-1-700x1244.jpg 700w, https:\/\/blogsaverroes.juntadeandalucia.es\/cprvalledelguadiaro\/files\/2022\/04\/IMG-20220419-WA0000-1.jpg 720w\" sizes=\"(max-width: 169px) 100vw, 169px\" \/><\/a> <a href=\"https:\/\/blogsaverroes.juntadeandalucia.es\/cprvalledelguadiaro\/files\/2022\/04\/IMG-20220330-WA0022.jpg\"><img loading=\"lazy\" decoding=\"async\" class=\"aligncenter size-medium wp-image-7811\" src=\"https:\/\/blogsaverroes.juntadeandalucia.es\/cprvalledelguadiaro\/files\/2022\/04\/IMG-20220330-WA0022-300x225.jpg\" alt=\"\" width=\"300\" height=\"225\" srcset=\"https:\/\/blogsaverroes.juntadeandalucia.es\/cprvalledelguadiaro\/files\/2022\/04\/IMG-20220330-WA0022-300x225.jpg 300w, https:\/\/blogsaverroes.juntadeandalucia.es\/cprvalledelguadiaro\/files\/2022\/04\/IMG-20220330-WA0022-1024x768.jpg 1024w, https:\/\/blogsaverroes.juntadeandalucia.es\/cprvalledelguadiaro\/files\/2022\/04\/IMG-20220330-WA0022-768x576.jpg 768w, https:\/\/blogsaverroes.juntadeandalucia.es\/cprvalledelguadiaro\/files\/2022\/04\/IMG-20220330-WA0022-1536x1152.jpg 1536w, https:\/\/blogsaverroes.juntadeandalucia.es\/cprvalledelguadiaro\/files\/2022\/04\/IMG-20220330-WA0022-700x525.jpg 700w, https:\/\/blogsaverroes.juntadeandalucia.es\/cprvalledelguadiaro\/files\/2022\/04\/IMG-20220330-WA0022.jpg 1600w\" sizes=\"(max-width: 300px) 100vw, 300px\" \/><\/a><\/p>\n<p>&nbsp;<\/p>\n<p>Julia de 4 a\u00f1os de Infantil Jimera nos manda este video:<\/p>\n<div style=\"width: 1080px;\" class=\"wp-video\"><!--[if lt IE 9]><script>document.createElement('video');<\/script><![endif]-->\n<video class=\"wp-video-shortcode\" id=\"video-7797-1\" width=\"1080\" height=\"1920\" preload=\"metadata\" controls=\"controls\"><source type=\"video\/mp4\" src=\"https:\/\/blogsaverroes.juntadeandalucia.es\/cprvalledelguadiaro\/files\/2022\/04\/VID_20220407_17492800.mp4?_=1\" \/><a href=\"https:\/\/blogsaverroes.juntadeandalucia.es\/cprvalledelguadiaro\/files\/2022\/04\/VID_20220407_17492800.mp4\">https:\/\/blogsaverroes.juntadeandalucia.es\/cprvalledelguadiaro\/files\/2022\/04\/VID_20220407_17492800.mp4<\/a><\/video><\/div>\n<p>&nbsp;<\/p>\n<p>Carmen de Infantil Ca\u00f1ada de 4 a\u00f1os se lo pasa en grande con su patinete:<\/p>\n<p><a href=\"https:\/\/blogsaverroes.juntadeandalucia.es\/cprvalledelguadiaro\/files\/2022\/04\/IMG-20220418-WA0025.jpg\"><img loading=\"lazy\" decoding=\"async\" class=\"size-medium wp-image-7816 alignleft\" src=\"https:\/\/blogsaverroes.juntadeandalucia.es\/cprvalledelguadiaro\/files\/2022\/04\/IMG-20220418-WA0025-169x300.jpg\" alt=\"\" width=\"169\" height=\"300\" srcset=\"https:\/\/blogsaverroes.juntadeandalucia.es\/cprvalledelguadiaro\/files\/2022\/04\/IMG-20220418-WA0025-169x300.jpg 169w, https:\/\/blogsaverroes.juntadeandalucia.es\/cprvalledelguadiaro\/files\/2022\/04\/IMG-20220418-WA0025-576x1024.jpg 576w, https:\/\/blogsaverroes.juntadeandalucia.es\/cprvalledelguadiaro\/files\/2022\/04\/IMG-20220418-WA0025-768x1366.jpg 768w, https:\/\/blogsaverroes.juntadeandalucia.es\/cprvalledelguadiaro\/files\/2022\/04\/IMG-20220418-WA0025-864x1536.jpg 864w, https:\/\/blogsaverroes.juntadeandalucia.es\/cprvalledelguadiaro\/files\/2022\/04\/IMG-20220418-WA0025-700x1245.jpg 700w, https:\/\/blogsaverroes.juntadeandalucia.es\/cprvalledelguadiaro\/files\/2022\/04\/IMG-20220418-WA0025.jpg 899w\" sizes=\"(max-width: 169px) 100vw, 169px\" \/><\/a> <a href=\"https:\/\/blogsaverroes.juntadeandalucia.es\/cprvalledelguadiaro\/files\/2022\/04\/IMG-20220418-WA0024.jpg\"><img loading=\"lazy\" decoding=\"async\" class=\"aligncenter size-medium wp-image-7815\" src=\"https:\/\/blogsaverroes.juntadeandalucia.es\/cprvalledelguadiaro\/files\/2022\/04\/IMG-20220418-WA0024-169x300.jpg\" alt=\"\" width=\"169\" height=\"300\" srcset=\"https:\/\/blogsaverroes.juntadeandalucia.es\/cprvalledelguadiaro\/files\/2022\/04\/IMG-20220418-WA0024-169x300.jpg 169w, https:\/\/blogsaverroes.juntadeandalucia.es\/cprvalledelguadiaro\/files\/2022\/04\/IMG-20220418-WA0024-576x1024.jpg 576w, https:\/\/blogsaverroes.juntadeandalucia.es\/cprvalledelguadiaro\/files\/2022\/04\/IMG-20220418-WA0024-768x1366.jpg 768w, https:\/\/blogsaverroes.juntadeandalucia.es\/cprvalledelguadiaro\/files\/2022\/04\/IMG-20220418-WA0024-864x1536.jpg 864w, https:\/\/blogsaverroes.juntadeandalucia.es\/cprvalledelguadiaro\/files\/2022\/04\/IMG-20220418-WA0024-700x1245.jpg 700w, https:\/\/blogsaverroes.juntadeandalucia.es\/cprvalledelguadiaro\/files\/2022\/04\/IMG-20220418-WA0024.jpg 899w\" sizes=\"(max-width: 169px) 100vw, 169px\" \/><\/a><\/p>\n<p>&nbsp;<\/p>\n<p>Kevin de 3 a\u00f1os de Infantil Ca\u00f1ada se est\u00e1 haciendo \u00a1\u00a1un experto jinete!!<\/p>\n<p><a href=\"https:\/\/blogsaverroes.juntadeandalucia.es\/cprvalledelguadiaro\/files\/2022\/04\/IMG-20220422-WA0006.jpg\"><img loading=\"lazy\" decoding=\"async\" class=\"aligncenter size-medium wp-image-7804\" src=\"https:\/\/blogsaverroes.juntadeandalucia.es\/cprvalledelguadiaro\/files\/2022\/04\/IMG-20220422-WA0006-225x300.jpg\" alt=\"\" width=\"225\" height=\"300\" srcset=\"https:\/\/blogsaverroes.juntadeandalucia.es\/cprvalledelguadiaro\/files\/2022\/04\/IMG-20220422-WA0006-225x300.jpg 225w, https:\/\/blogsaverroes.juntadeandalucia.es\/cprvalledelguadiaro\/files\/2022\/04\/IMG-20220422-WA0006-768x1024.jpg 768w, https:\/\/blogsaverroes.juntadeandalucia.es\/cprvalledelguadiaro\/files\/2022\/04\/IMG-20220422-WA0006-1152x1536.jpg 1152w, https:\/\/blogsaverroes.juntadeandalucia.es\/cprvalledelguadiaro\/files\/2022\/04\/IMG-20220422-WA0006-700x933.jpg 700w, https:\/\/blogsaverroes.juntadeandalucia.es\/cprvalledelguadiaro\/files\/2022\/04\/IMG-20220422-WA0006.jpg 1200w\" sizes=\"(max-width: 225px) 100vw, 225px\" \/><\/a><\/p>\n<p>&nbsp;<\/p>\n<p>Dylan de 5 a\u00f1os de Infantil Ca\u00f1ada se lo pasa genial entre \u00e1rboles y perros<a href=\"https:\/\/blogsaverroes.juntadeandalucia.es\/cprvalledelguadiaro\/files\/2022\/04\/IMG-20220422-WA0002.jpg\"><img loading=\"lazy\" decoding=\"async\" class=\"size-medium wp-image-7805 alignleft\" src=\"https:\/\/blogsaverroes.juntadeandalucia.es\/cprvalledelguadiaro\/files\/2022\/04\/IMG-20220422-WA0002-300x225.jpg\" alt=\"\" width=\"300\" height=\"225\" srcset=\"https:\/\/blogsaverroes.juntadeandalucia.es\/cprvalledelguadiaro\/files\/2022\/04\/IMG-20220422-WA0002-300x225.jpg 300w, https:\/\/blogsaverroes.juntadeandalucia.es\/cprvalledelguadiaro\/files\/2022\/04\/IMG-20220422-WA0002-1024x768.jpg 1024w, https:\/\/blogsaverroes.juntadeandalucia.es\/cprvalledelguadiaro\/files\/2022\/04\/IMG-20220422-WA0002-768x576.jpg 768w, https:\/\/blogsaverroes.juntadeandalucia.es\/cprvalledelguadiaro\/files\/2022\/04\/IMG-20220422-WA0002-1536x1152.jpg 1536w, https:\/\/blogsaverroes.juntadeandalucia.es\/cprvalledelguadiaro\/files\/2022\/04\/IMG-20220422-WA0002-700x525.jpg 700w, https:\/\/blogsaverroes.juntadeandalucia.es\/cprvalledelguadiaro\/files\/2022\/04\/IMG-20220422-WA0002.jpg 1600w\" sizes=\"(max-width: 300px) 100vw, 300px\" \/><\/a> <img loading=\"lazy\" decoding=\"async\" class=\"aligncenter size-medium wp-image-7803\" src=\"https:\/\/blogsaverroes.juntadeandalucia.es\/cprvalledelguadiaro\/files\/2022\/04\/IMG-20220422-WA0009-225x300.jpg\" alt=\"\" width=\"225\" height=\"300\" srcset=\"https:\/\/blogsaverroes.juntadeandalucia.es\/cprvalledelguadiaro\/files\/2022\/04\/IMG-20220422-WA0009-225x300.jpg 225w, https:\/\/blogsaverroes.juntadeandalucia.es\/cprvalledelguadiaro\/files\/2022\/04\/IMG-20220422-WA0009-768x1024.jpg 768w, https:\/\/blogsaverroes.juntadeandalucia.es\/cprvalledelguadiaro\/files\/2022\/04\/IMG-20220422-WA0009-1152x1536.jpg 1152w, https:\/\/blogsaverroes.juntadeandalucia.es\/cprvalledelguadiaro\/files\/2022\/04\/IMG-20220422-WA0009-700x933.jpg 700w, https:\/\/blogsaverroes.juntadeandalucia.es\/cprvalledelguadiaro\/files\/2022\/04\/IMG-20220422-WA0009.jpg 1200w\" sizes=\"(max-width: 225px) 100vw, 225px\" \/><\/p>\n<p>Adara de 3 a\u00f1os de Infantil Ca\u00f1ada se lo pasa genial con su familia entre animales<\/p>\n<p><a href=\"https:\/\/blogsaverroes.juntadeandalucia.es\/cprvalledelguadiaro\/files\/2022\/04\/IMG-20220429-WA0012.jpg\"><img loading=\"lazy\" decoding=\"async\" class=\"size-medium wp-image-7833 alignleft\" src=\"https:\/\/blogsaverroes.juntadeandalucia.es\/cprvalledelguadiaro\/files\/2022\/04\/IMG-20220429-WA0012-225x300.jpg\" alt=\"\" width=\"225\" height=\"300\" srcset=\"https:\/\/blogsaverroes.juntadeandalucia.es\/cprvalledelguadiaro\/files\/2022\/04\/IMG-20220429-WA0012-225x300.jpg 225w, https:\/\/blogsaverroes.juntadeandalucia.es\/cprvalledelguadiaro\/files\/2022\/04\/IMG-20220429-WA0012-768x1024.jpg 768w, https:\/\/blogsaverroes.juntadeandalucia.es\/cprvalledelguadiaro\/files\/2022\/04\/IMG-20220429-WA0012-1152x1536.jpg 1152w, https:\/\/blogsaverroes.juntadeandalucia.es\/cprvalledelguadiaro\/files\/2022\/04\/IMG-20220429-WA0012-700x933.jpg 700w, https:\/\/blogsaverroes.juntadeandalucia.es\/cprvalledelguadiaro\/files\/2022\/04\/IMG-20220429-WA0012.jpg 1200w\" sizes=\"(max-width: 225px) 100vw, 225px\" \/><\/a> <a href=\"https:\/\/blogsaverroes.juntadeandalucia.es\/cprvalledelguadiaro\/files\/2022\/04\/IMG-20220429-WA0013.jpg\"><img loading=\"lazy\" decoding=\"async\" class=\"aligncenter size-medium wp-image-7834\" src=\"https:\/\/blogsaverroes.juntadeandalucia.es\/cprvalledelguadiaro\/files\/2022\/04\/IMG-20220429-WA0013-300x225.jpg\" alt=\"\" width=\"300\" height=\"225\" srcset=\"https:\/\/blogsaverroes.juntadeandalucia.es\/cprvalledelguadiaro\/files\/2022\/04\/IMG-20220429-WA0013-300x225.jpg 300w, https:\/\/blogsaverroes.juntadeandalucia.es\/cprvalledelguadiaro\/files\/2022\/04\/IMG-20220429-WA0013-1024x768.jpg 1024w, https:\/\/blogsaverroes.juntadeandalucia.es\/cprvalledelguadiaro\/files\/2022\/04\/IMG-20220429-WA0013-768x576.jpg 768w, https:\/\/blogsaverroes.juntadeandalucia.es\/cprvalledelguadiaro\/files\/2022\/04\/IMG-20220429-WA0013-1536x1152.jpg 1536w, https:\/\/blogsaverroes.juntadeandalucia.es\/cprvalledelguadiaro\/files\/2022\/04\/IMG-20220429-WA0013-700x525.jpg 700w, https:\/\/blogsaverroes.juntadeandalucia.es\/cprvalledelguadiaro\/files\/2022\/04\/IMG-20220429-WA0013.jpg 1600w\" sizes=\"(max-width: 300px) 100vw, 300px\" \/><\/a> <a href=\"https:\/\/blogsaverroes.juntadeandalucia.es\/cprvalledelguadiaro\/files\/2022\/04\/IMG-20220429-WA0011.jpg\"><img loading=\"lazy\" decoding=\"async\" class=\"aligncenter size-medium wp-image-7835\" src=\"https:\/\/blogsaverroes.juntadeandalucia.es\/cprvalledelguadiaro\/files\/2022\/04\/IMG-20220429-WA0011-225x300.jpg\" alt=\"\" width=\"225\" height=\"300\" srcset=\"https:\/\/blogsaverroes.juntadeandalucia.es\/cprvalledelguadiaro\/files\/2022\/04\/IMG-20220429-WA0011-225x300.jpg 225w, https:\/\/blogsaverroes.juntadeandalucia.es\/cprvalledelguadiaro\/files\/2022\/04\/IMG-20220429-WA0011-768x1024.jpg 768w, https:\/\/blogsaverroes.juntadeandalucia.es\/cprvalledelguadiaro\/files\/2022\/04\/IMG-20220429-WA0011-1152x1536.jpg 1152w, https:\/\/blogsaverroes.juntadeandalucia.es\/cprvalledelguadiaro\/files\/2022\/04\/IMG-20220429-WA0011-700x933.jpg 700w, https:\/\/blogsaverroes.juntadeandalucia.es\/cprvalledelguadiaro\/files\/2022\/04\/IMG-20220429-WA0011.jpg 1200w\" sizes=\"(max-width: 225px) 100vw, 225px\" \/><\/a><\/p>\n<p>&nbsp;<\/p>\n<p>Mari Carmen de 4\u00ba EP de Ca\u00f1ada junto con su hermana Andrea de 2\u00ba EP le ayudan a la abuela en las tareas de todos los d\u00edas:<\/p>\n<p><a href=\"https:\/\/blogsaverroes.juntadeandalucia.es\/cprvalledelguadiaro\/files\/2022\/04\/PHOTO-2022-03-24-18-54-18.jpg\"><img loading=\"lazy\" decoding=\"async\" class=\"size-medium wp-image-7828 alignleft\" src=\"https:\/\/blogsaverroes.juntadeandalucia.es\/cprvalledelguadiaro\/files\/2022\/04\/PHOTO-2022-03-24-18-54-18-225x300.jpg\" alt=\"\" width=\"225\" height=\"300\" srcset=\"https:\/\/blogsaverroes.juntadeandalucia.es\/cprvalledelguadiaro\/files\/2022\/04\/PHOTO-2022-03-24-18-54-18-225x300.jpg 225w, https:\/\/blogsaverroes.juntadeandalucia.es\/cprvalledelguadiaro\/files\/2022\/04\/PHOTO-2022-03-24-18-54-18-768x1024.jpg 768w, https:\/\/blogsaverroes.juntadeandalucia.es\/cprvalledelguadiaro\/files\/2022\/04\/PHOTO-2022-03-24-18-54-18-1152x1536.jpg 1152w, https:\/\/blogsaverroes.juntadeandalucia.es\/cprvalledelguadiaro\/files\/2022\/04\/PHOTO-2022-03-24-18-54-18-700x933.jpg 700w, https:\/\/blogsaverroes.juntadeandalucia.es\/cprvalledelguadiaro\/files\/2022\/04\/PHOTO-2022-03-24-18-54-18.jpg 1200w\" sizes=\"(max-width: 225px) 100vw, 225px\" \/><\/a> <a href=\"https:\/\/blogsaverroes.juntadeandalucia.es\/cprvalledelguadiaro\/files\/2022\/04\/PHOTO-2022-03-24-18-54-19.jpg\"><img loading=\"lazy\" decoding=\"async\" class=\"aligncenter size-medium wp-image-7827\" src=\"https:\/\/blogsaverroes.juntadeandalucia.es\/cprvalledelguadiaro\/files\/2022\/04\/PHOTO-2022-03-24-18-54-19-225x300.jpg\" alt=\"\" width=\"225\" height=\"300\" srcset=\"https:\/\/blogsaverroes.juntadeandalucia.es\/cprvalledelguadiaro\/files\/2022\/04\/PHOTO-2022-03-24-18-54-19-225x300.jpg 225w, https:\/\/blogsaverroes.juntadeandalucia.es\/cprvalledelguadiaro\/files\/2022\/04\/PHOTO-2022-03-24-18-54-19-768x1024.jpg 768w, https:\/\/blogsaverroes.juntadeandalucia.es\/cprvalledelguadiaro\/files\/2022\/04\/PHOTO-2022-03-24-18-54-19-1152x1536.jpg 1152w, https:\/\/blogsaverroes.juntadeandalucia.es\/cprvalledelguadiaro\/files\/2022\/04\/PHOTO-2022-03-24-18-54-19-700x933.jpg 700w, https:\/\/blogsaverroes.juntadeandalucia.es\/cprvalledelguadiaro\/files\/2022\/04\/PHOTO-2022-03-24-18-54-19.jpg 1200w\" sizes=\"(max-width: 225px) 100vw, 225px\" \/><\/a> <a href=\"https:\/\/blogsaverroes.juntadeandalucia.es\/cprvalledelguadiaro\/files\/2022\/04\/PHOTO-2022-03-24-18-54-20.jpg\"><img loading=\"lazy\" decoding=\"async\" class=\"aligncenter size-medium wp-image-7826\" src=\"https:\/\/blogsaverroes.juntadeandalucia.es\/cprvalledelguadiaro\/files\/2022\/04\/PHOTO-2022-03-24-18-54-20-225x300.jpg\" alt=\"\" width=\"225\" height=\"300\" srcset=\"https:\/\/blogsaverroes.juntadeandalucia.es\/cprvalledelguadiaro\/files\/2022\/04\/PHOTO-2022-03-24-18-54-20-225x300.jpg 225w, https:\/\/blogsaverroes.juntadeandalucia.es\/cprvalledelguadiaro\/files\/2022\/04\/PHOTO-2022-03-24-18-54-20-768x1024.jpg 768w, https:\/\/blogsaverroes.juntadeandalucia.es\/cprvalledelguadiaro\/files\/2022\/04\/PHOTO-2022-03-24-18-54-20-1152x1536.jpg 1152w, https:\/\/blogsaverroes.juntadeandalucia.es\/cprvalledelguadiaro\/files\/2022\/04\/PHOTO-2022-03-24-18-54-20-700x933.jpg 700w, https:\/\/blogsaverroes.juntadeandalucia.es\/cprvalledelguadiaro\/files\/2022\/04\/PHOTO-2022-03-24-18-54-20.jpg 1200w\" sizes=\"(max-width: 225px) 100vw, 225px\" \/><\/a><\/p>\n<p>&nbsp;<\/p>\n<p>V\u00edctor de 2\u00ba EP de Ca\u00f1ada ha salido junto con su hermano Guillermo&nbsp; al Pinsapal y al Pilar de Cortes el viejo<\/p>\n<p><a href=\"https:\/\/blogsaverroes.juntadeandalucia.es\/cprvalledelguadiaro\/files\/2022\/04\/cd4857c3-baf4-4b01-803c-2b5a8b115a12.jpg\"><img loading=\"lazy\" decoding=\"async\" class=\"size-medium wp-image-7821 alignleft\" src=\"https:\/\/blogsaverroes.juntadeandalucia.es\/cprvalledelguadiaro\/files\/2022\/04\/cd4857c3-baf4-4b01-803c-2b5a8b115a12-225x300.jpg\" alt=\"\" width=\"225\" height=\"300\" srcset=\"https:\/\/blogsaverroes.juntadeandalucia.es\/cprvalledelguadiaro\/files\/2022\/04\/cd4857c3-baf4-4b01-803c-2b5a8b115a12-225x300.jpg 225w, https:\/\/blogsaverroes.juntadeandalucia.es\/cprvalledelguadiaro\/files\/2022\/04\/cd4857c3-baf4-4b01-803c-2b5a8b115a12-768x1024.jpg 768w, https:\/\/blogsaverroes.juntadeandalucia.es\/cprvalledelguadiaro\/files\/2022\/04\/cd4857c3-baf4-4b01-803c-2b5a8b115a12-1152x1536.jpg 1152w, https:\/\/blogsaverroes.juntadeandalucia.es\/cprvalledelguadiaro\/files\/2022\/04\/cd4857c3-baf4-4b01-803c-2b5a8b115a12-700x933.jpg 700w, https:\/\/blogsaverroes.juntadeandalucia.es\/cprvalledelguadiaro\/files\/2022\/04\/cd4857c3-baf4-4b01-803c-2b5a8b115a12.jpg 1200w\" sizes=\"(max-width: 225px) 100vw, 225px\" \/><\/a> <a href=\"https:\/\/blogsaverroes.juntadeandalucia.es\/cprvalledelguadiaro\/files\/2022\/04\/fd7a58d1-772d-4d5e-976a-525fb1ac4a08.jpg\"><img loading=\"lazy\" decoding=\"async\" class=\"aligncenter size-medium wp-image-7820\" src=\"https:\/\/blogsaverroes.juntadeandalucia.es\/cprvalledelguadiaro\/files\/2022\/04\/fd7a58d1-772d-4d5e-976a-525fb1ac4a08-225x300.jpg\" alt=\"\" width=\"225\" height=\"300\" srcset=\"https:\/\/blogsaverroes.juntadeandalucia.es\/cprvalledelguadiaro\/files\/2022\/04\/fd7a58d1-772d-4d5e-976a-525fb1ac4a08-225x300.jpg 225w, https:\/\/blogsaverroes.juntadeandalucia.es\/cprvalledelguadiaro\/files\/2022\/04\/fd7a58d1-772d-4d5e-976a-525fb1ac4a08-768x1024.jpg 768w, https:\/\/blogsaverroes.juntadeandalucia.es\/cprvalledelguadiaro\/files\/2022\/04\/fd7a58d1-772d-4d5e-976a-525fb1ac4a08-1152x1536.jpg 1152w, https:\/\/blogsaverroes.juntadeandalucia.es\/cprvalledelguadiaro\/files\/2022\/04\/fd7a58d1-772d-4d5e-976a-525fb1ac4a08-700x933.jpg 700w, https:\/\/blogsaverroes.juntadeandalucia.es\/cprvalledelguadiaro\/files\/2022\/04\/fd7a58d1-772d-4d5e-976a-525fb1ac4a08.jpg 1200w\" sizes=\"(max-width: 225px) 100vw, 225px\" \/><\/a> <a href=\"https:\/\/blogsaverroes.juntadeandalucia.es\/cprvalledelguadiaro\/files\/2022\/04\/6ba0e352-81d0-4ab6-bf02-61df3e4956ee.jpg\"><img loading=\"lazy\" decoding=\"async\" class=\"size-medium wp-image-7819 alignleft\" src=\"https:\/\/blogsaverroes.juntadeandalucia.es\/cprvalledelguadiaro\/files\/2022\/04\/6ba0e352-81d0-4ab6-bf02-61df3e4956ee-225x300.jpg\" alt=\"\" width=\"225\" height=\"300\" srcset=\"https:\/\/blogsaverroes.juntadeandalucia.es\/cprvalledelguadiaro\/files\/2022\/04\/6ba0e352-81d0-4ab6-bf02-61df3e4956ee-225x300.jpg 225w, https:\/\/blogsaverroes.juntadeandalucia.es\/cprvalledelguadiaro\/files\/2022\/04\/6ba0e352-81d0-4ab6-bf02-61df3e4956ee-768x1024.jpg 768w, https:\/\/blogsaverroes.juntadeandalucia.es\/cprvalledelguadiaro\/files\/2022\/04\/6ba0e352-81d0-4ab6-bf02-61df3e4956ee-1152x1536.jpg 1152w, https:\/\/blogsaverroes.juntadeandalucia.es\/cprvalledelguadiaro\/files\/2022\/04\/6ba0e352-81d0-4ab6-bf02-61df3e4956ee-700x933.jpg 700w, https:\/\/blogsaverroes.juntadeandalucia.es\/cprvalledelguadiaro\/files\/2022\/04\/6ba0e352-81d0-4ab6-bf02-61df3e4956ee.jpg 1200w\" sizes=\"(max-width: 225px) 100vw, 225px\" \/><\/a> <a href=\"https:\/\/blogsaverroes.juntadeandalucia.es\/cprvalledelguadiaro\/files\/2022\/04\/a282f539-00dd-40bc-8f9f-68722ad430b6.jpg\"><img loading=\"lazy\" decoding=\"async\" class=\"aligncenter size-medium wp-image-7818\" src=\"https:\/\/blogsaverroes.juntadeandalucia.es\/cprvalledelguadiaro\/files\/2022\/04\/a282f539-00dd-40bc-8f9f-68722ad430b6-225x300.jpg\" alt=\"\" width=\"225\" height=\"300\" srcset=\"https:\/\/blogsaverroes.juntadeandalucia.es\/cprvalledelguadiaro\/files\/2022\/04\/a282f539-00dd-40bc-8f9f-68722ad430b6-225x300.jpg 225w, https:\/\/blogsaverroes.juntadeandalucia.es\/cprvalledelguadiaro\/files\/2022\/04\/a282f539-00dd-40bc-8f9f-68722ad430b6-768x1024.jpg 768w, https:\/\/blogsaverroes.juntadeandalucia.es\/cprvalledelguadiaro\/files\/2022\/04\/a282f539-00dd-40bc-8f9f-68722ad430b6-1152x1536.jpg 1152w, https:\/\/blogsaverroes.juntadeandalucia.es\/cprvalledelguadiaro\/files\/2022\/04\/a282f539-00dd-40bc-8f9f-68722ad430b6-700x933.jpg 700w, https:\/\/blogsaverroes.juntadeandalucia.es\/cprvalledelguadiaro\/files\/2022\/04\/a282f539-00dd-40bc-8f9f-68722ad430b6.jpg 1200w\" sizes=\"(max-width: 225px) 100vw, 225px\" \/><\/a> <a href=\"https:\/\/blogsaverroes.juntadeandalucia.es\/cprvalledelguadiaro\/files\/2022\/04\/559a6c61-fe26-4d74-8703-e324c41c7966.jpg\"><img loading=\"lazy\" decoding=\"async\" class=\"aligncenter size-medium wp-image-7817\" src=\"https:\/\/blogsaverroes.juntadeandalucia.es\/cprvalledelguadiaro\/files\/2022\/04\/559a6c61-fe26-4d74-8703-e324c41c7966-225x300.jpg\" alt=\"\" width=\"225\" height=\"300\" srcset=\"https:\/\/blogsaverroes.juntadeandalucia.es\/cprvalledelguadiaro\/files\/2022\/04\/559a6c61-fe26-4d74-8703-e324c41c7966-225x300.jpg 225w, https:\/\/blogsaverroes.juntadeandalucia.es\/cprvalledelguadiaro\/files\/2022\/04\/559a6c61-fe26-4d74-8703-e324c41c7966-768x1024.jpg 768w, https:\/\/blogsaverroes.juntadeandalucia.es\/cprvalledelguadiaro\/files\/2022\/04\/559a6c61-fe26-4d74-8703-e324c41c7966-1152x1536.jpg 1152w, https:\/\/blogsaverroes.juntadeandalucia.es\/cprvalledelguadiaro\/files\/2022\/04\/559a6c61-fe26-4d74-8703-e324c41c7966-700x933.jpg 700w, https:\/\/blogsaverroes.juntadeandalucia.es\/cprvalledelguadiaro\/files\/2022\/04\/559a6c61-fe26-4d74-8703-e324c41c7966.jpg 1200w\" sizes=\"(max-width: 225px) 100vw, 225px\" \/><\/a><\/p>\n<p>&nbsp;<\/p>\n<p>Candela de 6\u00ba EP de Ca\u00f1ada pasea por el campo y se divierte junto a sus amigos Izan, Nicol\u00e1s y Sherezade:<a href=\"https:\/\/blogsaverroes.juntadeandalucia.es\/cprvalledelguadiaro\/files\/2022\/04\/IMG20220408174534-scaled.jpg\"><img loading=\"lazy\" decoding=\"async\" class=\"size-medium wp-image-7801 alignleft\" src=\"https:\/\/blogsaverroes.juntadeandalucia.es\/cprvalledelguadiaro\/files\/2022\/04\/IMG20220408174534-300x169.jpg\" alt=\"\" width=\"300\" height=\"169\" srcset=\"https:\/\/blogsaverroes.juntadeandalucia.es\/cprvalledelguadiaro\/files\/2022\/04\/IMG20220408174534-300x169.jpg 300w, https:\/\/blogsaverroes.juntadeandalucia.es\/cprvalledelguadiaro\/files\/2022\/04\/IMG20220408174534-1024x577.jpg 1024w, https:\/\/blogsaverroes.juntadeandalucia.es\/cprvalledelguadiaro\/files\/2022\/04\/IMG20220408174534-768x433.jpg 768w, https:\/\/blogsaverroes.juntadeandalucia.es\/cprvalledelguadiaro\/files\/2022\/04\/IMG20220408174534-1536x866.jpg 1536w, https:\/\/blogsaverroes.juntadeandalucia.es\/cprvalledelguadiaro\/files\/2022\/04\/IMG20220408174534-2048x1155.jpg 2048w, https:\/\/blogsaverroes.juntadeandalucia.es\/cprvalledelguadiaro\/files\/2022\/04\/IMG20220408174534-700x393.jpg 700w, https:\/\/blogsaverroes.juntadeandalucia.es\/cprvalledelguadiaro\/files\/2022\/04\/IMG20220408174534-scaled.jpg 1600w\" sizes=\"(max-width: 300px) 100vw, 300px\" \/><\/a> <img loading=\"lazy\" decoding=\"async\" class=\"size-medium wp-image-7800 alignleft\" src=\"https:\/\/blogsaverroes.juntadeandalucia.es\/cprvalledelguadiaro\/files\/2022\/04\/IMG20220424164818-168x300.jpg\" alt=\"\" width=\"168\" height=\"300\" srcset=\"https:\/\/blogsaverroes.juntadeandalucia.es\/cprvalledelguadiaro\/files\/2022\/04\/IMG20220424164818-168x300.jpg 168w, https:\/\/blogsaverroes.juntadeandalucia.es\/cprvalledelguadiaro\/files\/2022\/04\/IMG20220424164818-575x1024.jpg 575w, https:\/\/blogsaverroes.juntadeandalucia.es\/cprvalledelguadiaro\/files\/2022\/04\/IMG20220424164818-768x1368.jpg 768w, https:\/\/blogsaverroes.juntadeandalucia.es\/cprvalledelguadiaro\/files\/2022\/04\/IMG20220424164818-863x1536.jpg 863w, https:\/\/blogsaverroes.juntadeandalucia.es\/cprvalledelguadiaro\/files\/2022\/04\/IMG20220424164818-1150x2048.jpg 1150w, https:\/\/blogsaverroes.juntadeandalucia.es\/cprvalledelguadiaro\/files\/2022\/04\/IMG20220424164818-700x1247.jpg 700w, https:\/\/blogsaverroes.juntadeandalucia.es\/cprvalledelguadiaro\/files\/2022\/04\/IMG20220424164818-scaled.jpg 899w\" sizes=\"(max-width: 168px) 100vw, 168px\" \/><\/p>\n<p>&nbsp;<\/p>\n<p>&nbsp;<\/p>\n<p>&nbsp;<\/p>\n<p>&nbsp;<\/p>\n<p>&nbsp;<\/p>\n<p>&nbsp;<\/p>\n<p>&nbsp;<\/p>\n<p>La se\u00f1o Maite nos manda fotillos en el gimnasio:<\/p>\n<p><a href=\"https:\/\/blogsaverroes.juntadeandalucia.es\/cprvalledelguadiaro\/files\/2022\/04\/e28c89ba-082d-4eab-86f8-1197a0bea2d0.jpg\"><img loading=\"lazy\" decoding=\"async\" class=\"size-medium wp-image-7825 alignleft\" src=\"https:\/\/blogsaverroes.juntadeandalucia.es\/cprvalledelguadiaro\/files\/2022\/04\/e28c89ba-082d-4eab-86f8-1197a0bea2d0-281x300.jpg\" alt=\"\" width=\"281\" height=\"300\" srcset=\"https:\/\/blogsaverroes.juntadeandalucia.es\/cprvalledelguadiaro\/files\/2022\/04\/e28c89ba-082d-4eab-86f8-1197a0bea2d0-281x300.jpg 281w, https:\/\/blogsaverroes.juntadeandalucia.es\/cprvalledelguadiaro\/files\/2022\/04\/e28c89ba-082d-4eab-86f8-1197a0bea2d0-959x1024.jpg 959w, https:\/\/blogsaverroes.juntadeandalucia.es\/cprvalledelguadiaro\/files\/2022\/04\/e28c89ba-082d-4eab-86f8-1197a0bea2d0-768x820.jpg 768w, https:\/\/blogsaverroes.juntadeandalucia.es\/cprvalledelguadiaro\/files\/2022\/04\/e28c89ba-082d-4eab-86f8-1197a0bea2d0-700x747.jpg 700w, https:\/\/blogsaverroes.juntadeandalucia.es\/cprvalledelguadiaro\/files\/2022\/04\/e28c89ba-082d-4eab-86f8-1197a0bea2d0.jpg 1288w\" sizes=\"(max-width: 281px) 100vw, 281px\" \/><\/a> <a href=\"https:\/\/blogsaverroes.juntadeandalucia.es\/cprvalledelguadiaro\/files\/2022\/04\/7066f85d-c03f-4fe1-962d-354352c46582.jpg\"><img loading=\"lazy\" decoding=\"async\" class=\"aligncenter size-medium wp-image-7824\" src=\"https:\/\/blogsaverroes.juntadeandalucia.es\/cprvalledelguadiaro\/files\/2022\/04\/7066f85d-c03f-4fe1-962d-354352c46582-300x237.jpg\" alt=\"\" width=\"300\" height=\"237\" srcset=\"https:\/\/blogsaverroes.juntadeandalucia.es\/cprvalledelguadiaro\/files\/2022\/04\/7066f85d-c03f-4fe1-962d-354352c46582-300x237.jpg 300w, https:\/\/blogsaverroes.juntadeandalucia.es\/cprvalledelguadiaro\/files\/2022\/04\/7066f85d-c03f-4fe1-962d-354352c46582-1024x808.jpg 1024w, https:\/\/blogsaverroes.juntadeandalucia.es\/cprvalledelguadiaro\/files\/2022\/04\/7066f85d-c03f-4fe1-962d-354352c46582-768x606.jpg 768w, https:\/\/blogsaverroes.juntadeandalucia.es\/cprvalledelguadiaro\/files\/2022\/04\/7066f85d-c03f-4fe1-962d-354352c46582-700x552.jpg 700w, https:\/\/blogsaverroes.juntadeandalucia.es\/cprvalledelguadiaro\/files\/2022\/04\/7066f85d-c03f-4fe1-962d-354352c46582.jpg 1141w\" sizes=\"(max-width: 300px) 100vw, 300px\" \/><\/a><\/p>\n<p>&nbsp;<\/p>\n<p>&nbsp;<\/p>\n<p>La se\u00f1o Pepi estuvo con sus hijos en el pantano pasando el d\u00eda&nbsp;<\/p>\n<p><a href=\"https:\/\/blogsaverroes.juntadeandalucia.es\/cprvalledelguadiaro\/files\/2022\/04\/20220414_175126-scaled.jpg\"><img loading=\"lazy\" decoding=\"async\" class=\"size-medium wp-image-7823 alignleft\" src=\"https:\/\/blogsaverroes.juntadeandalucia.es\/cprvalledelguadiaro\/files\/2022\/04\/20220414_175126-300x225.jpg\" alt=\"\" width=\"300\" height=\"225\" srcset=\"https:\/\/blogsaverroes.juntadeandalucia.es\/cprvalledelguadiaro\/files\/2022\/04\/20220414_175126-300x225.jpg 300w, https:\/\/blogsaverroes.juntadeandalucia.es\/cprvalledelguadiaro\/files\/2022\/04\/20220414_175126-1024x768.jpg 1024w, https:\/\/blogsaverroes.juntadeandalucia.es\/cprvalledelguadiaro\/files\/2022\/04\/20220414_175126-768x576.jpg 768w, https:\/\/blogsaverroes.juntadeandalucia.es\/cprvalledelguadiaro\/files\/2022\/04\/20220414_175126-1536x1152.jpg 1536w, https:\/\/blogsaverroes.juntadeandalucia.es\/cprvalledelguadiaro\/files\/2022\/04\/20220414_175126-2048x1536.jpg 2048w, https:\/\/blogsaverroes.juntadeandalucia.es\/cprvalledelguadiaro\/files\/2022\/04\/20220414_175126-700x525.jpg 700w, https:\/\/blogsaverroes.juntadeandalucia.es\/cprvalledelguadiaro\/files\/2022\/04\/20220414_175126-scaled.jpg 1600w\" sizes=\"(max-width: 300px) 100vw, 300px\" \/><\/a> <a href=\"https:\/\/blogsaverroes.juntadeandalucia.es\/cprvalledelguadiaro\/files\/2022\/04\/20220414_175048-scaled.jpg\"><img loading=\"lazy\" decoding=\"async\" class=\"aligncenter size-medium wp-image-7822\" src=\"https:\/\/blogsaverroes.juntadeandalucia.es\/cprvalledelguadiaro\/files\/2022\/04\/20220414_175048-300x225.jpg\" alt=\"\" width=\"300\" height=\"225\" srcset=\"https:\/\/blogsaverroes.juntadeandalucia.es\/cprvalledelguadiaro\/files\/2022\/04\/20220414_175048-300x225.jpg 300w, https:\/\/blogsaverroes.juntadeandalucia.es\/cprvalledelguadiaro\/files\/2022\/04\/20220414_175048-1024x768.jpg 1024w, https:\/\/blogsaverroes.juntadeandalucia.es\/cprvalledelguadiaro\/files\/2022\/04\/20220414_175048-768x576.jpg 768w, https:\/\/blogsaverroes.juntadeandalucia.es\/cprvalledelguadiaro\/files\/2022\/04\/20220414_175048-1536x1152.jpg 1536w, https:\/\/blogsaverroes.juntadeandalucia.es\/cprvalledelguadiaro\/files\/2022\/04\/20220414_175048-2048x1536.jpg 2048w, https:\/\/blogsaverroes.juntadeandalucia.es\/cprvalledelguadiaro\/files\/2022\/04\/20220414_175048-700x525.jpg 700w, https:\/\/blogsaverroes.juntadeandalucia.es\/cprvalledelguadiaro\/files\/2022\/04\/20220414_175048-scaled.jpg 1600w\" sizes=\"(max-width: 300px) 100vw, 300px\" \/><\/a><\/p>\n<p>Como veis despu\u00e9s del cole nos lo pasamos en grande haciendo deporte y disfrutando mucho. As\u00ed que os seguimos animando a seguir en esta l\u00ednea, y ya sab\u00e9is, fotillos y al blog del cole: blogcprvalledelguadiaro@gmail.com<\/p>\n<p>Hasta la pr\u00f3xima semana queridos lectores<\/p>\n","protected":false},"excerpt":{"rendered":"<p>Hola queridos lectores Como cada semana os vamos a mostrar lo bien que nos lo pasamos en este cole. Sab\u00e9is que nos gusta mucho hacer deporte fuera del cole, organizamos el reto deportivo cada&#46;&#46;&#46;<\/p>\n","protected":false},"author":4494,"featured_media":7831,"comment_status":"open","ping_status":"open","sticky":false,"template":"","format":"standard","meta":{"ngg_post_thumbnail":0,"footnotes":""},"categories":[11909],"tags":[],"aioseo_notices":[],"_links":{"self":[{"href":"https:\/\/blogsaverroes.juntadeandalucia.es\/cprvalledelguadiaro\/index.php?rest_route=\/wp\/v2\/posts\/7797"}],"collection":[{"href":"https:\/\/blogsaverroes.juntadeandalucia.es\/cprvalledelguadiaro\/index.php?rest_route=\/wp\/v2\/posts"}],"about":[{"href":"https:\/\/blogsaverroes.juntadeandalucia.es\/cprvalledelguadiaro\/index.php?rest_route=\/wp\/v2\/types\/post"}],"author":[{"embeddable":true,"href":"https:\/\/blogsaverroes.juntadeandalucia.es\/cprvalledelguadiaro\/index.php?rest_route=\/wp\/v2\/users\/4494"}],"replies":[{"embeddable":true,"href":"https:\/\/blogsaverroes.juntadeandalucia.es\/cprvalledelguadiaro\/index.php?rest_route=%2Fwp%2Fv2%2Fcomments&post=7797"}],"version-history":[{"count":4,"href":"https:\/\/blogsaverroes.juntadeandalucia.es\/cprvalledelguadiaro\/index.php?rest_route=\/wp\/v2\/posts\/7797\/revisions"}],"predecessor-version":[{"id":7837,"href":"https:\/\/blogsaverroes.juntadeandalucia.es\/cprvalledelguadiaro\/index.php?rest_route=\/wp\/v2\/posts\/7797\/revisions\/7837"}],"wp:featuredmedia":[{"embeddable":true,"href":"https:\/\/blogsaverroes.juntadeandalucia.es\/cprvalledelguadiaro\/index.php?rest_route=\/wp\/v2\/media\/7831"}],"wp:attachment":[{"href":"https:\/\/blogsaverroes.juntadeandalucia.es\/cprvalledelguadiaro\/index.php?rest_route=%2Fwp%2Fv2%2Fmedia&parent=7797"}],"wp:term":[{"taxonomy":"category","embeddable":true,"href":"https:\/\/blogsaverroes.juntadeandalucia.es\/cprvalledelguadiaro\/index.php?rest_route=%2Fwp%2Fv2%2Fcategories&post=7797"},{"taxonomy":"post_tag","embeddable":true,"href":"https:\/\/blogsaverroes.juntadeandalucia.es\/cprvalledelguadiaro\/index.php?rest_route=%2Fwp%2Fv2%2Ftags&post=7797"}],"curies":[{"name":"wp","href":"https:\/\/api.w.org\/{rel}","templated":true}]}}