{"id":7973,"date":"2022-05-13T11:10:25","date_gmt":"2022-05-13T11:10:25","guid":{"rendered":"https:\/\/blogsaverroes.juntadeandalucia.es\/cprvalledelguadiaro\/?p=7973"},"modified":"2023-04-02T09:20:16","modified_gmt":"2023-04-02T09:20:16","slug":"dia-del-libro-2","status":"publish","type":"post","link":"https:\/\/blogsaverroes.juntadeandalucia.es\/cprvalledelguadiaro\/?p=7973","title":{"rendered":"D\u00cdA DEL LIBRO"},"content":{"rendered":"<p>Hola queridos lectores<\/p>\n<p>Como cada semana os vamos a presentar las actividades que llevamos a cabo en nuestro cole. Como sab\u00e9is, aqu\u00ed no paramos y todav\u00eda no os hemos comentado lo que hicimos por el d\u00eda del libro.<\/p>\n<p>Pues algunas familias vinieron al cole a leernos cuentos, invent\u00f3 cada alumno o alumna un cuento a partir de una imagen que tambi\u00e9n leyeron los que quisieron. Fue muy divertido y nos lo pasamos genial.<\/p>\n<p>En la sede de Jimera de L\u00edbar, mirad qu\u00e9 bien se lo pasaron escuchando a varias mam\u00e1s y un pap\u00e1 leyendo los cuentos que tra\u00edan.<\/p>\nngg_shortcode_0_placeholder\n<div style=\"width: 640px;\" class=\"wp-video\"><!--[if lt IE 9]><script>document.createElement('video');<\/script><![endif]-->\n<video class=\"wp-video-shortcode\" id=\"video-7973-1\" width=\"640\" height=\"352\" preload=\"metadata\" controls=\"controls\"><source type=\"video\/mp4\" src=\"https:\/\/blogsaverroes.juntadeandalucia.es\/cprvalledelguadiaro\/files\/2022\/05\/VID-20220426-WA0034.mp4?_=1\" \/><a href=\"https:\/\/blogsaverroes.juntadeandalucia.es\/cprvalledelguadiaro\/files\/2022\/05\/VID-20220426-WA0034.mp4\">https:\/\/blogsaverroes.juntadeandalucia.es\/cprvalledelguadiaro\/files\/2022\/05\/VID-20220426-WA0034.mp4<\/a><\/video><\/div>\n<div style=\"width: 640px;\" class=\"wp-video\"><video class=\"wp-video-shortcode\" id=\"video-7973-2\" width=\"640\" height=\"352\" preload=\"metadata\" controls=\"controls\"><source type=\"video\/mp4\" src=\"https:\/\/blogsaverroes.juntadeandalucia.es\/cprvalledelguadiaro\/files\/2022\/05\/VID-20220426-WA0037.mp4?_=2\" \/><a href=\"https:\/\/blogsaverroes.juntadeandalucia.es\/cprvalledelguadiaro\/files\/2022\/05\/VID-20220426-WA0037.mp4\">https:\/\/blogsaverroes.juntadeandalucia.es\/cprvalledelguadiaro\/files\/2022\/05\/VID-20220426-WA0037.mp4<\/a><\/video><\/div>\n<div style=\"width: 640px;\" class=\"wp-video\"><video class=\"wp-video-shortcode\" id=\"video-7973-3\" width=\"640\" height=\"352\" preload=\"metadata\" controls=\"controls\"><source type=\"video\/mp4\" src=\"https:\/\/blogsaverroes.juntadeandalucia.es\/cprvalledelguadiaro\/files\/2022\/05\/VID-20220426-WA0040.mp4?_=3\" \/><a href=\"https:\/\/blogsaverroes.juntadeandalucia.es\/cprvalledelguadiaro\/files\/2022\/05\/VID-20220426-WA0040.mp4\">https:\/\/blogsaverroes.juntadeandalucia.es\/cprvalledelguadiaro\/files\/2022\/05\/VID-20220426-WA0040.mp4<\/a><\/video><\/div>\n<p>&nbsp;<\/p>\n<p>&nbsp;<\/p>\n<p>En la sede de Ca\u00f1ada Real Tesoro tambi\u00e9n disfrutamos mucho, el tren averiado que hab\u00eda en la v\u00eda hizo que tuvi\u00e9ramos que cambiar de escenario ya que no nos dejaba o\u00edr. Varias mam\u00e1s y un pap\u00e1 acudieron a la cita y la se\u00f1o Mar\u00eda tambi\u00e9n ley\u00f3 otro cuento. Muchos alumnos y alumnas quisieron leer los cuentos que hab\u00edan inventado Mirad:<\/p>\nngg_shortcode_1_placeholder\n<div style=\"width: 640px;\" class=\"wp-video\"><video class=\"wp-video-shortcode\" id=\"video-7973-4\" width=\"640\" height=\"352\" preload=\"metadata\" controls=\"controls\"><source type=\"video\/mp4\" src=\"https:\/\/blogsaverroes.juntadeandalucia.es\/cprvalledelguadiaro\/files\/2022\/05\/VID-20220426-WA0013.mp4?_=4\" \/><a href=\"https:\/\/blogsaverroes.juntadeandalucia.es\/cprvalledelguadiaro\/files\/2022\/05\/VID-20220426-WA0013.mp4\">https:\/\/blogsaverroes.juntadeandalucia.es\/cprvalledelguadiaro\/files\/2022\/05\/VID-20220426-WA0013.mp4<\/a><\/video><\/div>\n<div style=\"width: 640px;\" class=\"wp-video\"><video class=\"wp-video-shortcode\" id=\"video-7973-5\" width=\"640\" height=\"352\" preload=\"metadata\" controls=\"controls\"><source type=\"video\/mp4\" src=\"https:\/\/blogsaverroes.juntadeandalucia.es\/cprvalledelguadiaro\/files\/2022\/05\/VID-20220426-WA0001.mp4?_=5\" \/><a href=\"https:\/\/blogsaverroes.juntadeandalucia.es\/cprvalledelguadiaro\/files\/2022\/05\/VID-20220426-WA0001.mp4\">https:\/\/blogsaverroes.juntadeandalucia.es\/cprvalledelguadiaro\/files\/2022\/05\/VID-20220426-WA0001.mp4<\/a><\/video><\/div>\n<div style=\"width: 640px;\" class=\"wp-video\"><video class=\"wp-video-shortcode\" id=\"video-7973-6\" width=\"640\" height=\"352\" preload=\"metadata\" controls=\"controls\"><source type=\"video\/mp4\" src=\"https:\/\/blogsaverroes.juntadeandalucia.es\/cprvalledelguadiaro\/files\/2022\/05\/VID-20220426-WA0008.mp4?_=6\" \/><a href=\"https:\/\/blogsaverroes.juntadeandalucia.es\/cprvalledelguadiaro\/files\/2022\/05\/VID-20220426-WA0008.mp4\">https:\/\/blogsaverroes.juntadeandalucia.es\/cprvalledelguadiaro\/files\/2022\/05\/VID-20220426-WA0008.mp4<\/a><\/video><\/div>\n<p>&nbsp;<\/p>\n<p>&nbsp;<\/p>\n<p>Pues as\u00ed de bien nos lo pasamos celebrando el d\u00eda del libro. La semana que viene traeremos m\u00e1s cositas para que ve\u00e1is c\u00f3mo nos lo pasamos en el cole.<\/p>\n<p>\u00a1\u00a1Feliz semana queridos lectores!!<\/p>\n","protected":false},"excerpt":{"rendered":"<p>Hola queridos lectores Como cada semana os vamos a presentar las actividades que llevamos a cabo en nuestro cole. Como sab\u00e9is, aqu\u00ed no paramos y todav\u00eda no os hemos comentado lo que hicimos por&#46;&#46;&#46;<\/p>\n","protected":false},"author":4494,"featured_media":8029,"comment_status":"open","ping_status":"open","sticky":false,"template":"","format":"standard","meta":{"ngg_post_thumbnail":0,"footnotes":""},"categories":[5991,1025064,1025063],"tags":[1025066,1025068],"aioseo_notices":[],"_links":{"self":[{"href":"https:\/\/blogsaverroes.juntadeandalucia.es\/cprvalledelguadiaro\/index.php?rest_route=\/wp\/v2\/posts\/7973"}],"collection":[{"href":"https:\/\/blogsaverroes.juntadeandalucia.es\/cprvalledelguadiaro\/index.php?rest_route=\/wp\/v2\/posts"}],"about":[{"href":"https:\/\/blogsaverroes.juntadeandalucia.es\/cprvalledelguadiaro\/index.php?rest_route=\/wp\/v2\/types\/post"}],"author":[{"embeddable":true,"href":"https:\/\/blogsaverroes.juntadeandalucia.es\/cprvalledelguadiaro\/index.php?rest_route=\/wp\/v2\/users\/4494"}],"replies":[{"embeddable":true,"href":"https:\/\/blogsaverroes.juntadeandalucia.es\/cprvalledelguadiaro\/index.php?rest_route=%2Fwp%2Fv2%2Fcomments&post=7973"}],"version-history":[{"count":4,"href":"https:\/\/blogsaverroes.juntadeandalucia.es\/cprvalledelguadiaro\/index.php?rest_route=\/wp\/v2\/posts\/7973\/revisions"}],"predecessor-version":[{"id":8028,"href":"https:\/\/blogsaverroes.juntadeandalucia.es\/cprvalledelguadiaro\/index.php?rest_route=\/wp\/v2\/posts\/7973\/revisions\/8028"}],"wp:featuredmedia":[{"embeddable":true,"href":"https:\/\/blogsaverroes.juntadeandalucia.es\/cprvalledelguadiaro\/index.php?rest_route=\/wp\/v2\/media\/8029"}],"wp:attachment":[{"href":"https:\/\/blogsaverroes.juntadeandalucia.es\/cprvalledelguadiaro\/index.php?rest_route=%2Fwp%2Fv2%2Fmedia&parent=7973"}],"wp:term":[{"taxonomy":"category","embeddable":true,"href":"https:\/\/blogsaverroes.juntadeandalucia.es\/cprvalledelguadiaro\/index.php?rest_route=%2Fwp%2Fv2%2Fcategories&post=7973"},{"taxonomy":"post_tag","embeddable":true,"href":"https:\/\/blogsaverroes.juntadeandalucia.es\/cprvalledelguadiaro\/index.php?rest_route=%2Fwp%2Fv2%2Ftags&post=7973"}],"curies":[{"name":"wp","href":"https:\/\/api.w.org\/{rel}","templated":true}]}}