{"id":8030,"date":"2022-05-20T10:41:58","date_gmt":"2022-05-20T10:41:58","guid":{"rendered":"https:\/\/blogsaverroes.juntadeandalucia.es\/cprvalledelguadiaro\/?p=8030"},"modified":"2023-04-02T09:18:40","modified_gmt":"2023-04-02T09:18:40","slug":"lienzos-contra-la-violencia","status":"publish","type":"post","link":"https:\/\/blogsaverroes.juntadeandalucia.es\/cprvalledelguadiaro\/?p=8030","title":{"rendered":"LIENZOS CONTRA LA VIOLENCIA"},"content":{"rendered":"<p>Hola queridos lectores<\/p>\n<p>Como cada semana os vamos a ense\u00f1ar las actividades que llevamos a cabo en nuestro cole.<\/p>\n<p>Esta vez os vamos a ense\u00f1ar unos lienzos que hemos realizado contra la violencia. Una actividad que se encuentra dentro del Pacto de Violencia de G\u00e9nero de la Junta de Andaluc\u00eda y el Ministerio de la Presidencia, Relaciones con las Cortes e Igualdad&nbsp;<\/p>\n<p><a href=\"https:\/\/blogsaverroes.juntadeandalucia.es\/cprvalledelguadiaro\/files\/2022\/05\/logopactoestadocolor.png\"><img loading=\"lazy\" decoding=\"async\" class=\"size-medium wp-image-7968 alignleft\" src=\"https:\/\/blogsaverroes.juntadeandalucia.es\/cprvalledelguadiaro\/files\/2022\/05\/logopactoestadocolor-300x230.png\" alt=\"\" width=\"300\" height=\"230\" srcset=\"https:\/\/blogsaverroes.juntadeandalucia.es\/cprvalledelguadiaro\/files\/2022\/05\/logopactoestadocolor-300x230.png 300w, https:\/\/blogsaverroes.juntadeandalucia.es\/cprvalledelguadiaro\/files\/2022\/05\/logopactoestadocolor-768x589.png 768w, https:\/\/blogsaverroes.juntadeandalucia.es\/cprvalledelguadiaro\/files\/2022\/05\/logopactoestadocolor-700x537.png 700w, https:\/\/blogsaverroes.juntadeandalucia.es\/cprvalledelguadiaro\/files\/2022\/05\/logopactoestadocolor.png 882w\" sizes=\"(max-width: 300px) 100vw, 300px\" \/><\/a> <a href=\"https:\/\/blogsaverroes.juntadeandalucia.es\/cprvalledelguadiaro\/files\/2022\/05\/Logo-Junta-grande.png-1.jpg\"><img loading=\"lazy\" decoding=\"async\" class=\"aligncenter size-medium wp-image-7970\" src=\"https:\/\/blogsaverroes.juntadeandalucia.es\/cprvalledelguadiaro\/files\/2022\/05\/Logo-Junta-grande.png-1-300x300.jpg\" alt=\"\" width=\"300\" height=\"300\" srcset=\"https:\/\/blogsaverroes.juntadeandalucia.es\/cprvalledelguadiaro\/files\/2022\/05\/Logo-Junta-grande.png-1-300x300.jpg 300w, https:\/\/blogsaverroes.juntadeandalucia.es\/cprvalledelguadiaro\/files\/2022\/05\/Logo-Junta-grande.png-1-1024x1024.jpg 1024w, https:\/\/blogsaverroes.juntadeandalucia.es\/cprvalledelguadiaro\/files\/2022\/05\/Logo-Junta-grande.png-1-150x150.jpg 150w, https:\/\/blogsaverroes.juntadeandalucia.es\/cprvalledelguadiaro\/files\/2022\/05\/Logo-Junta-grande.png-1-768x768.jpg 768w, https:\/\/blogsaverroes.juntadeandalucia.es\/cprvalledelguadiaro\/files\/2022\/05\/Logo-Junta-grande.png-1-432x432.jpg 432w, https:\/\/blogsaverroes.juntadeandalucia.es\/cprvalledelguadiaro\/files\/2022\/05\/Logo-Junta-grande.png-1-268x268.jpg 268w, https:\/\/blogsaverroes.juntadeandalucia.es\/cprvalledelguadiaro\/files\/2022\/05\/Logo-Junta-grande.png-1-700x700.jpg 700w, https:\/\/blogsaverroes.juntadeandalucia.es\/cprvalledelguadiaro\/files\/2022\/05\/Logo-Junta-grande.png-1.jpg 1500w\" sizes=\"(max-width: 300px) 100vw, 300px\" \/><\/a> <a href=\"https:\/\/blogsaverroes.juntadeandalucia.es\/cprvalledelguadiaro\/files\/2022\/05\/MPRCIGob-1-scaled.jpg\"><img loading=\"lazy\" decoding=\"async\" class=\"aligncenter size-medium wp-image-7967\" src=\"https:\/\/blogsaverroes.juntadeandalucia.es\/cprvalledelguadiaro\/files\/2022\/05\/MPRCIGob-1-300x61.jpg\" alt=\"\" width=\"300\" height=\"61\" srcset=\"https:\/\/blogsaverroes.juntadeandalucia.es\/cprvalledelguadiaro\/files\/2022\/05\/MPRCIGob-1-300x61.jpg 300w, https:\/\/blogsaverroes.juntadeandalucia.es\/cprvalledelguadiaro\/files\/2022\/05\/MPRCIGob-1-1024x207.jpg 1024w, https:\/\/blogsaverroes.juntadeandalucia.es\/cprvalledelguadiaro\/files\/2022\/05\/MPRCIGob-1-768x155.jpg 768w, https:\/\/blogsaverroes.juntadeandalucia.es\/cprvalledelguadiaro\/files\/2022\/05\/MPRCIGob-1-1536x310.jpg 1536w, https:\/\/blogsaverroes.juntadeandalucia.es\/cprvalledelguadiaro\/files\/2022\/05\/MPRCIGob-1-2048x413.jpg 2048w, https:\/\/blogsaverroes.juntadeandalucia.es\/cprvalledelguadiaro\/files\/2022\/05\/MPRCIGob-1-700x141.jpg 700w, https:\/\/blogsaverroes.juntadeandalucia.es\/cprvalledelguadiaro\/files\/2022\/05\/MPRCIGob-1-scaled.jpg 1600w\" sizes=\"(max-width: 300px) 100vw, 300px\" \/><\/a><\/p>\n<p>La se\u00f1o Maite como coordinadora de este Pacto de Violencia de G\u00e9nero, nos propuso hacer unos lienzos donde plasm\u00e1ramos la igualdad entre hombre y mujeres, la no violencia, la tolerancia, el respeto&#8230;. un dibujo, una frase lo que quisi\u00e9ramos sobre este tema.&nbsp;<\/p>\n<p>Nuestro alumnos y alumnas han hecho estos magn\u00edficos lienzos, os ense\u00f1amos el proceso de elaboraci\u00f3n y el resultado:<\/p>\n<p><strong>Infantil JImera<\/strong><\/p>\n<p><a href=\"https:\/\/blogsaverroes.juntadeandalucia.es\/cprvalledelguadiaro\/files\/2022\/05\/WhatsApp-Image-2022-05-17-at-3.13.28-PM.jpeg\"><img loading=\"lazy\" decoding=\"async\" class=\"size-medium wp-image-8032 alignleft\" src=\"https:\/\/blogsaverroes.juntadeandalucia.es\/cprvalledelguadiaro\/files\/2022\/05\/WhatsApp-Image-2022-05-17-at-3.13.28-PM-300x225.jpeg\" alt=\"\" width=\"300\" height=\"225\" srcset=\"https:\/\/blogsaverroes.juntadeandalucia.es\/cprvalledelguadiaro\/files\/2022\/05\/WhatsApp-Image-2022-05-17-at-3.13.28-PM-300x225.jpeg 300w, https:\/\/blogsaverroes.juntadeandalucia.es\/cprvalledelguadiaro\/files\/2022\/05\/WhatsApp-Image-2022-05-17-at-3.13.28-PM-1024x768.jpeg 1024w, https:\/\/blogsaverroes.juntadeandalucia.es\/cprvalledelguadiaro\/files\/2022\/05\/WhatsApp-Image-2022-05-17-at-3.13.28-PM-768x576.jpeg 768w, https:\/\/blogsaverroes.juntadeandalucia.es\/cprvalledelguadiaro\/files\/2022\/05\/WhatsApp-Image-2022-05-17-at-3.13.28-PM-1536x1152.jpeg 1536w, https:\/\/blogsaverroes.juntadeandalucia.es\/cprvalledelguadiaro\/files\/2022\/05\/WhatsApp-Image-2022-05-17-at-3.13.28-PM-700x525.jpeg 700w, https:\/\/blogsaverroes.juntadeandalucia.es\/cprvalledelguadiaro\/files\/2022\/05\/WhatsApp-Image-2022-05-17-at-3.13.28-PM.jpeg 1600w\" sizes=\"(max-width: 300px) 100vw, 300px\" \/><\/a><a href=\"https:\/\/blogsaverroes.juntadeandalucia.es\/cprvalledelguadiaro\/files\/2022\/05\/WhatsApp-Image-2022-05-17-at-3.13.29-PM.jpeg\"><img loading=\"lazy\" decoding=\"async\" class=\"aligncenter size-medium wp-image-8033\" src=\"https:\/\/blogsaverroes.juntadeandalucia.es\/cprvalledelguadiaro\/files\/2022\/05\/WhatsApp-Image-2022-05-17-at-3.13.29-PM-300x225.jpeg\" alt=\"\" width=\"300\" height=\"225\" srcset=\"https:\/\/blogsaverroes.juntadeandalucia.es\/cprvalledelguadiaro\/files\/2022\/05\/WhatsApp-Image-2022-05-17-at-3.13.29-PM-300x225.jpeg 300w, https:\/\/blogsaverroes.juntadeandalucia.es\/cprvalledelguadiaro\/files\/2022\/05\/WhatsApp-Image-2022-05-17-at-3.13.29-PM-1024x768.jpeg 1024w, https:\/\/blogsaverroes.juntadeandalucia.es\/cprvalledelguadiaro\/files\/2022\/05\/WhatsApp-Image-2022-05-17-at-3.13.29-PM-768x576.jpeg 768w, https:\/\/blogsaverroes.juntadeandalucia.es\/cprvalledelguadiaro\/files\/2022\/05\/WhatsApp-Image-2022-05-17-at-3.13.29-PM-1536x1152.jpeg 1536w, https:\/\/blogsaverroes.juntadeandalucia.es\/cprvalledelguadiaro\/files\/2022\/05\/WhatsApp-Image-2022-05-17-at-3.13.29-PM-700x525.jpeg 700w, https:\/\/blogsaverroes.juntadeandalucia.es\/cprvalledelguadiaro\/files\/2022\/05\/WhatsApp-Image-2022-05-17-at-3.13.29-PM.jpeg 1600w\" sizes=\"(max-width: 300px) 100vw, 300px\" \/><\/a><img loading=\"lazy\" decoding=\"async\" class=\"aligncenter size-medium wp-image-8031\" src=\"https:\/\/blogsaverroes.juntadeandalucia.es\/cprvalledelguadiaro\/files\/2022\/05\/WhatsApp-Image-2022-05-17-at-3.13.27-PM-300x225.jpeg\" alt=\"\" width=\"300\" height=\"225\" srcset=\"https:\/\/blogsaverroes.juntadeandalucia.es\/cprvalledelguadiaro\/files\/2022\/05\/WhatsApp-Image-2022-05-17-at-3.13.27-PM-300x225.jpeg 300w, https:\/\/blogsaverroes.juntadeandalucia.es\/cprvalledelguadiaro\/files\/2022\/05\/WhatsApp-Image-2022-05-17-at-3.13.27-PM-1024x768.jpeg 1024w, https:\/\/blogsaverroes.juntadeandalucia.es\/cprvalledelguadiaro\/files\/2022\/05\/WhatsApp-Image-2022-05-17-at-3.13.27-PM-768x576.jpeg 768w, https:\/\/blogsaverroes.juntadeandalucia.es\/cprvalledelguadiaro\/files\/2022\/05\/WhatsApp-Image-2022-05-17-at-3.13.27-PM-1536x1152.jpeg 1536w, https:\/\/blogsaverroes.juntadeandalucia.es\/cprvalledelguadiaro\/files\/2022\/05\/WhatsApp-Image-2022-05-17-at-3.13.27-PM-700x525.jpeg 700w, https:\/\/blogsaverroes.juntadeandalucia.es\/cprvalledelguadiaro\/files\/2022\/05\/WhatsApp-Image-2022-05-17-at-3.13.27-PM.jpeg 1600w\" sizes=\"(max-width: 300px) 100vw, 300px\" \/><\/p>\n<p>&nbsp;<\/p>\n<p><strong>Infantil Ca\u00f1ada<\/strong><\/p>\n<p><a href=\"https:\/\/blogsaverroes.juntadeandalucia.es\/cprvalledelguadiaro\/files\/2022\/05\/WhatsApp-Image-2022-05-20-at-11.26.01-AM.jpeg\"><img loading=\"lazy\" decoding=\"async\" class=\"size-medium wp-image-8040 alignleft\" src=\"https:\/\/blogsaverroes.juntadeandalucia.es\/cprvalledelguadiaro\/files\/2022\/05\/WhatsApp-Image-2022-05-20-at-11.26.01-AM-225x300.jpeg\" alt=\"\" width=\"225\" height=\"300\" srcset=\"https:\/\/blogsaverroes.juntadeandalucia.es\/cprvalledelguadiaro\/files\/2022\/05\/WhatsApp-Image-2022-05-20-at-11.26.01-AM-225x300.jpeg 225w, https:\/\/blogsaverroes.juntadeandalucia.es\/cprvalledelguadiaro\/files\/2022\/05\/WhatsApp-Image-2022-05-20-at-11.26.01-AM-768x1024.jpeg 768w, https:\/\/blogsaverroes.juntadeandalucia.es\/cprvalledelguadiaro\/files\/2022\/05\/WhatsApp-Image-2022-05-20-at-11.26.01-AM-1152x1536.jpeg 1152w, https:\/\/blogsaverroes.juntadeandalucia.es\/cprvalledelguadiaro\/files\/2022\/05\/WhatsApp-Image-2022-05-20-at-11.26.01-AM-700x933.jpeg 700w, https:\/\/blogsaverroes.juntadeandalucia.es\/cprvalledelguadiaro\/files\/2022\/05\/WhatsApp-Image-2022-05-20-at-11.26.01-AM.jpeg 1200w\" sizes=\"(max-width: 225px) 100vw, 225px\" \/><\/a><a href=\"https:\/\/blogsaverroes.juntadeandalucia.es\/cprvalledelguadiaro\/files\/2022\/05\/WhatsApp-Image-2022-05-20-at-11.26.01-AM-1.jpeg\"><img loading=\"lazy\" decoding=\"async\" class=\"aligncenter size-medium wp-image-8037\" src=\"https:\/\/blogsaverroes.juntadeandalucia.es\/cprvalledelguadiaro\/files\/2022\/05\/WhatsApp-Image-2022-05-20-at-11.26.01-AM-1-225x300.jpeg\" alt=\"\" width=\"225\" height=\"300\" srcset=\"https:\/\/blogsaverroes.juntadeandalucia.es\/cprvalledelguadiaro\/files\/2022\/05\/WhatsApp-Image-2022-05-20-at-11.26.01-AM-1-225x300.jpeg 225w, https:\/\/blogsaverroes.juntadeandalucia.es\/cprvalledelguadiaro\/files\/2022\/05\/WhatsApp-Image-2022-05-20-at-11.26.01-AM-1-768x1024.jpeg 768w, https:\/\/blogsaverroes.juntadeandalucia.es\/cprvalledelguadiaro\/files\/2022\/05\/WhatsApp-Image-2022-05-20-at-11.26.01-AM-1-1152x1536.jpeg 1152w, https:\/\/blogsaverroes.juntadeandalucia.es\/cprvalledelguadiaro\/files\/2022\/05\/WhatsApp-Image-2022-05-20-at-11.26.01-AM-1-700x933.jpeg 700w, https:\/\/blogsaverroes.juntadeandalucia.es\/cprvalledelguadiaro\/files\/2022\/05\/WhatsApp-Image-2022-05-20-at-11.26.01-AM-1.jpeg 1200w\" sizes=\"(max-width: 225px) 100vw, 225px\" \/><\/a><a href=\"https:\/\/blogsaverroes.juntadeandalucia.es\/cprvalledelguadiaro\/files\/2022\/05\/WhatsApp-Image-2022-05-20-at-11.26.02-AM-1.jpeg\"><img loading=\"lazy\" decoding=\"async\" class=\"size-medium wp-image-8039 alignleft\" src=\"https:\/\/blogsaverroes.juntadeandalucia.es\/cprvalledelguadiaro\/files\/2022\/05\/WhatsApp-Image-2022-05-20-at-11.26.02-AM-1-225x300.jpeg\" alt=\"\" width=\"225\" height=\"300\" srcset=\"https:\/\/blogsaverroes.juntadeandalucia.es\/cprvalledelguadiaro\/files\/2022\/05\/WhatsApp-Image-2022-05-20-at-11.26.02-AM-1-225x300.jpeg 225w, https:\/\/blogsaverroes.juntadeandalucia.es\/cprvalledelguadiaro\/files\/2022\/05\/WhatsApp-Image-2022-05-20-at-11.26.02-AM-1-768x1024.jpeg 768w, https:\/\/blogsaverroes.juntadeandalucia.es\/cprvalledelguadiaro\/files\/2022\/05\/WhatsApp-Image-2022-05-20-at-11.26.02-AM-1-1152x1536.jpeg 1152w, https:\/\/blogsaverroes.juntadeandalucia.es\/cprvalledelguadiaro\/files\/2022\/05\/WhatsApp-Image-2022-05-20-at-11.26.02-AM-1-700x933.jpeg 700w, https:\/\/blogsaverroes.juntadeandalucia.es\/cprvalledelguadiaro\/files\/2022\/05\/WhatsApp-Image-2022-05-20-at-11.26.02-AM-1.jpeg 1200w\" sizes=\"(max-width: 225px) 100vw, 225px\" \/><\/a><img loading=\"lazy\" decoding=\"async\" class=\"aligncenter size-medium wp-image-8041\" src=\"https:\/\/blogsaverroes.juntadeandalucia.es\/cprvalledelguadiaro\/files\/2022\/05\/WhatsApp-Image-2022-05-20-at-11.26.02-AM-225x300.jpeg\" alt=\"\" width=\"225\" height=\"300\" srcset=\"https:\/\/blogsaverroes.juntadeandalucia.es\/cprvalledelguadiaro\/files\/2022\/05\/WhatsApp-Image-2022-05-20-at-11.26.02-AM-225x300.jpeg 225w, https:\/\/blogsaverroes.juntadeandalucia.es\/cprvalledelguadiaro\/files\/2022\/05\/WhatsApp-Image-2022-05-20-at-11.26.02-AM-768x1024.jpeg 768w, https:\/\/blogsaverroes.juntadeandalucia.es\/cprvalledelguadiaro\/files\/2022\/05\/WhatsApp-Image-2022-05-20-at-11.26.02-AM-1152x1536.jpeg 1152w, https:\/\/blogsaverroes.juntadeandalucia.es\/cprvalledelguadiaro\/files\/2022\/05\/WhatsApp-Image-2022-05-20-at-11.26.02-AM-700x933.jpeg 700w, https:\/\/blogsaverroes.juntadeandalucia.es\/cprvalledelguadiaro\/files\/2022\/05\/WhatsApp-Image-2022-05-20-at-11.26.02-AM.jpeg 1200w\" sizes=\"(max-width: 225px) 100vw, 225px\" \/> <a href=\"https:\/\/blogsaverroes.juntadeandalucia.es\/cprvalledelguadiaro\/files\/2022\/05\/WhatsApp-Image-2022-05-20-at-10.08.58-AM.jpeg\"><img loading=\"lazy\" decoding=\"async\" class=\"size-medium wp-image-8035 alignleft\" src=\"https:\/\/blogsaverroes.juntadeandalucia.es\/cprvalledelguadiaro\/files\/2022\/05\/WhatsApp-Image-2022-05-20-at-10.08.58-AM-300x225.jpeg\" alt=\"\" width=\"300\" height=\"225\" srcset=\"https:\/\/blogsaverroes.juntadeandalucia.es\/cprvalledelguadiaro\/files\/2022\/05\/WhatsApp-Image-2022-05-20-at-10.08.58-AM-300x225.jpeg 300w, https:\/\/blogsaverroes.juntadeandalucia.es\/cprvalledelguadiaro\/files\/2022\/05\/WhatsApp-Image-2022-05-20-at-10.08.58-AM-1024x768.jpeg 1024w, https:\/\/blogsaverroes.juntadeandalucia.es\/cprvalledelguadiaro\/files\/2022\/05\/WhatsApp-Image-2022-05-20-at-10.08.58-AM-768x576.jpeg 768w, https:\/\/blogsaverroes.juntadeandalucia.es\/cprvalledelguadiaro\/files\/2022\/05\/WhatsApp-Image-2022-05-20-at-10.08.58-AM-1536x1152.jpeg 1536w, https:\/\/blogsaverroes.juntadeandalucia.es\/cprvalledelguadiaro\/files\/2022\/05\/WhatsApp-Image-2022-05-20-at-10.08.58-AM-700x525.jpeg 700w, https:\/\/blogsaverroes.juntadeandalucia.es\/cprvalledelguadiaro\/files\/2022\/05\/WhatsApp-Image-2022-05-20-at-10.08.58-AM.jpeg 1600w\" sizes=\"(max-width: 300px) 100vw, 300px\" \/><\/a><a href=\"https:\/\/blogsaverroes.juntadeandalucia.es\/cprvalledelguadiaro\/files\/2022\/05\/WhatsApp-Image-2022-05-20-at-10.09.22-AM.jpeg\"><img loading=\"lazy\" decoding=\"async\" class=\"size-medium wp-image-8036 aligncenter\" src=\"https:\/\/blogsaverroes.juntadeandalucia.es\/cprvalledelguadiaro\/files\/2022\/05\/WhatsApp-Image-2022-05-20-at-10.09.22-AM-300x225.jpeg\" alt=\"\" width=\"300\" height=\"225\" srcset=\"https:\/\/blogsaverroes.juntadeandalucia.es\/cprvalledelguadiaro\/files\/2022\/05\/WhatsApp-Image-2022-05-20-at-10.09.22-AM-300x225.jpeg 300w, https:\/\/blogsaverroes.juntadeandalucia.es\/cprvalledelguadiaro\/files\/2022\/05\/WhatsApp-Image-2022-05-20-at-10.09.22-AM-1024x768.jpeg 1024w, https:\/\/blogsaverroes.juntadeandalucia.es\/cprvalledelguadiaro\/files\/2022\/05\/WhatsApp-Image-2022-05-20-at-10.09.22-AM-768x576.jpeg 768w, https:\/\/blogsaverroes.juntadeandalucia.es\/cprvalledelguadiaro\/files\/2022\/05\/WhatsApp-Image-2022-05-20-at-10.09.22-AM-1536x1152.jpeg 1536w, https:\/\/blogsaverroes.juntadeandalucia.es\/cprvalledelguadiaro\/files\/2022\/05\/WhatsApp-Image-2022-05-20-at-10.09.22-AM-700x525.jpeg 700w, https:\/\/blogsaverroes.juntadeandalucia.es\/cprvalledelguadiaro\/files\/2022\/05\/WhatsApp-Image-2022-05-20-at-10.09.22-AM.jpeg 1600w\" sizes=\"(max-width: 300px) 100vw, 300px\" \/><\/a><\/p>\n<p>&nbsp;<\/p>\n<p><strong>Primaria Jimera<\/strong><\/p>\n<p><a href=\"https:\/\/blogsaverroes.juntadeandalucia.es\/cprvalledelguadiaro\/files\/2022\/05\/WhatsApp-Image-2022-05-20-at-11.26.02-AM-4.jpeg\"><img loading=\"lazy\" decoding=\"async\" class=\"size-medium wp-image-8046 alignleft\" src=\"https:\/\/blogsaverroes.juntadeandalucia.es\/cprvalledelguadiaro\/files\/2022\/05\/WhatsApp-Image-2022-05-20-at-11.26.02-AM-4-300x225.jpeg\" alt=\"\" width=\"300\" height=\"225\" srcset=\"https:\/\/blogsaverroes.juntadeandalucia.es\/cprvalledelguadiaro\/files\/2022\/05\/WhatsApp-Image-2022-05-20-at-11.26.02-AM-4-300x225.jpeg 300w, https:\/\/blogsaverroes.juntadeandalucia.es\/cprvalledelguadiaro\/files\/2022\/05\/WhatsApp-Image-2022-05-20-at-11.26.02-AM-4-1024x768.jpeg 1024w, https:\/\/blogsaverroes.juntadeandalucia.es\/cprvalledelguadiaro\/files\/2022\/05\/WhatsApp-Image-2022-05-20-at-11.26.02-AM-4-768x576.jpeg 768w, https:\/\/blogsaverroes.juntadeandalucia.es\/cprvalledelguadiaro\/files\/2022\/05\/WhatsApp-Image-2022-05-20-at-11.26.02-AM-4-1536x1152.jpeg 1536w, https:\/\/blogsaverroes.juntadeandalucia.es\/cprvalledelguadiaro\/files\/2022\/05\/WhatsApp-Image-2022-05-20-at-11.26.02-AM-4-700x525.jpeg 700w, https:\/\/blogsaverroes.juntadeandalucia.es\/cprvalledelguadiaro\/files\/2022\/05\/WhatsApp-Image-2022-05-20-at-11.26.02-AM-4.jpeg 1600w\" sizes=\"(max-width: 300px) 100vw, 300px\" \/><\/a><a href=\"https:\/\/blogsaverroes.juntadeandalucia.es\/cprvalledelguadiaro\/files\/2022\/05\/WhatsApp-Image-2022-05-20-at-11.26.03-AM-2.jpeg\"><img loading=\"lazy\" decoding=\"async\" class=\"aligncenter size-medium wp-image-8047\" src=\"https:\/\/blogsaverroes.juntadeandalucia.es\/cprvalledelguadiaro\/files\/2022\/05\/WhatsApp-Image-2022-05-20-at-11.26.03-AM-2-225x300.jpeg\" alt=\"\" width=\"225\" height=\"300\" srcset=\"https:\/\/blogsaverroes.juntadeandalucia.es\/cprvalledelguadiaro\/files\/2022\/05\/WhatsApp-Image-2022-05-20-at-11.26.03-AM-2-225x300.jpeg 225w, https:\/\/blogsaverroes.juntadeandalucia.es\/cprvalledelguadiaro\/files\/2022\/05\/WhatsApp-Image-2022-05-20-at-11.26.03-AM-2-768x1024.jpeg 768w, https:\/\/blogsaverroes.juntadeandalucia.es\/cprvalledelguadiaro\/files\/2022\/05\/WhatsApp-Image-2022-05-20-at-11.26.03-AM-2-1152x1536.jpeg 1152w, https:\/\/blogsaverroes.juntadeandalucia.es\/cprvalledelguadiaro\/files\/2022\/05\/WhatsApp-Image-2022-05-20-at-11.26.03-AM-2-700x933.jpeg 700w, https:\/\/blogsaverroes.juntadeandalucia.es\/cprvalledelguadiaro\/files\/2022\/05\/WhatsApp-Image-2022-05-20-at-11.26.03-AM-2.jpeg 1200w\" sizes=\"(max-width: 225px) 100vw, 225px\" \/><\/a><a href=\"https:\/\/blogsaverroes.juntadeandalucia.es\/cprvalledelguadiaro\/files\/2022\/05\/WhatsApp-Image-2022-05-20-at-11.26.03-AM-3.jpeg\"><img loading=\"lazy\" decoding=\"async\" class=\"aligncenter size-medium wp-image-8048\" src=\"https:\/\/blogsaverroes.juntadeandalucia.es\/cprvalledelguadiaro\/files\/2022\/05\/WhatsApp-Image-2022-05-20-at-11.26.03-AM-3-225x300.jpeg\" alt=\"\" width=\"225\" height=\"300\" srcset=\"https:\/\/blogsaverroes.juntadeandalucia.es\/cprvalledelguadiaro\/files\/2022\/05\/WhatsApp-Image-2022-05-20-at-11.26.03-AM-3-225x300.jpeg 225w, https:\/\/blogsaverroes.juntadeandalucia.es\/cprvalledelguadiaro\/files\/2022\/05\/WhatsApp-Image-2022-05-20-at-11.26.03-AM-3-768x1024.jpeg 768w, https:\/\/blogsaverroes.juntadeandalucia.es\/cprvalledelguadiaro\/files\/2022\/05\/WhatsApp-Image-2022-05-20-at-11.26.03-AM-3-1152x1536.jpeg 1152w, https:\/\/blogsaverroes.juntadeandalucia.es\/cprvalledelguadiaro\/files\/2022\/05\/WhatsApp-Image-2022-05-20-at-11.26.03-AM-3-700x933.jpeg 700w, https:\/\/blogsaverroes.juntadeandalucia.es\/cprvalledelguadiaro\/files\/2022\/05\/WhatsApp-Image-2022-05-20-at-11.26.03-AM-3.jpeg 1200w\" sizes=\"(max-width: 225px) 100vw, 225px\" \/><\/a><a href=\"https:\/\/blogsaverroes.juntadeandalucia.es\/cprvalledelguadiaro\/files\/2022\/05\/WhatsApp-Image-2022-05-20-at-10.59.19-AM-1.jpeg\"><img loading=\"lazy\" decoding=\"async\" class=\"size-medium wp-image-8044 alignleft\" src=\"https:\/\/blogsaverroes.juntadeandalucia.es\/cprvalledelguadiaro\/files\/2022\/05\/WhatsApp-Image-2022-05-20-at-10.59.19-AM-1-225x300.jpeg\" alt=\"\" width=\"225\" height=\"300\" srcset=\"https:\/\/blogsaverroes.juntadeandalucia.es\/cprvalledelguadiaro\/files\/2022\/05\/WhatsApp-Image-2022-05-20-at-10.59.19-AM-1-225x300.jpeg 225w, https:\/\/blogsaverroes.juntadeandalucia.es\/cprvalledelguadiaro\/files\/2022\/05\/WhatsApp-Image-2022-05-20-at-10.59.19-AM-1-768x1024.jpeg 768w, https:\/\/blogsaverroes.juntadeandalucia.es\/cprvalledelguadiaro\/files\/2022\/05\/WhatsApp-Image-2022-05-20-at-10.59.19-AM-1-1152x1536.jpeg 1152w, https:\/\/blogsaverroes.juntadeandalucia.es\/cprvalledelguadiaro\/files\/2022\/05\/WhatsApp-Image-2022-05-20-at-10.59.19-AM-1-700x933.jpeg 700w, https:\/\/blogsaverroes.juntadeandalucia.es\/cprvalledelguadiaro\/files\/2022\/05\/WhatsApp-Image-2022-05-20-at-10.59.19-AM-1.jpeg 1200w\" sizes=\"(max-width: 225px) 100vw, 225px\" \/><\/a><a href=\"https:\/\/blogsaverroes.juntadeandalucia.es\/cprvalledelguadiaro\/files\/2022\/05\/WhatsApp-Image-2022-05-20-at-10.59.19-AM.jpeg\"><img loading=\"lazy\" decoding=\"async\" class=\"aligncenter size-medium wp-image-8045\" src=\"https:\/\/blogsaverroes.juntadeandalucia.es\/cprvalledelguadiaro\/files\/2022\/05\/WhatsApp-Image-2022-05-20-at-10.59.19-AM-225x300.jpeg\" alt=\"\" width=\"225\" height=\"300\" srcset=\"https:\/\/blogsaverroes.juntadeandalucia.es\/cprvalledelguadiaro\/files\/2022\/05\/WhatsApp-Image-2022-05-20-at-10.59.19-AM-225x300.jpeg 225w, https:\/\/blogsaverroes.juntadeandalucia.es\/cprvalledelguadiaro\/files\/2022\/05\/WhatsApp-Image-2022-05-20-at-10.59.19-AM-768x1024.jpeg 768w, https:\/\/blogsaverroes.juntadeandalucia.es\/cprvalledelguadiaro\/files\/2022\/05\/WhatsApp-Image-2022-05-20-at-10.59.19-AM-1152x1536.jpeg 1152w, https:\/\/blogsaverroes.juntadeandalucia.es\/cprvalledelguadiaro\/files\/2022\/05\/WhatsApp-Image-2022-05-20-at-10.59.19-AM-700x933.jpeg 700w, https:\/\/blogsaverroes.juntadeandalucia.es\/cprvalledelguadiaro\/files\/2022\/05\/WhatsApp-Image-2022-05-20-at-10.59.19-AM.jpeg 1200w\" sizes=\"(max-width: 225px) 100vw, 225px\" \/><\/a><a href=\"https:\/\/blogsaverroes.juntadeandalucia.es\/cprvalledelguadiaro\/files\/2022\/05\/WhatsApp-Image-2022-05-20-at-10.59.18-AM-1.jpeg\"><img loading=\"lazy\" decoding=\"async\" class=\"size-medium wp-image-8042 alignleft\" src=\"https:\/\/blogsaverroes.juntadeandalucia.es\/cprvalledelguadiaro\/files\/2022\/05\/WhatsApp-Image-2022-05-20-at-10.59.18-AM-1-225x300.jpeg\" alt=\"\" width=\"225\" height=\"300\" srcset=\"https:\/\/blogsaverroes.juntadeandalucia.es\/cprvalledelguadiaro\/files\/2022\/05\/WhatsApp-Image-2022-05-20-at-10.59.18-AM-1-225x300.jpeg 225w, https:\/\/blogsaverroes.juntadeandalucia.es\/cprvalledelguadiaro\/files\/2022\/05\/WhatsApp-Image-2022-05-20-at-10.59.18-AM-1-768x1024.jpeg 768w, https:\/\/blogsaverroes.juntadeandalucia.es\/cprvalledelguadiaro\/files\/2022\/05\/WhatsApp-Image-2022-05-20-at-10.59.18-AM-1-1152x1536.jpeg 1152w, https:\/\/blogsaverroes.juntadeandalucia.es\/cprvalledelguadiaro\/files\/2022\/05\/WhatsApp-Image-2022-05-20-at-10.59.18-AM-1-700x933.jpeg 700w, https:\/\/blogsaverroes.juntadeandalucia.es\/cprvalledelguadiaro\/files\/2022\/05\/WhatsApp-Image-2022-05-20-at-10.59.18-AM-1.jpeg 1200w\" sizes=\"(max-width: 225px) 100vw, 225px\" \/><\/a><a href=\"https:\/\/blogsaverroes.juntadeandalucia.es\/cprvalledelguadiaro\/files\/2022\/05\/WhatsApp-Image-2022-05-20-at-10.59.18-AM.jpeg\"><img loading=\"lazy\" decoding=\"async\" class=\"aligncenter size-medium wp-image-8043\" src=\"https:\/\/blogsaverroes.juntadeandalucia.es\/cprvalledelguadiaro\/files\/2022\/05\/WhatsApp-Image-2022-05-20-at-10.59.18-AM-300x225.jpeg\" alt=\"\" width=\"300\" height=\"225\" srcset=\"https:\/\/blogsaverroes.juntadeandalucia.es\/cprvalledelguadiaro\/files\/2022\/05\/WhatsApp-Image-2022-05-20-at-10.59.18-AM-300x225.jpeg 300w, https:\/\/blogsaverroes.juntadeandalucia.es\/cprvalledelguadiaro\/files\/2022\/05\/WhatsApp-Image-2022-05-20-at-10.59.18-AM-1024x768.jpeg 1024w, https:\/\/blogsaverroes.juntadeandalucia.es\/cprvalledelguadiaro\/files\/2022\/05\/WhatsApp-Image-2022-05-20-at-10.59.18-AM-768x576.jpeg 768w, https:\/\/blogsaverroes.juntadeandalucia.es\/cprvalledelguadiaro\/files\/2022\/05\/WhatsApp-Image-2022-05-20-at-10.59.18-AM-1536x1152.jpeg 1536w, https:\/\/blogsaverroes.juntadeandalucia.es\/cprvalledelguadiaro\/files\/2022\/05\/WhatsApp-Image-2022-05-20-at-10.59.18-AM-700x525.jpeg 700w, https:\/\/blogsaverroes.juntadeandalucia.es\/cprvalledelguadiaro\/files\/2022\/05\/WhatsApp-Image-2022-05-20-at-10.59.18-AM.jpeg 1600w\" sizes=\"(max-width: 300px) 100vw, 300px\" \/><\/a><\/p>\n<p>&nbsp;<\/p>\n<p>&nbsp;<\/p>\n<p>&nbsp;<\/p>\n<p><strong>4\u00ba, 5\u00ba Y 6\u00ba EP CA\u00d1ADA<\/strong><\/p>\n<p><a href=\"https:\/\/blogsaverroes.juntadeandalucia.es\/cprvalledelguadiaro\/files\/2022\/05\/IMG-20220504-WA0002.jpg\"><img loading=\"lazy\" decoding=\"async\" class=\"size-medium wp-image-8049 alignleft\" src=\"https:\/\/blogsaverroes.juntadeandalucia.es\/cprvalledelguadiaro\/files\/2022\/05\/IMG-20220504-WA0002-300x225.jpg\" alt=\"\" width=\"300\" height=\"225\" srcset=\"https:\/\/blogsaverroes.juntadeandalucia.es\/cprvalledelguadiaro\/files\/2022\/05\/IMG-20220504-WA0002-300x225.jpg 300w, https:\/\/blogsaverroes.juntadeandalucia.es\/cprvalledelguadiaro\/files\/2022\/05\/IMG-20220504-WA0002-768x576.jpg 768w, https:\/\/blogsaverroes.juntadeandalucia.es\/cprvalledelguadiaro\/files\/2022\/05\/IMG-20220504-WA0002-700x525.jpg 700w, https:\/\/blogsaverroes.juntadeandalucia.es\/cprvalledelguadiaro\/files\/2022\/05\/IMG-20220504-WA0002.jpg 1024w\" sizes=\"(max-width: 300px) 100vw, 300px\" \/><\/a> <a href=\"https:\/\/blogsaverroes.juntadeandalucia.es\/cprvalledelguadiaro\/files\/2022\/05\/IMG-20220504-WA0004.jpg\"><img loading=\"lazy\" decoding=\"async\" class=\"aligncenter size-medium wp-image-8050\" src=\"https:\/\/blogsaverroes.juntadeandalucia.es\/cprvalledelguadiaro\/files\/2022\/05\/IMG-20220504-WA0004-300x225.jpg\" alt=\"\" width=\"300\" height=\"225\" srcset=\"https:\/\/blogsaverroes.juntadeandalucia.es\/cprvalledelguadiaro\/files\/2022\/05\/IMG-20220504-WA0004-300x225.jpg 300w, https:\/\/blogsaverroes.juntadeandalucia.es\/cprvalledelguadiaro\/files\/2022\/05\/IMG-20220504-WA0004-768x576.jpg 768w, https:\/\/blogsaverroes.juntadeandalucia.es\/cprvalledelguadiaro\/files\/2022\/05\/IMG-20220504-WA0004-700x525.jpg 700w, https:\/\/blogsaverroes.juntadeandalucia.es\/cprvalledelguadiaro\/files\/2022\/05\/IMG-20220504-WA0004.jpg 1024w\" sizes=\"(max-width: 300px) 100vw, 300px\" \/><\/a> <a href=\"https:\/\/blogsaverroes.juntadeandalucia.es\/cprvalledelguadiaro\/files\/2022\/05\/IMG-20220504-WA0008.jpg\"><img loading=\"lazy\" decoding=\"async\" class=\"aligncenter size-medium wp-image-8051\" src=\"https:\/\/blogsaverroes.juntadeandalucia.es\/cprvalledelguadiaro\/files\/2022\/05\/IMG-20220504-WA0008-300x225.jpg\" alt=\"\" width=\"300\" height=\"225\" srcset=\"https:\/\/blogsaverroes.juntadeandalucia.es\/cprvalledelguadiaro\/files\/2022\/05\/IMG-20220504-WA0008-300x225.jpg 300w, https:\/\/blogsaverroes.juntadeandalucia.es\/cprvalledelguadiaro\/files\/2022\/05\/IMG-20220504-WA0008-768x576.jpg 768w, https:\/\/blogsaverroes.juntadeandalucia.es\/cprvalledelguadiaro\/files\/2022\/05\/IMG-20220504-WA0008-700x525.jpg 700w, https:\/\/blogsaverroes.juntadeandalucia.es\/cprvalledelguadiaro\/files\/2022\/05\/IMG-20220504-WA0008.jpg 1024w\" sizes=\"(max-width: 300px) 100vw, 300px\" \/><\/a> <a href=\"https:\/\/blogsaverroes.juntadeandalucia.es\/cprvalledelguadiaro\/files\/2022\/05\/IMG-20220505-WA0001.jpg\"><img loading=\"lazy\" decoding=\"async\" class=\"size-medium wp-image-8052 alignleft\" src=\"https:\/\/blogsaverroes.juntadeandalucia.es\/cprvalledelguadiaro\/files\/2022\/05\/IMG-20220505-WA0001-300x225.jpg\" alt=\"\" width=\"300\" height=\"225\" srcset=\"https:\/\/blogsaverroes.juntadeandalucia.es\/cprvalledelguadiaro\/files\/2022\/05\/IMG-20220505-WA0001-300x225.jpg 300w, https:\/\/blogsaverroes.juntadeandalucia.es\/cprvalledelguadiaro\/files\/2022\/05\/IMG-20220505-WA0001-768x576.jpg 768w, https:\/\/blogsaverroes.juntadeandalucia.es\/cprvalledelguadiaro\/files\/2022\/05\/IMG-20220505-WA0001-700x525.jpg 700w, https:\/\/blogsaverroes.juntadeandalucia.es\/cprvalledelguadiaro\/files\/2022\/05\/IMG-20220505-WA0001.jpg 1024w\" sizes=\"(max-width: 300px) 100vw, 300px\" \/><\/a> <a href=\"https:\/\/blogsaverroes.juntadeandalucia.es\/cprvalledelguadiaro\/files\/2022\/05\/IMG-20220505-WA0003.jpg\"><img loading=\"lazy\" decoding=\"async\" class=\"aligncenter size-medium wp-image-8053\" src=\"https:\/\/blogsaverroes.juntadeandalucia.es\/cprvalledelguadiaro\/files\/2022\/05\/IMG-20220505-WA0003-300x225.jpg\" alt=\"\" width=\"300\" height=\"225\" srcset=\"https:\/\/blogsaverroes.juntadeandalucia.es\/cprvalledelguadiaro\/files\/2022\/05\/IMG-20220505-WA0003-300x225.jpg 300w, https:\/\/blogsaverroes.juntadeandalucia.es\/cprvalledelguadiaro\/files\/2022\/05\/IMG-20220505-WA0003-768x576.jpg 768w, https:\/\/blogsaverroes.juntadeandalucia.es\/cprvalledelguadiaro\/files\/2022\/05\/IMG-20220505-WA0003-700x525.jpg 700w, https:\/\/blogsaverroes.juntadeandalucia.es\/cprvalledelguadiaro\/files\/2022\/05\/IMG-20220505-WA0003.jpg 1024w\" sizes=\"(max-width: 300px) 100vw, 300px\" \/><\/a> <a href=\"https:\/\/blogsaverroes.juntadeandalucia.es\/cprvalledelguadiaro\/files\/2022\/05\/IMG-20220505-WA0005.jpg\"><img loading=\"lazy\" decoding=\"async\" class=\"aligncenter size-medium wp-image-8054\" src=\"https:\/\/blogsaverroes.juntadeandalucia.es\/cprvalledelguadiaro\/files\/2022\/05\/IMG-20220505-WA0005-300x225.jpg\" alt=\"\" width=\"300\" height=\"225\" srcset=\"https:\/\/blogsaverroes.juntadeandalucia.es\/cprvalledelguadiaro\/files\/2022\/05\/IMG-20220505-WA0005-300x225.jpg 300w, https:\/\/blogsaverroes.juntadeandalucia.es\/cprvalledelguadiaro\/files\/2022\/05\/IMG-20220505-WA0005-768x576.jpg 768w, https:\/\/blogsaverroes.juntadeandalucia.es\/cprvalledelguadiaro\/files\/2022\/05\/IMG-20220505-WA0005-700x525.jpg 700w, https:\/\/blogsaverroes.juntadeandalucia.es\/cprvalledelguadiaro\/files\/2022\/05\/IMG-20220505-WA0005.jpg 1024w\" sizes=\"(max-width: 300px) 100vw, 300px\" \/><\/a><\/p>\n<p>&nbsp;<\/p>\n<p><strong>1\u00ba, 2\u00ba Y 3\u00ba EP CA\u00d1ADA<\/strong><\/p>\n<p>&nbsp;<\/p>\n<p><a href=\"https:\/\/blogsaverroes.juntadeandalucia.es\/cprvalledelguadiaro\/files\/2022\/05\/WhatsApp-Image-2022-05-13-at-12.00.07-PM.jpeg\"><img loading=\"lazy\" decoding=\"async\" class=\"size-medium wp-image-8057 alignleft\" src=\"https:\/\/blogsaverroes.juntadeandalucia.es\/cprvalledelguadiaro\/files\/2022\/05\/WhatsApp-Image-2022-05-13-at-12.00.07-PM-300x225.jpeg\" alt=\"\" width=\"300\" height=\"225\" srcset=\"https:\/\/blogsaverroes.juntadeandalucia.es\/cprvalledelguadiaro\/files\/2022\/05\/WhatsApp-Image-2022-05-13-at-12.00.07-PM-300x225.jpeg 300w, https:\/\/blogsaverroes.juntadeandalucia.es\/cprvalledelguadiaro\/files\/2022\/05\/WhatsApp-Image-2022-05-13-at-12.00.07-PM-1024x768.jpeg 1024w, https:\/\/blogsaverroes.juntadeandalucia.es\/cprvalledelguadiaro\/files\/2022\/05\/WhatsApp-Image-2022-05-13-at-12.00.07-PM-768x576.jpeg 768w, https:\/\/blogsaverroes.juntadeandalucia.es\/cprvalledelguadiaro\/files\/2022\/05\/WhatsApp-Image-2022-05-13-at-12.00.07-PM-1536x1152.jpeg 1536w, https:\/\/blogsaverroes.juntadeandalucia.es\/cprvalledelguadiaro\/files\/2022\/05\/WhatsApp-Image-2022-05-13-at-12.00.07-PM-700x525.jpeg 700w, https:\/\/blogsaverroes.juntadeandalucia.es\/cprvalledelguadiaro\/files\/2022\/05\/WhatsApp-Image-2022-05-13-at-12.00.07-PM.jpeg 1600w\" sizes=\"(max-width: 300px) 100vw, 300px\" \/><\/a> <a href=\"https:\/\/blogsaverroes.juntadeandalucia.es\/cprvalledelguadiaro\/files\/2022\/05\/WhatsApp-Image-2022-05-13-at-12.00.08-PM-1.jpeg\"><img loading=\"lazy\" decoding=\"async\" class=\"aligncenter size-medium wp-image-8058\" src=\"https:\/\/blogsaverroes.juntadeandalucia.es\/cprvalledelguadiaro\/files\/2022\/05\/WhatsApp-Image-2022-05-13-at-12.00.08-PM-1-300x225.jpeg\" alt=\"\" width=\"300\" height=\"225\" srcset=\"https:\/\/blogsaverroes.juntadeandalucia.es\/cprvalledelguadiaro\/files\/2022\/05\/WhatsApp-Image-2022-05-13-at-12.00.08-PM-1-300x225.jpeg 300w, https:\/\/blogsaverroes.juntadeandalucia.es\/cprvalledelguadiaro\/files\/2022\/05\/WhatsApp-Image-2022-05-13-at-12.00.08-PM-1-1024x768.jpeg 1024w, https:\/\/blogsaverroes.juntadeandalucia.es\/cprvalledelguadiaro\/files\/2022\/05\/WhatsApp-Image-2022-05-13-at-12.00.08-PM-1-768x576.jpeg 768w, https:\/\/blogsaverroes.juntadeandalucia.es\/cprvalledelguadiaro\/files\/2022\/05\/WhatsApp-Image-2022-05-13-at-12.00.08-PM-1-1536x1152.jpeg 1536w, https:\/\/blogsaverroes.juntadeandalucia.es\/cprvalledelguadiaro\/files\/2022\/05\/WhatsApp-Image-2022-05-13-at-12.00.08-PM-1-700x525.jpeg 700w, https:\/\/blogsaverroes.juntadeandalucia.es\/cprvalledelguadiaro\/files\/2022\/05\/WhatsApp-Image-2022-05-13-at-12.00.08-PM-1.jpeg 1600w\" sizes=\"(max-width: 300px) 100vw, 300px\" \/><\/a> <a href=\"https:\/\/blogsaverroes.juntadeandalucia.es\/cprvalledelguadiaro\/files\/2022\/05\/WhatsApp-Image-2022-05-13-at-12.00.08-PM.jpeg\"><img loading=\"lazy\" decoding=\"async\" class=\"size-medium wp-image-8059 alignleft\" src=\"https:\/\/blogsaverroes.juntadeandalucia.es\/cprvalledelguadiaro\/files\/2022\/05\/WhatsApp-Image-2022-05-13-at-12.00.08-PM-300x225.jpeg\" alt=\"\" width=\"300\" height=\"225\" srcset=\"https:\/\/blogsaverroes.juntadeandalucia.es\/cprvalledelguadiaro\/files\/2022\/05\/WhatsApp-Image-2022-05-13-at-12.00.08-PM-300x225.jpeg 300w, https:\/\/blogsaverroes.juntadeandalucia.es\/cprvalledelguadiaro\/files\/2022\/05\/WhatsApp-Image-2022-05-13-at-12.00.08-PM-1024x768.jpeg 1024w, https:\/\/blogsaverroes.juntadeandalucia.es\/cprvalledelguadiaro\/files\/2022\/05\/WhatsApp-Image-2022-05-13-at-12.00.08-PM-768x576.jpeg 768w, https:\/\/blogsaverroes.juntadeandalucia.es\/cprvalledelguadiaro\/files\/2022\/05\/WhatsApp-Image-2022-05-13-at-12.00.08-PM-1536x1152.jpeg 1536w, https:\/\/blogsaverroes.juntadeandalucia.es\/cprvalledelguadiaro\/files\/2022\/05\/WhatsApp-Image-2022-05-13-at-12.00.08-PM-700x525.jpeg 700w, https:\/\/blogsaverroes.juntadeandalucia.es\/cprvalledelguadiaro\/files\/2022\/05\/WhatsApp-Image-2022-05-13-at-12.00.08-PM.jpeg 1600w\" sizes=\"(max-width: 300px) 100vw, 300px\" \/><\/a> <a href=\"https:\/\/blogsaverroes.juntadeandalucia.es\/cprvalledelguadiaro\/files\/2022\/05\/WhatsApp-Image-2022-05-20-at-11.26.37-AM.jpeg\"><img loading=\"lazy\" decoding=\"async\" class=\"aligncenter size-medium wp-image-8060\" src=\"https:\/\/blogsaverroes.juntadeandalucia.es\/cprvalledelguadiaro\/files\/2022\/05\/WhatsApp-Image-2022-05-20-at-11.26.37-AM-300x225.jpeg\" alt=\"\" width=\"300\" height=\"225\" srcset=\"https:\/\/blogsaverroes.juntadeandalucia.es\/cprvalledelguadiaro\/files\/2022\/05\/WhatsApp-Image-2022-05-20-at-11.26.37-AM-300x225.jpeg 300w, https:\/\/blogsaverroes.juntadeandalucia.es\/cprvalledelguadiaro\/files\/2022\/05\/WhatsApp-Image-2022-05-20-at-11.26.37-AM-1024x768.jpeg 1024w, https:\/\/blogsaverroes.juntadeandalucia.es\/cprvalledelguadiaro\/files\/2022\/05\/WhatsApp-Image-2022-05-20-at-11.26.37-AM-768x576.jpeg 768w, https:\/\/blogsaverroes.juntadeandalucia.es\/cprvalledelguadiaro\/files\/2022\/05\/WhatsApp-Image-2022-05-20-at-11.26.37-AM-1536x1152.jpeg 1536w, https:\/\/blogsaverroes.juntadeandalucia.es\/cprvalledelguadiaro\/files\/2022\/05\/WhatsApp-Image-2022-05-20-at-11.26.37-AM-700x525.jpeg 700w, https:\/\/blogsaverroes.juntadeandalucia.es\/cprvalledelguadiaro\/files\/2022\/05\/WhatsApp-Image-2022-05-20-at-11.26.37-AM.jpeg 1600w\" sizes=\"(max-width: 300px) 100vw, 300px\" \/><\/a> <a href=\"https:\/\/blogsaverroes.juntadeandalucia.es\/cprvalledelguadiaro\/files\/2022\/05\/WhatsApp-Image-2022-05-20-at-11.56.43-AM.jpeg\"><img loading=\"lazy\" decoding=\"async\" class=\"size-medium wp-image-8061 alignleft\" src=\"https:\/\/blogsaverroes.juntadeandalucia.es\/cprvalledelguadiaro\/files\/2022\/05\/WhatsApp-Image-2022-05-20-at-11.56.43-AM-300x225.jpeg\" alt=\"\" width=\"300\" height=\"225\" srcset=\"https:\/\/blogsaverroes.juntadeandalucia.es\/cprvalledelguadiaro\/files\/2022\/05\/WhatsApp-Image-2022-05-20-at-11.56.43-AM-300x225.jpeg 300w, https:\/\/blogsaverroes.juntadeandalucia.es\/cprvalledelguadiaro\/files\/2022\/05\/WhatsApp-Image-2022-05-20-at-11.56.43-AM-1024x768.jpeg 1024w, https:\/\/blogsaverroes.juntadeandalucia.es\/cprvalledelguadiaro\/files\/2022\/05\/WhatsApp-Image-2022-05-20-at-11.56.43-AM-768x576.jpeg 768w, https:\/\/blogsaverroes.juntadeandalucia.es\/cprvalledelguadiaro\/files\/2022\/05\/WhatsApp-Image-2022-05-20-at-11.56.43-AM-1536x1152.jpeg 1536w, https:\/\/blogsaverroes.juntadeandalucia.es\/cprvalledelguadiaro\/files\/2022\/05\/WhatsApp-Image-2022-05-20-at-11.56.43-AM-700x525.jpeg 700w, https:\/\/blogsaverroes.juntadeandalucia.es\/cprvalledelguadiaro\/files\/2022\/05\/WhatsApp-Image-2022-05-20-at-11.56.43-AM.jpeg 1600w\" sizes=\"(max-width: 300px) 100vw, 300px\" \/><\/a> <a href=\"https:\/\/blogsaverroes.juntadeandalucia.es\/cprvalledelguadiaro\/files\/2022\/05\/WhatsApp-Image-2022-05-20-at-12.00.20-PM.jpeg\"><img loading=\"lazy\" decoding=\"async\" class=\"aligncenter size-medium wp-image-8062\" src=\"https:\/\/blogsaverroes.juntadeandalucia.es\/cprvalledelguadiaro\/files\/2022\/05\/WhatsApp-Image-2022-05-20-at-12.00.20-PM-300x225.jpeg\" alt=\"\" width=\"300\" height=\"225\" srcset=\"https:\/\/blogsaverroes.juntadeandalucia.es\/cprvalledelguadiaro\/files\/2022\/05\/WhatsApp-Image-2022-05-20-at-12.00.20-PM-300x225.jpeg 300w, https:\/\/blogsaverroes.juntadeandalucia.es\/cprvalledelguadiaro\/files\/2022\/05\/WhatsApp-Image-2022-05-20-at-12.00.20-PM-1024x768.jpeg 1024w, https:\/\/blogsaverroes.juntadeandalucia.es\/cprvalledelguadiaro\/files\/2022\/05\/WhatsApp-Image-2022-05-20-at-12.00.20-PM-768x576.jpeg 768w, https:\/\/blogsaverroes.juntadeandalucia.es\/cprvalledelguadiaro\/files\/2022\/05\/WhatsApp-Image-2022-05-20-at-12.00.20-PM-1536x1152.jpeg 1536w, https:\/\/blogsaverroes.juntadeandalucia.es\/cprvalledelguadiaro\/files\/2022\/05\/WhatsApp-Image-2022-05-20-at-12.00.20-PM-700x525.jpeg 700w, https:\/\/blogsaverroes.juntadeandalucia.es\/cprvalledelguadiaro\/files\/2022\/05\/WhatsApp-Image-2022-05-20-at-12.00.20-PM.jpeg 1600w\" sizes=\"(max-width: 300px) 100vw, 300px\" \/><\/a> <a href=\"https:\/\/blogsaverroes.juntadeandalucia.es\/cprvalledelguadiaro\/files\/2022\/05\/WhatsApp-Image-2022-05-20-at-12.09.49-PM.jpeg\"><img loading=\"lazy\" decoding=\"async\" class=\"aligncenter size-medium wp-image-8063\" src=\"https:\/\/blogsaverroes.juntadeandalucia.es\/cprvalledelguadiaro\/files\/2022\/05\/WhatsApp-Image-2022-05-20-at-12.09.49-PM-283x300.jpeg\" alt=\"\" width=\"283\" height=\"300\" srcset=\"https:\/\/blogsaverroes.juntadeandalucia.es\/cprvalledelguadiaro\/files\/2022\/05\/WhatsApp-Image-2022-05-20-at-12.09.49-PM-283x300.jpeg 283w, https:\/\/blogsaverroes.juntadeandalucia.es\/cprvalledelguadiaro\/files\/2022\/05\/WhatsApp-Image-2022-05-20-at-12.09.49-PM-768x813.jpeg 768w, https:\/\/blogsaverroes.juntadeandalucia.es\/cprvalledelguadiaro\/files\/2022\/05\/WhatsApp-Image-2022-05-20-at-12.09.49-PM-700x741.jpeg 700w, https:\/\/blogsaverroes.juntadeandalucia.es\/cprvalledelguadiaro\/files\/2022\/05\/WhatsApp-Image-2022-05-20-at-12.09.49-PM.jpeg 946w\" sizes=\"(max-width: 283px) 100vw, 283px\" \/><\/a><\/p>\n<p>&nbsp;<\/p>\n<p>&nbsp;Y esto es todo por esta semana queridos lectores, esperamos os hayan gustado los lienzos tan chulos contra la violencia que hemos hecho.<\/p>\n<p>\u00a1Hasta la pr\u00f3xima!<\/p>\n","protected":false},"excerpt":{"rendered":"<p>Hola queridos lectores Como cada semana os vamos a ense\u00f1ar las actividades que llevamos a cabo en nuestro cole. Esta vez os vamos a ense\u00f1ar unos lienzos que hemos realizado contra la violencia. Una&#46;&#46;&#46;<\/p>\n","protected":false},"author":4494,"featured_media":8055,"comment_status":"open","ping_status":"open","sticky":false,"template":"","format":"standard","meta":{"ngg_post_thumbnail":0,"footnotes":""},"categories":[5991,1025064,1025063],"tags":[1025066,1025068],"aioseo_notices":[],"_links":{"self":[{"href":"https:\/\/blogsaverroes.juntadeandalucia.es\/cprvalledelguadiaro\/index.php?rest_route=\/wp\/v2\/posts\/8030"}],"collection":[{"href":"https:\/\/blogsaverroes.juntadeandalucia.es\/cprvalledelguadiaro\/index.php?rest_route=\/wp\/v2\/posts"}],"about":[{"href":"https:\/\/blogsaverroes.juntadeandalucia.es\/cprvalledelguadiaro\/index.php?rest_route=\/wp\/v2\/types\/post"}],"author":[{"embeddable":true,"href":"https:\/\/blogsaverroes.juntadeandalucia.es\/cprvalledelguadiaro\/index.php?rest_route=\/wp\/v2\/users\/4494"}],"replies":[{"embeddable":true,"href":"https:\/\/blogsaverroes.juntadeandalucia.es\/cprvalledelguadiaro\/index.php?rest_route=%2Fwp%2Fv2%2Fcomments&post=8030"}],"version-history":[{"count":2,"href":"https:\/\/blogsaverroes.juntadeandalucia.es\/cprvalledelguadiaro\/index.php?rest_route=\/wp\/v2\/posts\/8030\/revisions"}],"predecessor-version":[{"id":8064,"href":"https:\/\/blogsaverroes.juntadeandalucia.es\/cprvalledelguadiaro\/index.php?rest_route=\/wp\/v2\/posts\/8030\/revisions\/8064"}],"wp:featuredmedia":[{"embeddable":true,"href":"https:\/\/blogsaverroes.juntadeandalucia.es\/cprvalledelguadiaro\/index.php?rest_route=\/wp\/v2\/media\/8055"}],"wp:attachment":[{"href":"https:\/\/blogsaverroes.juntadeandalucia.es\/cprvalledelguadiaro\/index.php?rest_route=%2Fwp%2Fv2%2Fmedia&parent=8030"}],"wp:term":[{"taxonomy":"category","embeddable":true,"href":"https:\/\/blogsaverroes.juntadeandalucia.es\/cprvalledelguadiaro\/index.php?rest_route=%2Fwp%2Fv2%2Fcategories&post=8030"},{"taxonomy":"post_tag","embeddable":true,"href":"https:\/\/blogsaverroes.juntadeandalucia.es\/cprvalledelguadiaro\/index.php?rest_route=%2Fwp%2Fv2%2Ftags&post=8030"}],"curies":[{"name":"wp","href":"https:\/\/api.w.org\/{rel}","templated":true}]}}