{"id":8141,"date":"2022-06-03T09:10:01","date_gmt":"2022-06-03T09:10:01","guid":{"rendered":"https:\/\/blogsaverroes.juntadeandalucia.es\/cprvalledelguadiaro\/?p=8141"},"modified":"2023-04-02T09:13:15","modified_gmt":"2023-04-02T09:13:15","slug":"visita-al-ies","status":"publish","type":"post","link":"https:\/\/blogsaverroes.juntadeandalucia.es\/cprvalledelguadiaro\/?p=8141","title":{"rendered":"VISITA AL IES"},"content":{"rendered":"<p>Hola queridos lectores<\/p>\n<p>De nuevo os vamos a explicar lo que hacemos en nuestro cole.<\/p>\n<p>Esta semana os contamos que nuestro alumnado de 6\u00ba EP fue el jueves 26 de mayo a visitar el IES P\u00e9rez Serrano de Cortes de la Frontera donde acudir\u00e1n el pr\u00f3ximo curso para iniciar sus estudios en 1\u00ba ESO.&nbsp;<\/p>\n<p>En el IES los invitaron a desayunar lo que quisieron<a href=\"https:\/\/blogsaverroes.juntadeandalucia.es\/cprvalledelguadiaro\/files\/2022\/06\/IMG-20220526-WA0001.jpg\"><img loading=\"lazy\" decoding=\"async\" class=\"aligncenter size-medium wp-image-8142\" src=\"https:\/\/blogsaverroes.juntadeandalucia.es\/cprvalledelguadiaro\/files\/2022\/06\/IMG-20220526-WA0001-300x225.jpg\" alt=\"\" width=\"300\" height=\"225\" srcset=\"https:\/\/blogsaverroes.juntadeandalucia.es\/cprvalledelguadiaro\/files\/2022\/06\/IMG-20220526-WA0001-300x225.jpg 300w, https:\/\/blogsaverroes.juntadeandalucia.es\/cprvalledelguadiaro\/files\/2022\/06\/IMG-20220526-WA0001-768x576.jpg 768w, https:\/\/blogsaverroes.juntadeandalucia.es\/cprvalledelguadiaro\/files\/2022\/06\/IMG-20220526-WA0001-700x525.jpg 700w, https:\/\/blogsaverroes.juntadeandalucia.es\/cprvalledelguadiaro\/files\/2022\/06\/IMG-20220526-WA0001.jpg 1024w\" sizes=\"(max-width: 300px) 100vw, 300px\" \/><\/a><\/p>\n<p>&nbsp;<\/p>\n<p>Como vemos en la foto se pusieron super llenos con esos \u00a1\u00a1\u00a1pedazos de bocatas!!!<\/p>\n<p>Despu\u00e9s, realizaron una visita por todas las instalaciones del IES para conocerlo.<\/p>\n<p>A continuaci\u00f3n, varios alumnos y alumnas del IES realizaron una presentaci\u00f3n a nuestros chicos y chicas sobre lo que iban a hacer el pr\u00f3ximo curso, materias. profesorado&#8230;.<\/p>\n<p>Una actividad que les gust\u00f3 mucho fue realizar en el laboratorio una pr\u00e1ctica de Biolog\u00eda para ver en el microscopio c\u00e9lulas.<\/p>\n<p>Por \u00faltimo estuvieron todos juntos en el recreo con los que ser\u00e1n sus compa\u00f1eros de otros coles en 1\u00ba ESO comi\u00e9ndose algo fresquito.<\/p>\n<p>Nuestros alumnos y alumnas de 6\u00baEP se nos hacen mayores y les deseamos todo lo mejor en su pr\u00f3xima etapa educativa.<\/p>\n<p><a href=\"https:\/\/blogsaverroes.juntadeandalucia.es\/cprvalledelguadiaro\/files\/2022\/06\/IMG-20220526-WA0005.jpg\"><img loading=\"lazy\" decoding=\"async\" class=\"aligncenter size-medium wp-image-8144\" src=\"https:\/\/blogsaverroes.juntadeandalucia.es\/cprvalledelguadiaro\/files\/2022\/06\/IMG-20220526-WA0005-300x225.jpg\" alt=\"\" width=\"300\" height=\"225\" srcset=\"https:\/\/blogsaverroes.juntadeandalucia.es\/cprvalledelguadiaro\/files\/2022\/06\/IMG-20220526-WA0005-300x225.jpg 300w, https:\/\/blogsaverroes.juntadeandalucia.es\/cprvalledelguadiaro\/files\/2022\/06\/IMG-20220526-WA0005-1024x768.jpg 1024w, https:\/\/blogsaverroes.juntadeandalucia.es\/cprvalledelguadiaro\/files\/2022\/06\/IMG-20220526-WA0005-768x576.jpg 768w, https:\/\/blogsaverroes.juntadeandalucia.es\/cprvalledelguadiaro\/files\/2022\/06\/IMG-20220526-WA0005-1536x1152.jpg 1536w, https:\/\/blogsaverroes.juntadeandalucia.es\/cprvalledelguadiaro\/files\/2022\/06\/IMG-20220526-WA0005-700x525.jpg 700w, https:\/\/blogsaverroes.juntadeandalucia.es\/cprvalledelguadiaro\/files\/2022\/06\/IMG-20220526-WA0005.jpg 1600w\" sizes=\"(max-width: 300px) 100vw, 300px\" \/><\/a><\/p>\n<p>Y eso es todo por esta semana queridos lectores, para la pr\u00f3xima m\u00e1s.<\/p>\n<p>&nbsp;<\/p>\n","protected":false},"excerpt":{"rendered":"<p>Hola queridos lectores De nuevo os vamos a explicar lo que hacemos en nuestro cole. Esta semana os contamos que nuestro alumnado de 6\u00ba EP fue el jueves 26 de mayo a visitar el&#46;&#46;&#46;<\/p>\n","protected":false},"author":4494,"featured_media":8144,"comment_status":"open","ping_status":"open","sticky":false,"template":"","format":"standard","meta":{"ngg_post_thumbnail":0,"footnotes":""},"categories":[5991,1025064,1025063,1025070],"tags":[1025066,1025068,1025071],"aioseo_notices":[],"_links":{"self":[{"href":"https:\/\/blogsaverroes.juntadeandalucia.es\/cprvalledelguadiaro\/index.php?rest_route=\/wp\/v2\/posts\/8141"}],"collection":[{"href":"https:\/\/blogsaverroes.juntadeandalucia.es\/cprvalledelguadiaro\/index.php?rest_route=\/wp\/v2\/posts"}],"about":[{"href":"https:\/\/blogsaverroes.juntadeandalucia.es\/cprvalledelguadiaro\/index.php?rest_route=\/wp\/v2\/types\/post"}],"author":[{"embeddable":true,"href":"https:\/\/blogsaverroes.juntadeandalucia.es\/cprvalledelguadiaro\/index.php?rest_route=\/wp\/v2\/users\/4494"}],"replies":[{"embeddable":true,"href":"https:\/\/blogsaverroes.juntadeandalucia.es\/cprvalledelguadiaro\/index.php?rest_route=%2Fwp%2Fv2%2Fcomments&post=8141"}],"version-history":[{"count":2,"href":"https:\/\/blogsaverroes.juntadeandalucia.es\/cprvalledelguadiaro\/index.php?rest_route=\/wp\/v2\/posts\/8141\/revisions"}],"predecessor-version":[{"id":8146,"href":"https:\/\/blogsaverroes.juntadeandalucia.es\/cprvalledelguadiaro\/index.php?rest_route=\/wp\/v2\/posts\/8141\/revisions\/8146"}],"wp:featuredmedia":[{"embeddable":true,"href":"https:\/\/blogsaverroes.juntadeandalucia.es\/cprvalledelguadiaro\/index.php?rest_route=\/wp\/v2\/media\/8144"}],"wp:attachment":[{"href":"https:\/\/blogsaverroes.juntadeandalucia.es\/cprvalledelguadiaro\/index.php?rest_route=%2Fwp%2Fv2%2Fmedia&parent=8141"}],"wp:term":[{"taxonomy":"category","embeddable":true,"href":"https:\/\/blogsaverroes.juntadeandalucia.es\/cprvalledelguadiaro\/index.php?rest_route=%2Fwp%2Fv2%2Fcategories&post=8141"},{"taxonomy":"post_tag","embeddable":true,"href":"https:\/\/blogsaverroes.juntadeandalucia.es\/cprvalledelguadiaro\/index.php?rest_route=%2Fwp%2Fv2%2Ftags&post=8141"}],"curies":[{"name":"wp","href":"https:\/\/api.w.org\/{rel}","templated":true}]}}