{"id":8917,"date":"2023-02-07T12:50:50","date_gmt":"2023-02-07T12:50:50","guid":{"rendered":"https:\/\/blogsaverroes.juntadeandalucia.es\/cprvalledelguadiaro\/?p=8917"},"modified":"2023-04-04T08:53:36","modified_gmt":"2023-04-04T08:53:36","slug":"feliz-dia-de-la-paz","status":"publish","type":"post","link":"https:\/\/blogsaverroes.juntadeandalucia.es\/cprvalledelguadiaro\/?p=8917","title":{"rendered":"\u00a1Feliz d\u00eda de la Paz!"},"content":{"rendered":"<p>Celebramos el d\u00eda de la Paz en el cole. Hemos reflexionado, aprendido y disfrutado del d\u00eda haciendo actividades. Os dejamos el mural que hemos creado con nuestros deseos utilizando el l\u00e1piz m\u00e1gico de Malala y el Caldero de las Buenas Intenciones para hacer la p\u00f3cima de la paz a base de amor, amistad, respeto y empat\u00eda. \u00a1Seguro que nos funciona!<\/p>\nngg_shortcode_0_placeholder\n","protected":false},"excerpt":{"rendered":"<p>Celebramos el d\u00eda de la Paz en el cole. Hemos reflexionado, aprendido y disfrutado del d\u00eda haciendo actividades. Os dejamos el mural que hemos creado con nuestros deseos utilizando el l\u00e1piz m\u00e1gico de Malala&#46;&#46;&#46;<\/p>\n","protected":false},"author":4494,"featured_media":9748,"comment_status":"open","ping_status":"open","sticky":false,"template":"","format":"standard","meta":{"ngg_post_thumbnail":0,"footnotes":""},"categories":[5991,1025064,1025063,1025080],"tags":[1025066,1025074,1025083,1025068],"aioseo_notices":[],"_links":{"self":[{"href":"https:\/\/blogsaverroes.juntadeandalucia.es\/cprvalledelguadiaro\/index.php?rest_route=\/wp\/v2\/posts\/8917"}],"collection":[{"href":"https:\/\/blogsaverroes.juntadeandalucia.es\/cprvalledelguadiaro\/index.php?rest_route=\/wp\/v2\/posts"}],"about":[{"href":"https:\/\/blogsaverroes.juntadeandalucia.es\/cprvalledelguadiaro\/index.php?rest_route=\/wp\/v2\/types\/post"}],"author":[{"embeddable":true,"href":"https:\/\/blogsaverroes.juntadeandalucia.es\/cprvalledelguadiaro\/index.php?rest_route=\/wp\/v2\/users\/4494"}],"replies":[{"embeddable":true,"href":"https:\/\/blogsaverroes.juntadeandalucia.es\/cprvalledelguadiaro\/index.php?rest_route=%2Fwp%2Fv2%2Fcomments&post=8917"}],"version-history":[{"count":3,"href":"https:\/\/blogsaverroes.juntadeandalucia.es\/cprvalledelguadiaro\/index.php?rest_route=\/wp\/v2\/posts\/8917\/revisions"}],"predecessor-version":[{"id":9750,"href":"https:\/\/blogsaverroes.juntadeandalucia.es\/cprvalledelguadiaro\/index.php?rest_route=\/wp\/v2\/posts\/8917\/revisions\/9750"}],"wp:featuredmedia":[{"embeddable":true,"href":"https:\/\/blogsaverroes.juntadeandalucia.es\/cprvalledelguadiaro\/index.php?rest_route=\/wp\/v2\/media\/9748"}],"wp:attachment":[{"href":"https:\/\/blogsaverroes.juntadeandalucia.es\/cprvalledelguadiaro\/index.php?rest_route=%2Fwp%2Fv2%2Fmedia&parent=8917"}],"wp:term":[{"taxonomy":"category","embeddable":true,"href":"https:\/\/blogsaverroes.juntadeandalucia.es\/cprvalledelguadiaro\/index.php?rest_route=%2Fwp%2Fv2%2Fcategories&post=8917"},{"taxonomy":"post_tag","embeddable":true,"href":"https:\/\/blogsaverroes.juntadeandalucia.es\/cprvalledelguadiaro\/index.php?rest_route=%2Fwp%2Fv2%2Ftags&post=8917"}],"curies":[{"name":"wp","href":"https:\/\/api.w.org\/{rel}","templated":true}]}}