{"id":9042,"date":"2023-02-21T12:00:19","date_gmt":"2023-02-21T12:00:19","guid":{"rendered":"https:\/\/blogsaverroes.juntadeandalucia.es\/cprvalledelguadiaro\/?p=9042"},"modified":"2023-04-04T08:35:54","modified_gmt":"2023-04-04T08:35:54","slug":"estamos-de-semana-blanca","status":"publish","type":"post","link":"https:\/\/blogsaverroes.juntadeandalucia.es\/cprvalledelguadiaro\/?p=9042","title":{"rendered":"\u00a1Estamos de Semana Cultural!"},"content":{"rendered":"<p>Como cada a\u00f1o dedicamos una semana a actividades relacionadas con el d\u00eda de Andaluc\u00eda y con la celebraci\u00f3n de los carnavales. Tambi\u00e9n aprovechamos para hacer convivencia entre nuestras dos sedes, disfrutar y pasarnoslo muy bien mientras hacemos muchos juegos y manualidades. El calendario de actividades para esta semana es el siguiente:<\/p>\n<p><a href=\"https:\/\/blogsaverroes.juntadeandalucia.es\/cprvalledelguadiaro\/files\/2023\/02\/SEMANA-CULTURAL-DEL-20-AL-24-DE-FEBRERO-2023-1-1_page-0001.jpg\"><img loading=\"lazy\" decoding=\"async\" class=\"aligncenter size-medium wp-image-9044\" src=\"https:\/\/blogsaverroes.juntadeandalucia.es\/cprvalledelguadiaro\/files\/2023\/02\/SEMANA-CULTURAL-DEL-20-AL-24-DE-FEBRERO-2023-1-1_page-0001-300x212.jpg\" alt=\"\" width=\"300\" height=\"212\" srcset=\"https:\/\/blogsaverroes.juntadeandalucia.es\/cprvalledelguadiaro\/files\/2023\/02\/SEMANA-CULTURAL-DEL-20-AL-24-DE-FEBRERO-2023-1-1_page-0001-300x212.jpg 300w, https:\/\/blogsaverroes.juntadeandalucia.es\/cprvalledelguadiaro\/files\/2023\/02\/SEMANA-CULTURAL-DEL-20-AL-24-DE-FEBRERO-2023-1-1_page-0001-1024x724.jpg 1024w, https:\/\/blogsaverroes.juntadeandalucia.es\/cprvalledelguadiaro\/files\/2023\/02\/SEMANA-CULTURAL-DEL-20-AL-24-DE-FEBRERO-2023-1-1_page-0001-768x543.jpg 768w, https:\/\/blogsaverroes.juntadeandalucia.es\/cprvalledelguadiaro\/files\/2023\/02\/SEMANA-CULTURAL-DEL-20-AL-24-DE-FEBRERO-2023-1-1_page-0001-1536x1086.jpg 1536w, https:\/\/blogsaverroes.juntadeandalucia.es\/cprvalledelguadiaro\/files\/2023\/02\/SEMANA-CULTURAL-DEL-20-AL-24-DE-FEBRERO-2023-1-1_page-0001-1200x849.jpg 1200w, https:\/\/blogsaverroes.juntadeandalucia.es\/cprvalledelguadiaro\/files\/2023\/02\/SEMANA-CULTURAL-DEL-20-AL-24-DE-FEBRERO-2023-1-1_page-0001.jpg 1600w\" sizes=\"(max-width: 300px) 100vw, 300px\" \/><\/a> <a href=\"https:\/\/blogsaverroes.juntadeandalucia.es\/cprvalledelguadiaro\/files\/2023\/02\/SEMANA-CULTURAL-DEL-20-AL-24-DE-FEBRERO-2023-1-1_page-0002.jpg\"><img loading=\"lazy\" decoding=\"async\" class=\"aligncenter size-medium wp-image-9045\" src=\"https:\/\/blogsaverroes.juntadeandalucia.es\/cprvalledelguadiaro\/files\/2023\/02\/SEMANA-CULTURAL-DEL-20-AL-24-DE-FEBRERO-2023-1-1_page-0002-300x212.jpg\" alt=\"\" width=\"300\" height=\"212\" srcset=\"https:\/\/blogsaverroes.juntadeandalucia.es\/cprvalledelguadiaro\/files\/2023\/02\/SEMANA-CULTURAL-DEL-20-AL-24-DE-FEBRERO-2023-1-1_page-0002-300x212.jpg 300w, https:\/\/blogsaverroes.juntadeandalucia.es\/cprvalledelguadiaro\/files\/2023\/02\/SEMANA-CULTURAL-DEL-20-AL-24-DE-FEBRERO-2023-1-1_page-0002-1024x724.jpg 1024w, https:\/\/blogsaverroes.juntadeandalucia.es\/cprvalledelguadiaro\/files\/2023\/02\/SEMANA-CULTURAL-DEL-20-AL-24-DE-FEBRERO-2023-1-1_page-0002-768x543.jpg 768w, https:\/\/blogsaverroes.juntadeandalucia.es\/cprvalledelguadiaro\/files\/2023\/02\/SEMANA-CULTURAL-DEL-20-AL-24-DE-FEBRERO-2023-1-1_page-0002-1536x1086.jpg 1536w, https:\/\/blogsaverroes.juntadeandalucia.es\/cprvalledelguadiaro\/files\/2023\/02\/SEMANA-CULTURAL-DEL-20-AL-24-DE-FEBRERO-2023-1-1_page-0002-1200x849.jpg 1200w, https:\/\/blogsaverroes.juntadeandalucia.es\/cprvalledelguadiaro\/files\/2023\/02\/SEMANA-CULTURAL-DEL-20-AL-24-DE-FEBRERO-2023-1-1_page-0002.jpg 1600w\" sizes=\"(max-width: 300px) 100vw, 300px\" \/><\/a><\/p>\n","protected":false},"excerpt":{"rendered":"<p>Como cada a\u00f1o dedicamos una semana a actividades relacionadas con el d\u00eda de Andaluc\u00eda y con la celebraci\u00f3n de los carnavales. Tambi\u00e9n aprovechamos para hacer convivencia entre nuestras dos sedes, disfrutar y pasarnoslo muy&#46;&#46;&#46;<\/p>\n","protected":false},"author":4494,"featured_media":9045,"comment_status":"open","ping_status":"open","sticky":false,"template":"","format":"standard","meta":{"ngg_post_thumbnail":0,"footnotes":""},"categories":[5991,1025064,1025063,1025080],"tags":[1025066,1025074,1025068,1025077],"aioseo_notices":[],"_links":{"self":[{"href":"https:\/\/blogsaverroes.juntadeandalucia.es\/cprvalledelguadiaro\/index.php?rest_route=\/wp\/v2\/posts\/9042"}],"collection":[{"href":"https:\/\/blogsaverroes.juntadeandalucia.es\/cprvalledelguadiaro\/index.php?rest_route=\/wp\/v2\/posts"}],"about":[{"href":"https:\/\/blogsaverroes.juntadeandalucia.es\/cprvalledelguadiaro\/index.php?rest_route=\/wp\/v2\/types\/post"}],"author":[{"embeddable":true,"href":"https:\/\/blogsaverroes.juntadeandalucia.es\/cprvalledelguadiaro\/index.php?rest_route=\/wp\/v2\/users\/4494"}],"replies":[{"embeddable":true,"href":"https:\/\/blogsaverroes.juntadeandalucia.es\/cprvalledelguadiaro\/index.php?rest_route=%2Fwp%2Fv2%2Fcomments&post=9042"}],"version-history":[{"count":4,"href":"https:\/\/blogsaverroes.juntadeandalucia.es\/cprvalledelguadiaro\/index.php?rest_route=\/wp\/v2\/posts\/9042\/revisions"}],"predecessor-version":[{"id":9727,"href":"https:\/\/blogsaverroes.juntadeandalucia.es\/cprvalledelguadiaro\/index.php?rest_route=\/wp\/v2\/posts\/9042\/revisions\/9727"}],"wp:featuredmedia":[{"embeddable":true,"href":"https:\/\/blogsaverroes.juntadeandalucia.es\/cprvalledelguadiaro\/index.php?rest_route=\/wp\/v2\/media\/9045"}],"wp:attachment":[{"href":"https:\/\/blogsaverroes.juntadeandalucia.es\/cprvalledelguadiaro\/index.php?rest_route=%2Fwp%2Fv2%2Fmedia&parent=9042"}],"wp:term":[{"taxonomy":"category","embeddable":true,"href":"https:\/\/blogsaverroes.juntadeandalucia.es\/cprvalledelguadiaro\/index.php?rest_route=%2Fwp%2Fv2%2Fcategories&post=9042"},{"taxonomy":"post_tag","embeddable":true,"href":"https:\/\/blogsaverroes.juntadeandalucia.es\/cprvalledelguadiaro\/index.php?rest_route=%2Fwp%2Fv2%2Ftags&post=9042"}],"curies":[{"name":"wp","href":"https:\/\/api.w.org\/{rel}","templated":true}]}}