{"id":9335,"date":"2023-03-05T22:57:55","date_gmt":"2023-03-05T22:57:55","guid":{"rendered":"https:\/\/blogsaverroes.juntadeandalucia.es\/cprvalledelguadiaro\/?p=9335"},"modified":"2023-04-12T06:15:47","modified_gmt":"2023-04-12T06:15:47","slug":"escolarizacion-curso-2023-2024","status":"publish","type":"post","link":"https:\/\/blogsaverroes.juntadeandalucia.es\/cprvalledelguadiaro\/?p=9335","title":{"rendered":"Escolarizaci\u00f3n Curso 2023-2024"},"content":{"rendered":"<p style=\"text-align: left\">ESCOLARIZACI\u00d3N 23\/24<br \/>\nLa Consejer\u00eda de Desarrollo Educativo y Formaci\u00f3n Profesional convoca el procedimiento de admisi\u00f3n del alumnado en los centros<br \/>\ndocentes p\u00fablicos y privados concertados para cursar las ense\u00f1anzas de 2\u00ba Ciclo de Educaci\u00f3n Infantil, Educaci\u00f3n Primaria,<br \/>\nEducaci\u00f3n Especial, Educaci\u00f3n Secundaria Obligatoria y Bachillerato para el curso escolar 2023\/24.<br \/>\nEntre los d\u00edas 1 y 31 de marzo, ambos inclusive, permanecer\u00e1 abierto en Andaluc\u00eda el plazo para la presentaci\u00f3n de solicitudes<br \/>\nde admisi\u00f3n correspondientes al curso escolar 2023\/24. Se inicia de este modo, el proceso de escolarizaci\u00f3n en el que participan<br \/>\ntodos los ni\u00f1os y ni\u00f1as que se incorporan por primera vez al sistema educativo, tanto en centros p\u00fablicos como privados<br \/>\nconcertados, as\u00ed como el alumnado que cambie de centro escolar.<br \/>\nEn la web de Escolarizaci\u00f3n de la Junta de Andaluc\u00eda, la Consejer\u00eda ha publicado la normativa de referencia, la documentaci\u00f3n y<br \/>\ntoda la informaci\u00f3n del procedimiento:<br \/>\n<a href=\"https:\/\/www.juntadeandalucia.es\/educacion\/portales\/es\/web\/escolarizacion\/infantil-a-bachillerato\">https:\/\/www.juntadeandalucia.es\/educacion\/portales\/es\/web\/escolarizacion\/infantil-a-bachillerato<\/a><br \/>\nEl procedimiento se podr\u00e1 realizar, preferentemente, de forma telem\u00e1tica a trav\u00e9s de la Secretar\u00eda Virtual de la Consejer\u00eda<br \/>\nde Educaci\u00f3n y Deporte:<br \/>\n<a href=\"https:\/\/www.juntadeandalucia.es\/educacion\/secretariavirtual\/accesoTramite\/543\/\">https:\/\/www.juntadeandalucia.es\/educacion\/secretariavirtual\/accesoTramite\/543\/<\/a><br \/>\nEl acceso a la solicitud telem\u00e1tica se puede hacer de 2 modos:<br \/>\n\u2013 Clave IANDE (Facilitan un formulario de registro web)<br \/>\n\u2013 Autentificaci\u00f3n Cl@ve (App utilizada para otros procesos administrativos, como la presentaci\u00f3n de la Renta).<br \/>\nSi hay problemas para cumplimentar la solicitud de forma telem\u00e1tica se puede contactar con el centro o cumplimentarla en papel y<br \/>\npresentarla en el centro.<\/p>\n<p><a href=\"https:\/\/www.juntadeandalucia.es\/educacion\/portales\/documents\/100629\/260390\/ANEXO%20III\/32e8b71e-dd03-87ba-4354-\">https:\/\/www.juntadeandalucia.es\/educacion\/portales\/documents\/100629\/260390\/ANEXO%20III\/32e8b71e-dd03-87ba-4354-<\/a><br \/>\nc7809d60c1cf?version=3.0<\/p>\n","protected":false},"excerpt":{"rendered":"<p>ESCOLARIZACI\u00d3N 23\/24 La Consejer\u00eda de Desarrollo Educativo y Formaci\u00f3n Profesional convoca el procedimiento de admisi\u00f3n del alumnado en los centros docentes p\u00fablicos y privados concertados para cursar las ense\u00f1anzas de 2\u00ba Ciclo de Educaci\u00f3n&#46;&#46;&#46;<\/p>\n","protected":false},"author":4494,"featured_media":9704,"comment_status":"open","ping_status":"open","sticky":false,"template":"","format":"standard","meta":{"ngg_post_thumbnail":0,"footnotes":""},"categories":[1025080],"tags":[1025074,8689],"aioseo_notices":[],"_links":{"self":[{"href":"https:\/\/blogsaverroes.juntadeandalucia.es\/cprvalledelguadiaro\/index.php?rest_route=\/wp\/v2\/posts\/9335"}],"collection":[{"href":"https:\/\/blogsaverroes.juntadeandalucia.es\/cprvalledelguadiaro\/index.php?rest_route=\/wp\/v2\/posts"}],"about":[{"href":"https:\/\/blogsaverroes.juntadeandalucia.es\/cprvalledelguadiaro\/index.php?rest_route=\/wp\/v2\/types\/post"}],"author":[{"embeddable":true,"href":"https:\/\/blogsaverroes.juntadeandalucia.es\/cprvalledelguadiaro\/index.php?rest_route=\/wp\/v2\/users\/4494"}],"replies":[{"embeddable":true,"href":"https:\/\/blogsaverroes.juntadeandalucia.es\/cprvalledelguadiaro\/index.php?rest_route=%2Fwp%2Fv2%2Fcomments&post=9335"}],"version-history":[{"count":1,"href":"https:\/\/blogsaverroes.juntadeandalucia.es\/cprvalledelguadiaro\/index.php?rest_route=\/wp\/v2\/posts\/9335\/revisions"}],"predecessor-version":[{"id":9336,"href":"https:\/\/blogsaverroes.juntadeandalucia.es\/cprvalledelguadiaro\/index.php?rest_route=\/wp\/v2\/posts\/9335\/revisions\/9336"}],"wp:featuredmedia":[{"embeddable":true,"href":"https:\/\/blogsaverroes.juntadeandalucia.es\/cprvalledelguadiaro\/index.php?rest_route=\/wp\/v2\/media\/9704"}],"wp:attachment":[{"href":"https:\/\/blogsaverroes.juntadeandalucia.es\/cprvalledelguadiaro\/index.php?rest_route=%2Fwp%2Fv2%2Fmedia&parent=9335"}],"wp:term":[{"taxonomy":"category","embeddable":true,"href":"https:\/\/blogsaverroes.juntadeandalucia.es\/cprvalledelguadiaro\/index.php?rest_route=%2Fwp%2Fv2%2Fcategories&post=9335"},{"taxonomy":"post_tag","embeddable":true,"href":"https:\/\/blogsaverroes.juntadeandalucia.es\/cprvalledelguadiaro\/index.php?rest_route=%2Fwp%2Fv2%2Ftags&post=9335"}],"curies":[{"name":"wp","href":"https:\/\/api.w.org\/{rel}","templated":true}]}}