{"id":2828,"date":"2021-12-09T16:51:02","date_gmt":"2021-12-09T16:51:02","guid":{"rendered":"https:\/\/blogsaverroes.juntadeandalucia.es\/cprzalabi\/?p=2828"},"modified":"2022-05-27T14:21:09","modified_gmt":"2022-05-27T14:21:09","slug":"dia-de-la-constitucion","status":"publish","type":"post","link":"https:\/\/blogsaverroes.juntadeandalucia.es\/cprzalabi\/2021\/12\/09\/dia-de-la-constitucion\/","title":{"rendered":"D\u00eda de la Constituci\u00f3n."},"content":{"rendered":"<p>Como no podr\u00eda ser de otra manera, el centro desarrollo variadas actividades de celebraci\u00f3n del Dia de la Constituci\u00f3n.<br \/>\nEstas actividades fueron consensuadas y planificadas por los diferentes ciclos del colegio.<br \/>\n<a href=\"https:\/\/blogsaverroes.juntadeandalucia.es\/cprzalabi\/files\/2021\/12\/constitucion-1-scaled.jpg\"><img loading=\"lazy\" decoding=\"async\" class=\"alignnone size-medium wp-image-2829\" src=\"https:\/\/blogsaverroes.juntadeandalucia.es\/cprzalabi\/files\/2021\/12\/constitucion-1-300x225.jpg\" alt=\"\" width=\"300\" height=\"225\" srcset=\"https:\/\/blogsaverroes.juntadeandalucia.es\/cprzalabi\/files\/2021\/12\/constitucion-1-300x225.jpg 300w, https:\/\/blogsaverroes.juntadeandalucia.es\/cprzalabi\/files\/2021\/12\/constitucion-1-1024x768.jpg 1024w, https:\/\/blogsaverroes.juntadeandalucia.es\/cprzalabi\/files\/2021\/12\/constitucion-1-768x576.jpg 768w, https:\/\/blogsaverroes.juntadeandalucia.es\/cprzalabi\/files\/2021\/12\/constitucion-1-1536x1152.jpg 1536w, https:\/\/blogsaverroes.juntadeandalucia.es\/cprzalabi\/files\/2021\/12\/constitucion-1-2048x1536.jpg 2048w, https:\/\/blogsaverroes.juntadeandalucia.es\/cprzalabi\/files\/2021\/12\/constitucion-1-scaled.jpg 1600w\" sizes=\"(max-width: 300px) 100vw, 300px\" \/><\/a><\/p>\n<p><a href=\"https:\/\/blogsaverroes.juntadeandalucia.es\/cprzalabi\/files\/2021\/12\/constitucion-2-scaled.jpg\"><img loading=\"lazy\" decoding=\"async\" class=\"alignnone size-medium wp-image-2830\" src=\"https:\/\/blogsaverroes.juntadeandalucia.es\/cprzalabi\/files\/2021\/12\/constitucion-2-300x225.jpg\" alt=\"\" width=\"300\" height=\"225\" srcset=\"https:\/\/blogsaverroes.juntadeandalucia.es\/cprzalabi\/files\/2021\/12\/constitucion-2-300x225.jpg 300w, https:\/\/blogsaverroes.juntadeandalucia.es\/cprzalabi\/files\/2021\/12\/constitucion-2-1024x768.jpg 1024w, https:\/\/blogsaverroes.juntadeandalucia.es\/cprzalabi\/files\/2021\/12\/constitucion-2-768x576.jpg 768w, https:\/\/blogsaverroes.juntadeandalucia.es\/cprzalabi\/files\/2021\/12\/constitucion-2-1536x1152.jpg 1536w, https:\/\/blogsaverroes.juntadeandalucia.es\/cprzalabi\/files\/2021\/12\/constitucion-2-2048x1536.jpg 2048w, https:\/\/blogsaverroes.juntadeandalucia.es\/cprzalabi\/files\/2021\/12\/constitucion-2-scaled.jpg 1600w\" sizes=\"(max-width: 300px) 100vw, 300px\" \/><\/a><\/p>\n<p><a href=\"https:\/\/blogsaverroes.juntadeandalucia.es\/cprzalabi\/files\/2021\/12\/D\u00eda-de-la-Constituci\u00f3n-4.jpg\"><img loading=\"lazy\" decoding=\"async\" class=\"alignnone size-medium wp-image-2831\" src=\"https:\/\/blogsaverroes.juntadeandalucia.es\/cprzalabi\/files\/2021\/12\/D\u00eda-de-la-Constituci\u00f3n-4-225x300.jpg\" alt=\"\" width=\"225\" height=\"300\" srcset=\"https:\/\/blogsaverroes.juntadeandalucia.es\/cprzalabi\/files\/2021\/12\/D\u00eda-de-la-Constituci\u00f3n-4-225x300.jpg 225w, https:\/\/blogsaverroes.juntadeandalucia.es\/cprzalabi\/files\/2021\/12\/D\u00eda-de-la-Constituci\u00f3n-4-769x1024.jpg 769w, https:\/\/blogsaverroes.juntadeandalucia.es\/cprzalabi\/files\/2021\/12\/D\u00eda-de-la-Constituci\u00f3n-4-768x1023.jpg 768w, https:\/\/blogsaverroes.juntadeandalucia.es\/cprzalabi\/files\/2021\/12\/D\u00eda-de-la-Constituci\u00f3n-4.jpg 961w\" sizes=\"(max-width: 225px) 100vw, 225px\" \/><\/a><\/p>\n<p><a href=\"https:\/\/blogsaverroes.juntadeandalucia.es\/cprzalabi\/files\/2021\/12\/constitucion-3-scaled.jpg\"><img loading=\"lazy\" decoding=\"async\" class=\"alignnone size-medium wp-image-2832\" src=\"https:\/\/blogsaverroes.juntadeandalucia.es\/cprzalabi\/files\/2021\/12\/constitucion-3-300x225.jpg\" alt=\"\" width=\"300\" height=\"225\" srcset=\"https:\/\/blogsaverroes.juntadeandalucia.es\/cprzalabi\/files\/2021\/12\/constitucion-3-300x225.jpg 300w, https:\/\/blogsaverroes.juntadeandalucia.es\/cprzalabi\/files\/2021\/12\/constitucion-3-1024x768.jpg 1024w, https:\/\/blogsaverroes.juntadeandalucia.es\/cprzalabi\/files\/2021\/12\/constitucion-3-768x576.jpg 768w, https:\/\/blogsaverroes.juntadeandalucia.es\/cprzalabi\/files\/2021\/12\/constitucion-3-1536x1152.jpg 1536w, https:\/\/blogsaverroes.juntadeandalucia.es\/cprzalabi\/files\/2021\/12\/constitucion-3-2048x1536.jpg 2048w, https:\/\/blogsaverroes.juntadeandalucia.es\/cprzalabi\/files\/2021\/12\/constitucion-3-scaled.jpg 1600w\" sizes=\"(max-width: 300px) 100vw, 300px\" \/><\/a><\/p>\n","protected":false},"excerpt":{"rendered":"<p>Como no podr\u00eda ser de otra manera, el centro desarrollo variadas actividades de celebraci\u00f3n del Dia de la Constituci\u00f3n. Estas actividades fueron consensuadas y planificadas por los diferentes ciclos del colegio.<\/p>\n","protected":false},"author":6990,"featured_media":0,"comment_status":"open","ping_status":"open","sticky":false,"template":"","format":"standard","meta":{"ngg_post_thumbnail":0,"footnotes":""},"categories":[5991,213,25494,25495,25496,25498,307435,307426],"tags":[307416],"aioseo_notices":[],"_links":{"self":[{"href":"https:\/\/blogsaverroes.juntadeandalucia.es\/cprzalabi\/wp-json\/wp\/v2\/posts\/2828"}],"collection":[{"href":"https:\/\/blogsaverroes.juntadeandalucia.es\/cprzalabi\/wp-json\/wp\/v2\/posts"}],"about":[{"href":"https:\/\/blogsaverroes.juntadeandalucia.es\/cprzalabi\/wp-json\/wp\/v2\/types\/post"}],"author":[{"embeddable":true,"href":"https:\/\/blogsaverroes.juntadeandalucia.es\/cprzalabi\/wp-json\/wp\/v2\/users\/6990"}],"replies":[{"embeddable":true,"href":"https:\/\/blogsaverroes.juntadeandalucia.es\/cprzalabi\/wp-json\/wp\/v2\/comments?post=2828"}],"version-history":[{"count":2,"href":"https:\/\/blogsaverroes.juntadeandalucia.es\/cprzalabi\/wp-json\/wp\/v2\/posts\/2828\/revisions"}],"predecessor-version":[{"id":3059,"href":"https:\/\/blogsaverroes.juntadeandalucia.es\/cprzalabi\/wp-json\/wp\/v2\/posts\/2828\/revisions\/3059"}],"wp:attachment":[{"href":"https:\/\/blogsaverroes.juntadeandalucia.es\/cprzalabi\/wp-json\/wp\/v2\/media?parent=2828"}],"wp:term":[{"taxonomy":"category","embeddable":true,"href":"https:\/\/blogsaverroes.juntadeandalucia.es\/cprzalabi\/wp-json\/wp\/v2\/categories?post=2828"},{"taxonomy":"post_tag","embeddable":true,"href":"https:\/\/blogsaverroes.juntadeandalucia.es\/cprzalabi\/wp-json\/wp\/v2\/tags?post=2828"}],"curies":[{"name":"wp","href":"https:\/\/api.w.org\/{rel}","templated":true}]}}