{"id":3130,"date":"2022-02-25T10:27:51","date_gmt":"2022-02-25T10:27:51","guid":{"rendered":"https:\/\/blogsaverroes.juntadeandalucia.es\/cprzalabi\/?p=3130"},"modified":"2022-05-28T06:32:51","modified_gmt":"2022-05-28T06:32:51","slug":"carinograma","status":"publish","type":"post","link":"https:\/\/blogsaverroes.juntadeandalucia.es\/cprzalabi\/2022\/02\/25\/carinograma\/","title":{"rendered":"Cari\u00f1ograma"},"content":{"rendered":"<p>Durante estos d\u00edas hemos realizado una actividad desde el proyecto Escuela Espacio de Paz ye Igualdad, llamado el&nbsp;<b>Cari\u00f1ograma,<\/b> es una t\u00e9cnica para entrenar la socializaci\u00f3n positiva desarrollando habilidades emocionales de autoconocimiento y expresi\u00f3n emocional, aspecto fundamental para el desarrollo de un autoconcepto y autoestima positiva.<\/p>\n<p>La participaci\u00f3n tanto del alumnado como del profesorado ha sido muy satisfactoria en nuestro centro. Los objetivos planteados con la implantaci\u00f3n de esta t\u00e9cnica han sido conseguidos con creces.&nbsp;<\/p>\n<p><a href=\"https:\/\/blogsaverroes.juntadeandalucia.es\/cprzalabi\/files\/2022\/05\/cari.jpg\"><img loading=\"lazy\" decoding=\"async\" class=\"size-medium wp-image-3131 aligncenter\" src=\"https:\/\/blogsaverroes.juntadeandalucia.es\/cprzalabi\/files\/2022\/05\/cari-220x300.jpg\" alt=\"\" width=\"220\" height=\"300\" srcset=\"https:\/\/blogsaverroes.juntadeandalucia.es\/cprzalabi\/files\/2022\/05\/cari-220x300.jpg 220w, https:\/\/blogsaverroes.juntadeandalucia.es\/cprzalabi\/files\/2022\/05\/cari-750x1024.jpg 750w, https:\/\/blogsaverroes.juntadeandalucia.es\/cprzalabi\/files\/2022\/05\/cari-768x1048.jpg 768w, https:\/\/blogsaverroes.juntadeandalucia.es\/cprzalabi\/files\/2022\/05\/cari.jpg 800w\" sizes=\"(max-width: 220px) 100vw, 220px\" \/><\/a><\/p>\n","protected":false},"excerpt":{"rendered":"<p>Durante estos d\u00edas hemos realizado una actividad desde el proyecto Escuela Espacio de Paz ye Igualdad, llamado el&nbsp;Cari\u00f1ograma, es una t\u00e9cnica para entrenar la socializaci\u00f3n positiva desarrollando habilidades emocionales de autoconocimiento y expresi\u00f3n emocional, aspecto fundamental para el desarrollo de un autoconcepto y autoestima positiva. La participaci\u00f3n tanto del alumnado como del profesorado ha sido &hellip; <\/p>\n<p><a class=\"more-link btn\" href=\"https:\/\/blogsaverroes.juntadeandalucia.es\/cprzalabi\/2022\/02\/25\/carinograma\/\">Seguir leyendo<\/a><\/p>\n","protected":false},"author":6990,"featured_media":0,"comment_status":"open","ping_status":"open","sticky":false,"template":"","format":"standard","meta":{"ngg_post_thumbnail":0,"footnotes":""},"categories":[5991,25494,25495,25496,25498,307434,307422,307420],"tags":[307443],"aioseo_notices":[],"_links":{"self":[{"href":"https:\/\/blogsaverroes.juntadeandalucia.es\/cprzalabi\/wp-json\/wp\/v2\/posts\/3130"}],"collection":[{"href":"https:\/\/blogsaverroes.juntadeandalucia.es\/cprzalabi\/wp-json\/wp\/v2\/posts"}],"about":[{"href":"https:\/\/blogsaverroes.juntadeandalucia.es\/cprzalabi\/wp-json\/wp\/v2\/types\/post"}],"author":[{"embeddable":true,"href":"https:\/\/blogsaverroes.juntadeandalucia.es\/cprzalabi\/wp-json\/wp\/v2\/users\/6990"}],"replies":[{"embeddable":true,"href":"https:\/\/blogsaverroes.juntadeandalucia.es\/cprzalabi\/wp-json\/wp\/v2\/comments?post=3130"}],"version-history":[{"count":3,"href":"https:\/\/blogsaverroes.juntadeandalucia.es\/cprzalabi\/wp-json\/wp\/v2\/posts\/3130\/revisions"}],"predecessor-version":[{"id":3134,"href":"https:\/\/blogsaverroes.juntadeandalucia.es\/cprzalabi\/wp-json\/wp\/v2\/posts\/3130\/revisions\/3134"}],"wp:attachment":[{"href":"https:\/\/blogsaverroes.juntadeandalucia.es\/cprzalabi\/wp-json\/wp\/v2\/media?parent=3130"}],"wp:term":[{"taxonomy":"category","embeddable":true,"href":"https:\/\/blogsaverroes.juntadeandalucia.es\/cprzalabi\/wp-json\/wp\/v2\/categories?post=3130"},{"taxonomy":"post_tag","embeddable":true,"href":"https:\/\/blogsaverroes.juntadeandalucia.es\/cprzalabi\/wp-json\/wp\/v2\/tags?post=3130"}],"curies":[{"name":"wp","href":"https:\/\/api.w.org\/{rel}","templated":true}]}}