{"id":4350,"date":"2022-09-08T14:45:27","date_gmt":"2022-09-08T14:45:27","guid":{"rendered":"https:\/\/blogsaverroes.juntadeandalucia.es\/cprzalabi\/?p=4350"},"modified":"2022-11-01T18:10:47","modified_gmt":"2022-11-01T18:10:47","slug":"material-fungible-para-alumnado-de-educacion-infantil","status":"publish","type":"post","link":"https:\/\/blogsaverroes.juntadeandalucia.es\/cprzalabi\/2022\/09\/08\/material-fungible-para-alumnado-de-educacion-infantil\/","title":{"rendered":"Material fungible para alumnado de Educaci\u00f3n Infantil"},"content":{"rendered":"<p><em><strong>Listado de material fungible en Educaci\u00f3n Infantil ( est\u00e1 clasificado seg\u00fan las sedes del CPR Zalab\u00ed). <\/strong><\/em><\/p>\n<p><em><strong>Se ruega que tanto el material de trabajo como el fungible est\u00e9 en el aula en la primera semana de clases.<\/strong><\/em><\/p>\n<p><!--more--><\/p>\n<p><strong>Exfiliana<\/strong><\/p>\n<p><a href=\"https:\/\/blogsaverroes.juntadeandalucia.es\/cprzalabi\/files\/2022\/09\/Exfiliana-3-a\u00f1os.jpg\"><img loading=\"lazy\" decoding=\"async\" class=\"alignnone size-large wp-image-4343\" src=\"https:\/\/blogsaverroes.juntadeandalucia.es\/cprzalabi\/files\/2022\/09\/Exfiliana-3-a\u00f1os-824x1024.jpg\" alt=\"\" width=\"782\" height=\"972\" srcset=\"https:\/\/blogsaverroes.juntadeandalucia.es\/cprzalabi\/files\/2022\/09\/Exfiliana-3-a\u00f1os-824x1024.jpg 824w, https:\/\/blogsaverroes.juntadeandalucia.es\/cprzalabi\/files\/2022\/09\/Exfiliana-3-a\u00f1os-241x300.jpg 241w, https:\/\/blogsaverroes.juntadeandalucia.es\/cprzalabi\/files\/2022\/09\/Exfiliana-3-a\u00f1os-768x954.jpg 768w, https:\/\/blogsaverroes.juntadeandalucia.es\/cprzalabi\/files\/2022\/09\/Exfiliana-3-a\u00f1os.jpg 1080w\" sizes=\"(max-width: 782px) 100vw, 782px\" \/><\/a><\/p>\n<p><!--more--> <a href=\"https:\/\/blogsaverroes.juntadeandalucia.es\/cprzalabi\/files\/2022\/09\/Exfiliana-4-a\u00f1os.jpg\"><img loading=\"lazy\" decoding=\"async\" class=\"alignnone size-large wp-image-4344\" src=\"https:\/\/blogsaverroes.juntadeandalucia.es\/cprzalabi\/files\/2022\/09\/Exfiliana-4-a\u00f1os-806x1024.jpg\" alt=\"\" width=\"782\" height=\"994\" srcset=\"https:\/\/blogsaverroes.juntadeandalucia.es\/cprzalabi\/files\/2022\/09\/Exfiliana-4-a\u00f1os-806x1024.jpg 806w, https:\/\/blogsaverroes.juntadeandalucia.es\/cprzalabi\/files\/2022\/09\/Exfiliana-4-a\u00f1os-236x300.jpg 236w, https:\/\/blogsaverroes.juntadeandalucia.es\/cprzalabi\/files\/2022\/09\/Exfiliana-4-a\u00f1os-768x976.jpg 768w, https:\/\/blogsaverroes.juntadeandalucia.es\/cprzalabi\/files\/2022\/09\/Exfiliana-4-a\u00f1os.jpg 1069w\" sizes=\"(max-width: 782px) 100vw, 782px\" \/><\/a> <a href=\"https:\/\/blogsaverroes.juntadeandalucia.es\/cprzalabi\/files\/2022\/09\/Exfiliana-5-a\u00f1os.jpg\"><img loading=\"lazy\" decoding=\"async\" class=\"alignnone size-large wp-image-4345\" src=\"https:\/\/blogsaverroes.juntadeandalucia.es\/cprzalabi\/files\/2022\/09\/Exfiliana-5-a\u00f1os-848x1024.jpg\" alt=\"\" width=\"782\" height=\"944\" srcset=\"https:\/\/blogsaverroes.juntadeandalucia.es\/cprzalabi\/files\/2022\/09\/Exfiliana-5-a\u00f1os-848x1024.jpg 848w, https:\/\/blogsaverroes.juntadeandalucia.es\/cprzalabi\/files\/2022\/09\/Exfiliana-5-a\u00f1os-248x300.jpg 248w, https:\/\/blogsaverroes.juntadeandalucia.es\/cprzalabi\/files\/2022\/09\/Exfiliana-5-a\u00f1os-768x927.jpg 768w, https:\/\/blogsaverroes.juntadeandalucia.es\/cprzalabi\/files\/2022\/09\/Exfiliana-5-a\u00f1os.jpg 1080w\" sizes=\"(max-width: 782px) 100vw, 782px\" \/><\/a><\/p>\n<p><strong>Alcudia de Guadix<\/strong><\/p>\n<p><a href=\"https:\/\/blogsaverroes.juntadeandalucia.es\/cprzalabi\/files\/2022\/09\/Alcudia-3-a\u00f1os.jpg\"><img loading=\"lazy\" decoding=\"async\" class=\"alignnone size-large wp-image-4346\" src=\"https:\/\/blogsaverroes.juntadeandalucia.es\/cprzalabi\/files\/2022\/09\/Alcudia-3-a\u00f1os-803x1024.jpg\" alt=\"\" width=\"782\" height=\"997\" srcset=\"https:\/\/blogsaverroes.juntadeandalucia.es\/cprzalabi\/files\/2022\/09\/Alcudia-3-a\u00f1os-803x1024.jpg 803w, https:\/\/blogsaverroes.juntadeandalucia.es\/cprzalabi\/files\/2022\/09\/Alcudia-3-a\u00f1os-235x300.jpg 235w, https:\/\/blogsaverroes.juntadeandalucia.es\/cprzalabi\/files\/2022\/09\/Alcudia-3-a\u00f1os-768x980.jpg 768w, https:\/\/blogsaverroes.juntadeandalucia.es\/cprzalabi\/files\/2022\/09\/Alcudia-3-a\u00f1os.jpg 1080w\" sizes=\"(max-width: 782px) 100vw, 782px\" \/><\/a> <a href=\"https:\/\/blogsaverroes.juntadeandalucia.es\/cprzalabi\/files\/2022\/09\/Alcudia-4-a\u00f1os.jpg\"><img loading=\"lazy\" decoding=\"async\" class=\"alignnone size-large wp-image-4337\" src=\"https:\/\/blogsaverroes.juntadeandalucia.es\/cprzalabi\/files\/2022\/09\/Alcudia-4-a\u00f1os-799x1024.jpg\" alt=\"\" width=\"782\" height=\"1002\" srcset=\"https:\/\/blogsaverroes.juntadeandalucia.es\/cprzalabi\/files\/2022\/09\/Alcudia-4-a\u00f1os-799x1024.jpg 799w, https:\/\/blogsaverroes.juntadeandalucia.es\/cprzalabi\/files\/2022\/09\/Alcudia-4-a\u00f1os-234x300.jpg 234w, https:\/\/blogsaverroes.juntadeandalucia.es\/cprzalabi\/files\/2022\/09\/Alcudia-4-a\u00f1os-768x985.jpg 768w, https:\/\/blogsaverroes.juntadeandalucia.es\/cprzalabi\/files\/2022\/09\/Alcudia-4-a\u00f1os.jpg 1067w\" sizes=\"(max-width: 782px) 100vw, 782px\" \/><\/a><a href=\"https:\/\/blogsaverroes.juntadeandalucia.es\/cprzalabi\/files\/2022\/09\/Alcudia-5-a\u00f1os.jpg\"><img loading=\"lazy\" decoding=\"async\" class=\"alignnone size-full wp-image-4338\" src=\"https:\/\/blogsaverroes.juntadeandalucia.es\/cprzalabi\/files\/2022\/09\/Alcudia-5-a\u00f1os.jpg\" alt=\"\" width=\"918\" height=\"997\" srcset=\"https:\/\/blogsaverroes.juntadeandalucia.es\/cprzalabi\/files\/2022\/09\/Alcudia-5-a\u00f1os.jpg 918w, https:\/\/blogsaverroes.juntadeandalucia.es\/cprzalabi\/files\/2022\/09\/Alcudia-5-a\u00f1os-276x300.jpg 276w, https:\/\/blogsaverroes.juntadeandalucia.es\/cprzalabi\/files\/2022\/09\/Alcudia-5-a\u00f1os-768x834.jpg 768w\" sizes=\"(max-width: 918px) 100vw, 918px\" \/><\/a><\/p>\n<p>&nbsp;<\/p>\n<p><strong>Charches&nbsp;<\/strong><\/p>\n<p><a href=\"https:\/\/blogsaverroes.juntadeandalucia.es\/cprzalabi\/files\/2022\/09\/1662645422887.jpg\"><img loading=\"lazy\" decoding=\"async\" class=\"alignnone size-large wp-image-4351\" src=\"https:\/\/blogsaverroes.juntadeandalucia.es\/cprzalabi\/files\/2022\/09\/1662645422887-559x1024.jpg\" alt=\"\" width=\"559\" height=\"1024\" srcset=\"https:\/\/blogsaverroes.juntadeandalucia.es\/cprzalabi\/files\/2022\/09\/1662645422887-559x1024.jpg 559w, https:\/\/blogsaverroes.juntadeandalucia.es\/cprzalabi\/files\/2022\/09\/1662645422887-164x300.jpg 164w, https:\/\/blogsaverroes.juntadeandalucia.es\/cprzalabi\/files\/2022\/09\/1662645422887-768x1407.jpg 768w, https:\/\/blogsaverroes.juntadeandalucia.es\/cprzalabi\/files\/2022\/09\/1662645422887-838x1536.jpg 838w, https:\/\/blogsaverroes.juntadeandalucia.es\/cprzalabi\/files\/2022\/09\/1662645422887.jpg 873w\" sizes=\"(max-width: 559px) 100vw, 559px\" \/><\/a><\/p>\n","protected":false},"excerpt":{"rendered":"<p>Listado de material fungible en Educaci\u00f3n Infantil ( est\u00e1 clasificado seg\u00fan las sedes del CPR Zalab\u00ed). Se ruega que tanto el material de trabajo como el fungible est\u00e9 en el aula en la primera semana de clases.<\/p><p><a class=\"more-link btn\" href=\"https:\/\/blogsaverroes.juntadeandalucia.es\/cprzalabi\/2022\/09\/08\/material-fungible-para-alumnado-de-educacion-infantil\/\">Seguir leyendo<\/a><\/p>\n","protected":false},"author":6990,"featured_media":0,"comment_status":"open","ping_status":"open","sticky":false,"template":"","format":"standard","meta":{"ngg_post_thumbnail":0,"footnotes":""},"categories":[25498,1696,526],"tags":[],"aioseo_notices":[],"_links":{"self":[{"href":"https:\/\/blogsaverroes.juntadeandalucia.es\/cprzalabi\/wp-json\/wp\/v2\/posts\/4350"}],"collection":[{"href":"https:\/\/blogsaverroes.juntadeandalucia.es\/cprzalabi\/wp-json\/wp\/v2\/posts"}],"about":[{"href":"https:\/\/blogsaverroes.juntadeandalucia.es\/cprzalabi\/wp-json\/wp\/v2\/types\/post"}],"author":[{"embeddable":true,"href":"https:\/\/blogsaverroes.juntadeandalucia.es\/cprzalabi\/wp-json\/wp\/v2\/users\/6990"}],"replies":[{"embeddable":true,"href":"https:\/\/blogsaverroes.juntadeandalucia.es\/cprzalabi\/wp-json\/wp\/v2\/comments?post=4350"}],"version-history":[{"count":7,"href":"https:\/\/blogsaverroes.juntadeandalucia.es\/cprzalabi\/wp-json\/wp\/v2\/posts\/4350\/revisions"}],"predecessor-version":[{"id":4591,"href":"https:\/\/blogsaverroes.juntadeandalucia.es\/cprzalabi\/wp-json\/wp\/v2\/posts\/4350\/revisions\/4591"}],"wp:attachment":[{"href":"https:\/\/blogsaverroes.juntadeandalucia.es\/cprzalabi\/wp-json\/wp\/v2\/media?parent=4350"}],"wp:term":[{"taxonomy":"category","embeddable":true,"href":"https:\/\/blogsaverroes.juntadeandalucia.es\/cprzalabi\/wp-json\/wp\/v2\/categories?post=4350"},{"taxonomy":"post_tag","embeddable":true,"href":"https:\/\/blogsaverroes.juntadeandalucia.es\/cprzalabi\/wp-json\/wp\/v2\/tags?post=4350"}],"curies":[{"name":"wp","href":"https:\/\/api.w.org\/{rel}","templated":true}]}}