{"id":4699,"date":"2022-11-30T12:51:08","date_gmt":"2022-11-30T12:51:08","guid":{"rendered":"https:\/\/blogsaverroes.juntadeandalucia.es\/cprzalabi\/?p=4699"},"modified":"2022-12-04T11:54:00","modified_gmt":"2022-12-04T11:54:00","slug":"gestion-de-los-residuos-en-el-colegio-por-basureitor","status":"publish","type":"post","link":"https:\/\/blogsaverroes.juntadeandalucia.es\/cprzalabi\/2022\/11\/30\/gestion-de-los-residuos-en-el-colegio-por-basureitor\/","title":{"rendered":"Gesti\u00f3n de los residuos en el colegio por \u00abBasureitor\u00bb y \u00abDafne\u00bb"},"content":{"rendered":"<p>La gran cantidad de residuos que acumulamos al cabo del d\u00eda, sumado a la necesidad de reciclar y a lo amplios y diversos que pueden ser los espacios de un centro educativo obliga a apostar por m\u00e1s de un producto para la gesti\u00f3n de residuos.<\/p>\n<p>Entre estos productos podemos encontrar papeleras, contenedores, bolsas de residuos, etc. y para \u00e9stos tambi\u00e9n diferentes colores, materiales o sistemas de apertura para cubrir las necesidades de cada espacio.<\/p>\n<p>Hoy se ha presentado en el colegio \u00abBasureitor\u00bb, mascota gestionada desde el programa educativo Aldea B, hemos escuchado su voz, es defensora de la basura y la contaminaci\u00f3n y a su vez destructora de la naturaleza, y tambi\u00e9n contaremos con la ayuda del hada m\u00e1gica llamada \u00abDafne\u00bb para contrarrestar las actividades no adecuadas de \u00abBasureitor\u00bb que perjudican seriamente nuestro d\u00eda a d\u00eda.<\/p>\n<p>A trav\u00e9s de la Gamificaci\u00f3n nuestro alumnado pretender\u00e1 debilitar a \u00abBasureitor\u00bb,&nbsp; de hecho ya en el d\u00eda de celebraci\u00f3n de la Constituci\u00f3n espa\u00f1ola (pr\u00f3ximo 2 de Diciembre) , trabajaremos en el centro, el art\u00edculo 45 de la Constituci\u00f3n, relacionado con el cuidado y respeto al medio ambiente.<\/p>\n<p style=\"text-align: center\"><span style=\"color: #ff0000\"><strong>Las escuelas son un gran lugar para ense\u00f1ar c\u00f3mo para fomentar el reciclaje y la gesti\u00f3n de residuos.<\/strong>&nbsp;<\/span><\/p>\n<p>En los enlaces, pod\u00e9is escucharnos, \ud83d\ude0e \ud83d\ude1b \ud83d\ude00&nbsp;<\/p>\n<p style=\"text-align: center\"><a href=\"https:\/\/blogsaverroes.juntadeandalucia.es\/cprzalabi\/files\/2022\/11\/Basureitor_0011.png\"><img loading=\"lazy\" decoding=\"async\" class=\"alignnone size-medium wp-image-4700 aligncenter\" src=\"https:\/\/blogsaverroes.juntadeandalucia.es\/cprzalabi\/files\/2022\/11\/Basureitor_0011-212x300.png\" alt=\"\" width=\"212\" height=\"300\" srcset=\"https:\/\/blogsaverroes.juntadeandalucia.es\/cprzalabi\/files\/2022\/11\/Basureitor_0011-212x300.png 212w, https:\/\/blogsaverroes.juntadeandalucia.es\/cprzalabi\/files\/2022\/11\/Basureitor_0011-724x1024.png 724w, https:\/\/blogsaverroes.juntadeandalucia.es\/cprzalabi\/files\/2022\/11\/Basureitor_0011-768x1087.png 768w, https:\/\/blogsaverroes.juntadeandalucia.es\/cprzalabi\/files\/2022\/11\/Basureitor_0011-1085x1536.png 1085w, https:\/\/blogsaverroes.juntadeandalucia.es\/cprzalabi\/files\/2022\/11\/Basureitor_0011-1447x2048.png 1447w, https:\/\/blogsaverroes.juntadeandalucia.es\/cprzalabi\/files\/2022\/11\/Basureitor_0011.png 1131w\" sizes=\"(max-width: 212px) 100vw, 212px\" \/><\/a><a href=\"https:\/\/blogsaverroes.juntadeandalucia.es\/cprzalabi\/files\/2022\/11\/4444.jpg\"><img loading=\"lazy\" decoding=\"async\" class=\"alignnone size-medium wp-image-4718\" src=\"https:\/\/blogsaverroes.juntadeandalucia.es\/cprzalabi\/files\/2022\/11\/4444-225x300.jpg\" alt=\"\" width=\"225\" height=\"300\" srcset=\"https:\/\/blogsaverroes.juntadeandalucia.es\/cprzalabi\/files\/2022\/11\/4444-225x300.jpg 225w, https:\/\/blogsaverroes.juntadeandalucia.es\/cprzalabi\/files\/2022\/11\/4444-769x1024.jpg 769w, https:\/\/blogsaverroes.juntadeandalucia.es\/cprzalabi\/files\/2022\/11\/4444-768x1023.jpg 768w, https:\/\/blogsaverroes.juntadeandalucia.es\/cprzalabi\/files\/2022\/11\/4444.jpg 811w\" sizes=\"(max-width: 225px) 100vw, 225px\" \/><\/a><\/p>\n<!--[if lt IE 9]><script>document.createElement('audio');<\/script><![endif]-->\n<audio class=\"wp-audio-shortcode\" id=\"audio-4699-1\" preload=\"none\" style=\"width: 100%;\" controls=\"controls\"><source type=\"audio\/mpeg\" src=\"https:\/\/blogsaverroes.juntadeandalucia.es\/cprzalabi\/files\/2022\/11\/AUD-20221130-WA0003.mp3?_=1\" \/><a href=\"https:\/\/blogsaverroes.juntadeandalucia.es\/cprzalabi\/files\/2022\/11\/AUD-20221130-WA0003.mp3\">https:\/\/blogsaverroes.juntadeandalucia.es\/cprzalabi\/files\/2022\/11\/AUD-20221130-WA0003.mp3<\/a><\/audio>\n<audio class=\"wp-audio-shortcode\" id=\"audio-4699-2\" preload=\"none\" style=\"width: 100%;\" controls=\"controls\"><source type=\"audio\/mpeg\" src=\"https:\/\/blogsaverroes.juntadeandalucia.es\/cprzalabi\/files\/2022\/11\/AUD-20221130-WA0004.mp3?_=2\" \/><a href=\"https:\/\/blogsaverroes.juntadeandalucia.es\/cprzalabi\/files\/2022\/11\/AUD-20221130-WA0004.mp3\">https:\/\/blogsaverroes.juntadeandalucia.es\/cprzalabi\/files\/2022\/11\/AUD-20221130-WA0004.mp3<\/a><\/audio>\n","protected":false},"excerpt":{"rendered":"<p>La gran cantidad de residuos que acumulamos al cabo del d\u00eda, sumado a la necesidad de reciclar y a lo amplios y diversos que pueden ser los espacios de un centro educativo obliga a apostar por m\u00e1s de un producto para la gesti\u00f3n de residuos. Entre estos productos podemos encontrar papeleras, contenedores, bolsas de residuos, &hellip; <\/p>\n<p><a class=\"more-link btn\" href=\"https:\/\/blogsaverroes.juntadeandalucia.es\/cprzalabi\/2022\/11\/30\/gestion-de-los-residuos-en-el-colegio-por-basureitor\/\">Seguir leyendo<\/a><\/p>\n","protected":false},"author":6990,"featured_media":0,"comment_status":"open","ping_status":"open","sticky":false,"template":"","format":"standard","meta":{"ngg_post_thumbnail":0,"footnotes":""},"categories":[5991,25494,25495,25496,25498,307417,307432,307434,307422,307426,307448,307447,1696,307450,307433,307420,307429],"tags":[307484,307488,307452],"aioseo_notices":[],"_links":{"self":[{"href":"https:\/\/blogsaverroes.juntadeandalucia.es\/cprzalabi\/wp-json\/wp\/v2\/posts\/4699"}],"collection":[{"href":"https:\/\/blogsaverroes.juntadeandalucia.es\/cprzalabi\/wp-json\/wp\/v2\/posts"}],"about":[{"href":"https:\/\/blogsaverroes.juntadeandalucia.es\/cprzalabi\/wp-json\/wp\/v2\/types\/post"}],"author":[{"embeddable":true,"href":"https:\/\/blogsaverroes.juntadeandalucia.es\/cprzalabi\/wp-json\/wp\/v2\/users\/6990"}],"replies":[{"embeddable":true,"href":"https:\/\/blogsaverroes.juntadeandalucia.es\/cprzalabi\/wp-json\/wp\/v2\/comments?post=4699"}],"version-history":[{"count":14,"href":"https:\/\/blogsaverroes.juntadeandalucia.es\/cprzalabi\/wp-json\/wp\/v2\/posts\/4699\/revisions"}],"predecessor-version":[{"id":4756,"href":"https:\/\/blogsaverroes.juntadeandalucia.es\/cprzalabi\/wp-json\/wp\/v2\/posts\/4699\/revisions\/4756"}],"wp:attachment":[{"href":"https:\/\/blogsaverroes.juntadeandalucia.es\/cprzalabi\/wp-json\/wp\/v2\/media?parent=4699"}],"wp:term":[{"taxonomy":"category","embeddable":true,"href":"https:\/\/blogsaverroes.juntadeandalucia.es\/cprzalabi\/wp-json\/wp\/v2\/categories?post=4699"},{"taxonomy":"post_tag","embeddable":true,"href":"https:\/\/blogsaverroes.juntadeandalucia.es\/cprzalabi\/wp-json\/wp\/v2\/tags?post=4699"}],"curies":[{"name":"wp","href":"https:\/\/api.w.org\/{rel}","templated":true}]}}