{"id":5893,"date":"2023-11-20T15:36:48","date_gmt":"2023-11-20T15:36:48","guid":{"rendered":"https:\/\/blogsaverroes.juntadeandalucia.es\/cprzalabi\/?p=5893"},"modified":"2023-11-20T15:40:30","modified_gmt":"2023-11-20T15:40:30","slug":"dia-de-la-infancia-dia-de-los-derechos-del-nino","status":"publish","type":"post","link":"https:\/\/blogsaverroes.juntadeandalucia.es\/cprzalabi\/2023\/11\/20\/dia-de-la-infancia-dia-de-los-derechos-del-nino\/","title":{"rendered":"D\u00eda de la Infancia. D\u00eda de los derechos del ni\u00f1o."},"content":{"rendered":"<p>El&nbsp;<b>20 de noviembre<\/b>&nbsp;de 1954, la Asamblea General de las Naciones Unidas proclam\u00f3 el D\u00eda Mundial del Ni\u00f1o como una fecha de celebraci\u00f3n y fraternidad, pero tambi\u00e9n de promoci\u00f3n de los derechos y bienestar de la infancia.<\/p>\n<p>Este d\u00eda mundial recuerda que <b>todos los ni\u00f1os tienen derecho a la salud, la educaci\u00f3n y la protecci\u00f3n<\/b>, independientemente del lugar del mundo en el que hayan nacido.<\/p>\n<p><a href=\"https:\/\/blogsaverroes.juntadeandalucia.es\/cprzalabi\/files\/2023\/11\/1-scaled.jpg\"><img loading=\"lazy\" decoding=\"async\" class=\"size-medium wp-image-5894 aligncenter\" src=\"https:\/\/blogsaverroes.juntadeandalucia.es\/cprzalabi\/files\/2023\/11\/1-300x225.jpg\" alt=\"\" width=\"300\" height=\"225\" srcset=\"https:\/\/blogsaverroes.juntadeandalucia.es\/cprzalabi\/files\/2023\/11\/1-300x225.jpg 300w, https:\/\/blogsaverroes.juntadeandalucia.es\/cprzalabi\/files\/2023\/11\/1-1024x768.jpg 1024w, https:\/\/blogsaverroes.juntadeandalucia.es\/cprzalabi\/files\/2023\/11\/1-768x576.jpg 768w, https:\/\/blogsaverroes.juntadeandalucia.es\/cprzalabi\/files\/2023\/11\/1-1536x1152.jpg 1536w, https:\/\/blogsaverroes.juntadeandalucia.es\/cprzalabi\/files\/2023\/11\/1-2048x1536.jpg 2048w, https:\/\/blogsaverroes.juntadeandalucia.es\/cprzalabi\/files\/2023\/11\/1-scaled.jpg 1600w\" sizes=\"(max-width: 300px) 100vw, 300px\" \/><\/a><\/p>\n<p><a href=\"https:\/\/blogsaverroes.juntadeandalucia.es\/cprzalabi\/files\/2023\/11\/IMG-20231120-WA0007.jpg\"><img loading=\"lazy\" decoding=\"async\" class=\"size-medium wp-image-5901 aligncenter\" src=\"https:\/\/blogsaverroes.juntadeandalucia.es\/cprzalabi\/files\/2023\/11\/IMG-20231120-WA0007-300x225.jpg\" alt=\"\" width=\"300\" height=\"225\" srcset=\"https:\/\/blogsaverroes.juntadeandalucia.es\/cprzalabi\/files\/2023\/11\/IMG-20231120-WA0007-300x225.jpg 300w, https:\/\/blogsaverroes.juntadeandalucia.es\/cprzalabi\/files\/2023\/11\/IMG-20231120-WA0007-1024x768.jpg 1024w, https:\/\/blogsaverroes.juntadeandalucia.es\/cprzalabi\/files\/2023\/11\/IMG-20231120-WA0007-768x576.jpg 768w, https:\/\/blogsaverroes.juntadeandalucia.es\/cprzalabi\/files\/2023\/11\/IMG-20231120-WA0007-1536x1152.jpg 1536w, https:\/\/blogsaverroes.juntadeandalucia.es\/cprzalabi\/files\/2023\/11\/IMG-20231120-WA0007.jpg 1600w\" sizes=\"(max-width: 300px) 100vw, 300px\" \/><\/a><\/p>\n<p><!--more--> <a href=\"https:\/\/blogsaverroes.juntadeandalucia.es\/cprzalabi\/files\/2023\/11\/2-scaled.jpg\"><img loading=\"lazy\" decoding=\"async\" class=\"alignnone size-large wp-image-5895\" src=\"https:\/\/blogsaverroes.juntadeandalucia.es\/cprzalabi\/files\/2023\/11\/2-1024x768.jpg\" alt=\"\" width=\"782\" height=\"587\" srcset=\"https:\/\/blogsaverroes.juntadeandalucia.es\/cprzalabi\/files\/2023\/11\/2-1024x768.jpg 1024w, https:\/\/blogsaverroes.juntadeandalucia.es\/cprzalabi\/files\/2023\/11\/2-300x225.jpg 300w, https:\/\/blogsaverroes.juntadeandalucia.es\/cprzalabi\/files\/2023\/11\/2-768x576.jpg 768w, https:\/\/blogsaverroes.juntadeandalucia.es\/cprzalabi\/files\/2023\/11\/2-1536x1152.jpg 1536w, https:\/\/blogsaverroes.juntadeandalucia.es\/cprzalabi\/files\/2023\/11\/2-2048x1536.jpg 2048w, https:\/\/blogsaverroes.juntadeandalucia.es\/cprzalabi\/files\/2023\/11\/2-scaled.jpg 1600w\" sizes=\"(max-width: 782px) 100vw, 782px\" \/><\/a> <a href=\"https:\/\/blogsaverroes.juntadeandalucia.es\/cprzalabi\/files\/2023\/11\/3-scaled.jpg\"><img loading=\"lazy\" decoding=\"async\" class=\"alignnone size-large wp-image-5896\" src=\"https:\/\/blogsaverroes.juntadeandalucia.es\/cprzalabi\/files\/2023\/11\/3-1024x768.jpg\" alt=\"\" width=\"782\" height=\"587\" srcset=\"https:\/\/blogsaverroes.juntadeandalucia.es\/cprzalabi\/files\/2023\/11\/3-1024x768.jpg 1024w, https:\/\/blogsaverroes.juntadeandalucia.es\/cprzalabi\/files\/2023\/11\/3-300x225.jpg 300w, https:\/\/blogsaverroes.juntadeandalucia.es\/cprzalabi\/files\/2023\/11\/3-768x576.jpg 768w, https:\/\/blogsaverroes.juntadeandalucia.es\/cprzalabi\/files\/2023\/11\/3-1536x1152.jpg 1536w, https:\/\/blogsaverroes.juntadeandalucia.es\/cprzalabi\/files\/2023\/11\/3-2048x1536.jpg 2048w, https:\/\/blogsaverroes.juntadeandalucia.es\/cprzalabi\/files\/2023\/11\/3-scaled.jpg 1600w\" sizes=\"(max-width: 782px) 100vw, 782px\" \/><\/a> <a href=\"https:\/\/blogsaverroes.juntadeandalucia.es\/cprzalabi\/files\/2023\/11\/4-scaled.jpg\"><img loading=\"lazy\" decoding=\"async\" class=\"alignnone size-large wp-image-5897\" src=\"https:\/\/blogsaverroes.juntadeandalucia.es\/cprzalabi\/files\/2023\/11\/4-1024x768.jpg\" alt=\"\" width=\"782\" height=\"587\" srcset=\"https:\/\/blogsaverroes.juntadeandalucia.es\/cprzalabi\/files\/2023\/11\/4-1024x768.jpg 1024w, https:\/\/blogsaverroes.juntadeandalucia.es\/cprzalabi\/files\/2023\/11\/4-300x225.jpg 300w, https:\/\/blogsaverroes.juntadeandalucia.es\/cprzalabi\/files\/2023\/11\/4-768x576.jpg 768w, https:\/\/blogsaverroes.juntadeandalucia.es\/cprzalabi\/files\/2023\/11\/4-1536x1152.jpg 1536w, https:\/\/blogsaverroes.juntadeandalucia.es\/cprzalabi\/files\/2023\/11\/4-2048x1536.jpg 2048w, https:\/\/blogsaverroes.juntadeandalucia.es\/cprzalabi\/files\/2023\/11\/4-scaled.jpg 1600w\" sizes=\"(max-width: 782px) 100vw, 782px\" \/><\/a><\/p>\n<p>&nbsp;<\/p>\n","protected":false},"excerpt":{"rendered":"<p>El&nbsp;20 de noviembre&nbsp;de 1954, la Asamblea General de las Naciones Unidas proclam\u00f3 el D\u00eda Mundial del Ni\u00f1o como una fecha de celebraci\u00f3n y fraternidad, pero tambi\u00e9n de promoci\u00f3n de los derechos y bienestar de la infancia. Este d\u00eda mundial recuerda que todos los ni\u00f1os tienen derecho a la salud, la educaci\u00f3n y la protecci\u00f3n, independientemente &hellip; <\/p>\n<p><a class=\"more-link btn\" href=\"https:\/\/blogsaverroes.juntadeandalucia.es\/cprzalabi\/2023\/11\/20\/dia-de-la-infancia-dia-de-los-derechos-del-nino\/\">Seguir leyendo<\/a><\/p>\n","protected":false},"author":6990,"featured_media":0,"comment_status":"open","ping_status":"open","sticky":false,"template":"","format":"standard","meta":{"ngg_post_thumbnail":0,"footnotes":""},"categories":[5991,25494,307434,307426,307420],"tags":[307416,307542],"aioseo_notices":[],"_links":{"self":[{"href":"https:\/\/blogsaverroes.juntadeandalucia.es\/cprzalabi\/wp-json\/wp\/v2\/posts\/5893"}],"collection":[{"href":"https:\/\/blogsaverroes.juntadeandalucia.es\/cprzalabi\/wp-json\/wp\/v2\/posts"}],"about":[{"href":"https:\/\/blogsaverroes.juntadeandalucia.es\/cprzalabi\/wp-json\/wp\/v2\/types\/post"}],"author":[{"embeddable":true,"href":"https:\/\/blogsaverroes.juntadeandalucia.es\/cprzalabi\/wp-json\/wp\/v2\/users\/6990"}],"replies":[{"embeddable":true,"href":"https:\/\/blogsaverroes.juntadeandalucia.es\/cprzalabi\/wp-json\/wp\/v2\/comments?post=5893"}],"version-history":[{"count":5,"href":"https:\/\/blogsaverroes.juntadeandalucia.es\/cprzalabi\/wp-json\/wp\/v2\/posts\/5893\/revisions"}],"predecessor-version":[{"id":5903,"href":"https:\/\/blogsaverroes.juntadeandalucia.es\/cprzalabi\/wp-json\/wp\/v2\/posts\/5893\/revisions\/5903"}],"wp:attachment":[{"href":"https:\/\/blogsaverroes.juntadeandalucia.es\/cprzalabi\/wp-json\/wp\/v2\/media?parent=5893"}],"wp:term":[{"taxonomy":"category","embeddable":true,"href":"https:\/\/blogsaverroes.juntadeandalucia.es\/cprzalabi\/wp-json\/wp\/v2\/categories?post=5893"},{"taxonomy":"post_tag","embeddable":true,"href":"https:\/\/blogsaverroes.juntadeandalucia.es\/cprzalabi\/wp-json\/wp\/v2\/tags?post=5893"}],"curies":[{"name":"wp","href":"https:\/\/api.w.org\/{rel}","templated":true}]}}