{"id":5904,"date":"2023-11-22T16:23:10","date_gmt":"2023-11-22T16:23:10","guid":{"rendered":"https:\/\/blogsaverroes.juntadeandalucia.es\/cprzalabi\/?p=5904"},"modified":"2023-11-25T10:42:30","modified_gmt":"2023-11-25T10:42:30","slug":"conmemoracion-contra-la-violencia-de-genero","status":"publish","type":"post","link":"https:\/\/blogsaverroes.juntadeandalucia.es\/cprzalabi\/2023\/11\/22\/conmemoracion-contra-la-violencia-de-genero\/","title":{"rendered":"Conmemoraci\u00f3n contra la violencia de g\u00e9nero"},"content":{"rendered":"<p>El D\u00eda Internacional de la Eliminaci\u00f3n de la Violencia contra la Mujer se celebra anualmente el 25 de noviembre&nbsp;<b>para denunciar la violencia que se ejerce sobre las mujeres en todo el mundo y reclamar pol\u00edticas en todos los pa\u00edses para su erradicaci\u00f3n<\/b>.<\/p>\n<p>A lo largo de la jornada de hoy lo hemos celebrado en el colegio, realizando m\u00faltiples actividades propuestas desde el \u00e1rea de Igualdad, coordinado por Clara Josefa Baena, aqu\u00ed ten\u00e9is algunas evidencias.<\/p>\n<p><a href=\"https:\/\/blogsaverroes.juntadeandalucia.es\/cprzalabi\/files\/2023\/11\/IMG-20231122-WA0006.jpg\"><img loading=\"lazy\" decoding=\"async\" class=\"size-medium wp-image-5905 aligncenter\" src=\"https:\/\/blogsaverroes.juntadeandalucia.es\/cprzalabi\/files\/2023\/11\/IMG-20231122-WA0006-300x225.jpg\" alt=\"\" width=\"300\" height=\"225\" srcset=\"https:\/\/blogsaverroes.juntadeandalucia.es\/cprzalabi\/files\/2023\/11\/IMG-20231122-WA0006-300x225.jpg 300w, https:\/\/blogsaverroes.juntadeandalucia.es\/cprzalabi\/files\/2023\/11\/IMG-20231122-WA0006-768x576.jpg 768w, https:\/\/blogsaverroes.juntadeandalucia.es\/cprzalabi\/files\/2023\/11\/IMG-20231122-WA0006.jpg 1024w\" sizes=\"(max-width: 300px) 100vw, 300px\" \/><\/a><\/p>\n<p><!--more--> <a href=\"https:\/\/blogsaverroes.juntadeandalucia.es\/cprzalabi\/files\/2023\/11\/5-scaled.jpg\"><img loading=\"lazy\" decoding=\"async\" class=\"alignnone size-medium wp-image-5906\" src=\"https:\/\/blogsaverroes.juntadeandalucia.es\/cprzalabi\/files\/2023\/11\/5-225x300.jpg\" alt=\"\" width=\"225\" height=\"300\" srcset=\"https:\/\/blogsaverroes.juntadeandalucia.es\/cprzalabi\/files\/2023\/11\/5-225x300.jpg 225w, https:\/\/blogsaverroes.juntadeandalucia.es\/cprzalabi\/files\/2023\/11\/5-768x1024.jpg 768w, https:\/\/blogsaverroes.juntadeandalucia.es\/cprzalabi\/files\/2023\/11\/5-1152x1536.jpg 1152w, https:\/\/blogsaverroes.juntadeandalucia.es\/cprzalabi\/files\/2023\/11\/5-1536x2048.jpg 1536w, https:\/\/blogsaverroes.juntadeandalucia.es\/cprzalabi\/files\/2023\/11\/5-scaled.jpg 1200w\" sizes=\"(max-width: 225px) 100vw, 225px\" \/><\/a> <a href=\"https:\/\/blogsaverroes.juntadeandalucia.es\/cprzalabi\/files\/2023\/11\/IMG-20231122-WA0007.jpg\"><img loading=\"lazy\" decoding=\"async\" class=\"alignnone size-medium wp-image-5912\" src=\"https:\/\/blogsaverroes.juntadeandalucia.es\/cprzalabi\/files\/2023\/11\/IMG-20231122-WA0007-300x225.jpg\" alt=\"\" width=\"300\" height=\"225\" srcset=\"https:\/\/blogsaverroes.juntadeandalucia.es\/cprzalabi\/files\/2023\/11\/IMG-20231122-WA0007-300x225.jpg 300w, https:\/\/blogsaverroes.juntadeandalucia.es\/cprzalabi\/files\/2023\/11\/IMG-20231122-WA0007-768x576.jpg 768w, https:\/\/blogsaverroes.juntadeandalucia.es\/cprzalabi\/files\/2023\/11\/IMG-20231122-WA0007.jpg 1024w\" sizes=\"(max-width: 300px) 100vw, 300px\" \/><\/a> <a href=\"https:\/\/blogsaverroes.juntadeandalucia.es\/cprzalabi\/files\/2023\/11\/IMG-20231122-WA0005.jpg\"><img loading=\"lazy\" decoding=\"async\" class=\"alignnone size-medium wp-image-5911\" src=\"https:\/\/blogsaverroes.juntadeandalucia.es\/cprzalabi\/files\/2023\/11\/IMG-20231122-WA0005-300x225.jpg\" alt=\"\" width=\"300\" height=\"225\" srcset=\"https:\/\/blogsaverroes.juntadeandalucia.es\/cprzalabi\/files\/2023\/11\/IMG-20231122-WA0005-300x225.jpg 300w, https:\/\/blogsaverroes.juntadeandalucia.es\/cprzalabi\/files\/2023\/11\/IMG-20231122-WA0005-1024x768.jpg 1024w, https:\/\/blogsaverroes.juntadeandalucia.es\/cprzalabi\/files\/2023\/11\/IMG-20231122-WA0005-768x576.jpg 768w, https:\/\/blogsaverroes.juntadeandalucia.es\/cprzalabi\/files\/2023\/11\/IMG-20231122-WA0005-1536x1152.jpg 1536w, https:\/\/blogsaverroes.juntadeandalucia.es\/cprzalabi\/files\/2023\/11\/IMG-20231122-WA0005.jpg 1600w\" sizes=\"(max-width: 300px) 100vw, 300px\" \/><\/a> <a href=\"https:\/\/blogsaverroes.juntadeandalucia.es\/cprzalabi\/files\/2023\/11\/1-1-scaled.jpg\"><img loading=\"lazy\" decoding=\"async\" class=\"alignnone size-medium wp-image-5910\" src=\"https:\/\/blogsaverroes.juntadeandalucia.es\/cprzalabi\/files\/2023\/11\/1-1-225x300.jpg\" alt=\"\" width=\"225\" height=\"300\" srcset=\"https:\/\/blogsaverroes.juntadeandalucia.es\/cprzalabi\/files\/2023\/11\/1-1-225x300.jpg 225w, https:\/\/blogsaverroes.juntadeandalucia.es\/cprzalabi\/files\/2023\/11\/1-1-768x1024.jpg 768w, https:\/\/blogsaverroes.juntadeandalucia.es\/cprzalabi\/files\/2023\/11\/1-1-1152x1536.jpg 1152w, https:\/\/blogsaverroes.juntadeandalucia.es\/cprzalabi\/files\/2023\/11\/1-1-1536x2048.jpg 1536w, https:\/\/blogsaverroes.juntadeandalucia.es\/cprzalabi\/files\/2023\/11\/1-1-scaled.jpg 1200w\" sizes=\"(max-width: 225px) 100vw, 225px\" \/><\/a> <a href=\"https:\/\/blogsaverroes.juntadeandalucia.es\/cprzalabi\/files\/2023\/11\/2-1-scaled.jpg\"><img loading=\"lazy\" decoding=\"async\" class=\"alignnone size-medium wp-image-5909\" src=\"https:\/\/blogsaverroes.juntadeandalucia.es\/cprzalabi\/files\/2023\/11\/2-1-225x300.jpg\" alt=\"\" width=\"225\" height=\"300\" srcset=\"https:\/\/blogsaverroes.juntadeandalucia.es\/cprzalabi\/files\/2023\/11\/2-1-225x300.jpg 225w, https:\/\/blogsaverroes.juntadeandalucia.es\/cprzalabi\/files\/2023\/11\/2-1-768x1024.jpg 768w, https:\/\/blogsaverroes.juntadeandalucia.es\/cprzalabi\/files\/2023\/11\/2-1-1152x1536.jpg 1152w, https:\/\/blogsaverroes.juntadeandalucia.es\/cprzalabi\/files\/2023\/11\/2-1-1536x2048.jpg 1536w, https:\/\/blogsaverroes.juntadeandalucia.es\/cprzalabi\/files\/2023\/11\/2-1-scaled.jpg 1200w\" sizes=\"(max-width: 225px) 100vw, 225px\" \/><\/a> <a href=\"https:\/\/blogsaverroes.juntadeandalucia.es\/cprzalabi\/files\/2023\/11\/3-1-scaled.jpg\"><img loading=\"lazy\" decoding=\"async\" class=\"alignnone size-medium wp-image-5908\" src=\"https:\/\/blogsaverroes.juntadeandalucia.es\/cprzalabi\/files\/2023\/11\/3-1-225x300.jpg\" alt=\"\" width=\"225\" height=\"300\" srcset=\"https:\/\/blogsaverroes.juntadeandalucia.es\/cprzalabi\/files\/2023\/11\/3-1-225x300.jpg 225w, https:\/\/blogsaverroes.juntadeandalucia.es\/cprzalabi\/files\/2023\/11\/3-1-768x1024.jpg 768w, https:\/\/blogsaverroes.juntadeandalucia.es\/cprzalabi\/files\/2023\/11\/3-1-1152x1536.jpg 1152w, https:\/\/blogsaverroes.juntadeandalucia.es\/cprzalabi\/files\/2023\/11\/3-1-1536x2048.jpg 1536w, https:\/\/blogsaverroes.juntadeandalucia.es\/cprzalabi\/files\/2023\/11\/3-1-scaled.jpg 1200w\" sizes=\"(max-width: 225px) 100vw, 225px\" \/><\/a> <a href=\"https:\/\/blogsaverroes.juntadeandalucia.es\/cprzalabi\/files\/2023\/11\/4-1-scaled.jpg\"><img loading=\"lazy\" decoding=\"async\" class=\"alignnone size-medium wp-image-5907\" src=\"https:\/\/blogsaverroes.juntadeandalucia.es\/cprzalabi\/files\/2023\/11\/4-1-225x300.jpg\" alt=\"\" width=\"225\" height=\"300\" srcset=\"https:\/\/blogsaverroes.juntadeandalucia.es\/cprzalabi\/files\/2023\/11\/4-1-225x300.jpg 225w, https:\/\/blogsaverroes.juntadeandalucia.es\/cprzalabi\/files\/2023\/11\/4-1-768x1024.jpg 768w, https:\/\/blogsaverroes.juntadeandalucia.es\/cprzalabi\/files\/2023\/11\/4-1-1152x1536.jpg 1152w, https:\/\/blogsaverroes.juntadeandalucia.es\/cprzalabi\/files\/2023\/11\/4-1-1536x2048.jpg 1536w, https:\/\/blogsaverroes.juntadeandalucia.es\/cprzalabi\/files\/2023\/11\/4-1-scaled.jpg 1200w\" sizes=\"(max-width: 225px) 100vw, 225px\" \/><\/a><a href=\"https:\/\/blogsaverroes.juntadeandalucia.es\/cprzalabi\/files\/2023\/11\/IMG-20231122-WA0018.jpg\"><img loading=\"lazy\" decoding=\"async\" class=\"alignnone size-medium wp-image-5913\" src=\"https:\/\/blogsaverroes.juntadeandalucia.es\/cprzalabi\/files\/2023\/11\/IMG-20231122-WA0018-300x225.jpg\" alt=\"\" width=\"300\" height=\"225\" srcset=\"https:\/\/blogsaverroes.juntadeandalucia.es\/cprzalabi\/files\/2023\/11\/IMG-20231122-WA0018-300x225.jpg 300w, https:\/\/blogsaverroes.juntadeandalucia.es\/cprzalabi\/files\/2023\/11\/IMG-20231122-WA0018-768x576.jpg 768w, https:\/\/blogsaverroes.juntadeandalucia.es\/cprzalabi\/files\/2023\/11\/IMG-20231122-WA0018.jpg 1024w\" sizes=\"(max-width: 300px) 100vw, 300px\" \/><\/a> <a href=\"https:\/\/blogsaverroes.juntadeandalucia.es\/cprzalabi\/files\/2023\/11\/IMG-20231122-WA0009.jpg\"><img loading=\"lazy\" decoding=\"async\" class=\"alignnone size-medium wp-image-5914\" src=\"https:\/\/blogsaverroes.juntadeandalucia.es\/cprzalabi\/files\/2023\/11\/IMG-20231122-WA0009-225x300.jpg\" alt=\"\" width=\"225\" height=\"300\" srcset=\"https:\/\/blogsaverroes.juntadeandalucia.es\/cprzalabi\/files\/2023\/11\/IMG-20231122-WA0009-225x300.jpg 225w, https:\/\/blogsaverroes.juntadeandalucia.es\/cprzalabi\/files\/2023\/11\/IMG-20231122-WA0009.jpg 768w\" sizes=\"(max-width: 225px) 100vw, 225px\" \/><\/a> <a href=\"https:\/\/blogsaverroes.juntadeandalucia.es\/cprzalabi\/files\/2023\/11\/IMG-20231122-WA0020.jpg\"><img loading=\"lazy\" decoding=\"async\" class=\"alignnone size-medium wp-image-5915\" src=\"https:\/\/blogsaverroes.juntadeandalucia.es\/cprzalabi\/files\/2023\/11\/IMG-20231122-WA0020-300x225.jpg\" alt=\"\" width=\"300\" height=\"225\" srcset=\"https:\/\/blogsaverroes.juntadeandalucia.es\/cprzalabi\/files\/2023\/11\/IMG-20231122-WA0020-300x225.jpg 300w, https:\/\/blogsaverroes.juntadeandalucia.es\/cprzalabi\/files\/2023\/11\/IMG-20231122-WA0020-768x576.jpg 768w, https:\/\/blogsaverroes.juntadeandalucia.es\/cprzalabi\/files\/2023\/11\/IMG-20231122-WA0020.jpg 1024w\" sizes=\"(max-width: 300px) 100vw, 300px\" \/><\/a><a href=\"https:\/\/blogsaverroes.juntadeandalucia.es\/cprzalabi\/files\/2023\/11\/igualdad.jpeg\"><img loading=\"lazy\" decoding=\"async\" class=\"alignnone size-medium wp-image-5928\" src=\"https:\/\/blogsaverroes.juntadeandalucia.es\/cprzalabi\/files\/2023\/11\/igualdad-225x300.jpeg\" alt=\"\" width=\"225\" height=\"300\" srcset=\"https:\/\/blogsaverroes.juntadeandalucia.es\/cprzalabi\/files\/2023\/11\/igualdad-225x300.jpeg 225w, https:\/\/blogsaverroes.juntadeandalucia.es\/cprzalabi\/files\/2023\/11\/igualdad-768x1024.jpeg 768w, https:\/\/blogsaverroes.juntadeandalucia.es\/cprzalabi\/files\/2023\/11\/igualdad-1152x1536.jpeg 1152w, https:\/\/blogsaverroes.juntadeandalucia.es\/cprzalabi\/files\/2023\/11\/igualdad.jpeg 1200w\" sizes=\"(max-width: 225px) 100vw, 225px\" \/><\/a> <a href=\"https:\/\/blogsaverroes.juntadeandalucia.es\/cprzalabi\/files\/2023\/11\/IMG-20231122-WA0021.jpg\"><img loading=\"lazy\" decoding=\"async\" class=\"alignnone size-medium wp-image-5916\" src=\"https:\/\/blogsaverroes.juntadeandalucia.es\/cprzalabi\/files\/2023\/11\/IMG-20231122-WA0021-300x225.jpg\" alt=\"\" width=\"300\" height=\"225\" srcset=\"https:\/\/blogsaverroes.juntadeandalucia.es\/cprzalabi\/files\/2023\/11\/IMG-20231122-WA0021-300x225.jpg 300w, https:\/\/blogsaverroes.juntadeandalucia.es\/cprzalabi\/files\/2023\/11\/IMG-20231122-WA0021-768x576.jpg 768w, https:\/\/blogsaverroes.juntadeandalucia.es\/cprzalabi\/files\/2023\/11\/IMG-20231122-WA0021.jpg 1024w\" sizes=\"(max-width: 300px) 100vw, 300px\" \/><\/a> <a href=\"https:\/\/blogsaverroes.juntadeandalucia.es\/cprzalabi\/files\/2023\/11\/IMG-20231122-WA0017.jpg\"><img loading=\"lazy\" decoding=\"async\" class=\"alignnone size-medium wp-image-5917\" src=\"https:\/\/blogsaverroes.juntadeandalucia.es\/cprzalabi\/files\/2023\/11\/IMG-20231122-WA0017-300x225.jpg\" alt=\"\" width=\"300\" height=\"225\" srcset=\"https:\/\/blogsaverroes.juntadeandalucia.es\/cprzalabi\/files\/2023\/11\/IMG-20231122-WA0017-300x225.jpg 300w, https:\/\/blogsaverroes.juntadeandalucia.es\/cprzalabi\/files\/2023\/11\/IMG-20231122-WA0017-768x576.jpg 768w, https:\/\/blogsaverroes.juntadeandalucia.es\/cprzalabi\/files\/2023\/11\/IMG-20231122-WA0017.jpg 1024w\" sizes=\"(max-width: 300px) 100vw, 300px\" \/><\/a> <a href=\"https:\/\/blogsaverroes.juntadeandalucia.es\/cprzalabi\/files\/2023\/11\/IMG-20231122-WA0013.jpg\"><img loading=\"lazy\" decoding=\"async\" class=\"alignnone size-medium wp-image-5918\" src=\"https:\/\/blogsaverroes.juntadeandalucia.es\/cprzalabi\/files\/2023\/11\/IMG-20231122-WA0013-225x300.jpg\" alt=\"\" width=\"225\" height=\"300\" srcset=\"https:\/\/blogsaverroes.juntadeandalucia.es\/cprzalabi\/files\/2023\/11\/IMG-20231122-WA0013-225x300.jpg 225w, https:\/\/blogsaverroes.juntadeandalucia.es\/cprzalabi\/files\/2023\/11\/IMG-20231122-WA0013.jpg 768w\" sizes=\"(max-width: 225px) 100vw, 225px\" \/><\/a> <a href=\"https:\/\/blogsaverroes.juntadeandalucia.es\/cprzalabi\/files\/2023\/11\/IMG-20231122-WA0015.jpg\"><img loading=\"lazy\" decoding=\"async\" class=\"alignnone size-medium wp-image-5919\" src=\"https:\/\/blogsaverroes.juntadeandalucia.es\/cprzalabi\/files\/2023\/11\/IMG-20231122-WA0015-225x300.jpg\" alt=\"\" width=\"225\" height=\"300\" srcset=\"https:\/\/blogsaverroes.juntadeandalucia.es\/cprzalabi\/files\/2023\/11\/IMG-20231122-WA0015-225x300.jpg 225w, https:\/\/blogsaverroes.juntadeandalucia.es\/cprzalabi\/files\/2023\/11\/IMG-20231122-WA0015.jpg 768w\" sizes=\"(max-width: 225px) 100vw, 225px\" \/><\/a> <a href=\"https:\/\/blogsaverroes.juntadeandalucia.es\/cprzalabi\/files\/2023\/11\/IMG-20231122-WA0014.jpg\"><img loading=\"lazy\" decoding=\"async\" class=\"alignnone size-medium wp-image-5920\" src=\"https:\/\/blogsaverroes.juntadeandalucia.es\/cprzalabi\/files\/2023\/11\/IMG-20231122-WA0014-225x300.jpg\" alt=\"\" width=\"225\" height=\"300\" srcset=\"https:\/\/blogsaverroes.juntadeandalucia.es\/cprzalabi\/files\/2023\/11\/IMG-20231122-WA0014-225x300.jpg 225w, https:\/\/blogsaverroes.juntadeandalucia.es\/cprzalabi\/files\/2023\/11\/IMG-20231122-WA0014.jpg 768w\" sizes=\"(max-width: 225px) 100vw, 225px\" \/><\/a> <a href=\"https:\/\/blogsaverroes.juntadeandalucia.es\/cprzalabi\/files\/2023\/11\/IMG-20231122-WA0019.jpg\"><img loading=\"lazy\" decoding=\"async\" class=\"alignnone size-medium wp-image-5921\" src=\"https:\/\/blogsaverroes.juntadeandalucia.es\/cprzalabi\/files\/2023\/11\/IMG-20231122-WA0019-300x225.jpg\" alt=\"\" width=\"300\" height=\"225\" srcset=\"https:\/\/blogsaverroes.juntadeandalucia.es\/cprzalabi\/files\/2023\/11\/IMG-20231122-WA0019-300x225.jpg 300w, https:\/\/blogsaverroes.juntadeandalucia.es\/cprzalabi\/files\/2023\/11\/IMG-20231122-WA0019-768x576.jpg 768w, https:\/\/blogsaverroes.juntadeandalucia.es\/cprzalabi\/files\/2023\/11\/IMG-20231122-WA0019.jpg 1024w\" sizes=\"(max-width: 300px) 100vw, 300px\" \/><\/a> <a href=\"https:\/\/blogsaverroes.juntadeandalucia.es\/cprzalabi\/files\/2023\/11\/IMG-20231122-WA0016.jpg\"><img loading=\"lazy\" decoding=\"async\" class=\"alignnone size-medium wp-image-5922\" src=\"https:\/\/blogsaverroes.juntadeandalucia.es\/cprzalabi\/files\/2023\/11\/IMG-20231122-WA0016-225x300.jpg\" alt=\"\" width=\"225\" height=\"300\" srcset=\"https:\/\/blogsaverroes.juntadeandalucia.es\/cprzalabi\/files\/2023\/11\/IMG-20231122-WA0016-225x300.jpg 225w, https:\/\/blogsaverroes.juntadeandalucia.es\/cprzalabi\/files\/2023\/11\/IMG-20231122-WA0016.jpg 768w\" sizes=\"(max-width: 225px) 100vw, 225px\" \/><\/a> <a href=\"https:\/\/blogsaverroes.juntadeandalucia.es\/cprzalabi\/files\/2023\/11\/IMG-20231122-WA0010.jpg\"><img loading=\"lazy\" decoding=\"async\" class=\"alignnone size-medium wp-image-5923\" src=\"https:\/\/blogsaverroes.juntadeandalucia.es\/cprzalabi\/files\/2023\/11\/IMG-20231122-WA0010-300x225.jpg\" alt=\"\" width=\"300\" height=\"225\" srcset=\"https:\/\/blogsaverroes.juntadeandalucia.es\/cprzalabi\/files\/2023\/11\/IMG-20231122-WA0010-300x225.jpg 300w, https:\/\/blogsaverroes.juntadeandalucia.es\/cprzalabi\/files\/2023\/11\/IMG-20231122-WA0010-768x576.jpg 768w, https:\/\/blogsaverroes.juntadeandalucia.es\/cprzalabi\/files\/2023\/11\/IMG-20231122-WA0010.jpg 1024w\" sizes=\"(max-width: 300px) 100vw, 300px\" \/><\/a> <a href=\"https:\/\/blogsaverroes.juntadeandalucia.es\/cprzalabi\/files\/2023\/11\/IMG-20231122-WA0012.jpg\"><img loading=\"lazy\" decoding=\"async\" class=\"alignnone size-medium wp-image-5924\" src=\"https:\/\/blogsaverroes.juntadeandalucia.es\/cprzalabi\/files\/2023\/11\/IMG-20231122-WA0012-300x225.jpg\" alt=\"\" width=\"300\" height=\"225\" srcset=\"https:\/\/blogsaverroes.juntadeandalucia.es\/cprzalabi\/files\/2023\/11\/IMG-20231122-WA0012-300x225.jpg 300w, https:\/\/blogsaverroes.juntadeandalucia.es\/cprzalabi\/files\/2023\/11\/IMG-20231122-WA0012-768x576.jpg 768w, https:\/\/blogsaverroes.juntadeandalucia.es\/cprzalabi\/files\/2023\/11\/IMG-20231122-WA0012.jpg 1024w\" sizes=\"(max-width: 300px) 100vw, 300px\" \/><\/a> <a href=\"https:\/\/blogsaverroes.juntadeandalucia.es\/cprzalabi\/files\/2023\/11\/IMG-20231122-WA0008.jpg\"><img loading=\"lazy\" decoding=\"async\" class=\"alignnone size-medium wp-image-5925\" src=\"https:\/\/blogsaverroes.juntadeandalucia.es\/cprzalabi\/files\/2023\/11\/IMG-20231122-WA0008-300x225.jpg\" alt=\"\" width=\"300\" height=\"225\" srcset=\"https:\/\/blogsaverroes.juntadeandalucia.es\/cprzalabi\/files\/2023\/11\/IMG-20231122-WA0008-300x225.jpg 300w, https:\/\/blogsaverroes.juntadeandalucia.es\/cprzalabi\/files\/2023\/11\/IMG-20231122-WA0008-768x576.jpg 768w, https:\/\/blogsaverroes.juntadeandalucia.es\/cprzalabi\/files\/2023\/11\/IMG-20231122-WA0008.jpg 1024w\" sizes=\"(max-width: 300px) 100vw, 300px\" \/><\/a> <a href=\"https:\/\/blogsaverroes.juntadeandalucia.es\/cprzalabi\/files\/2023\/11\/IMG-20231122-WA0011.jpg\"><img loading=\"lazy\" decoding=\"async\" class=\"alignnone size-medium wp-image-5926\" src=\"https:\/\/blogsaverroes.juntadeandalucia.es\/cprzalabi\/files\/2023\/11\/IMG-20231122-WA0011-300x225.jpg\" alt=\"\" width=\"300\" height=\"225\" srcset=\"https:\/\/blogsaverroes.juntadeandalucia.es\/cprzalabi\/files\/2023\/11\/IMG-20231122-WA0011-300x225.jpg 300w, https:\/\/blogsaverroes.juntadeandalucia.es\/cprzalabi\/files\/2023\/11\/IMG-20231122-WA0011-768x576.jpg 768w, https:\/\/blogsaverroes.juntadeandalucia.es\/cprzalabi\/files\/2023\/11\/IMG-20231122-WA0011.jpg 1024w\" sizes=\"(max-width: 300px) 100vw, 300px\" \/><\/a><\/p>\n","protected":false},"excerpt":{"rendered":"<p>El D\u00eda Internacional de la Eliminaci\u00f3n de la Violencia contra la Mujer se celebra anualmente el 25 de noviembre&nbsp;para denunciar la violencia que se ejerce sobre las mujeres en todo el mundo y reclamar pol\u00edticas en todos los pa\u00edses para su erradicaci\u00f3n. A lo largo de la jornada de hoy lo hemos celebrado en el &hellip; <\/p>\n<p><a class=\"more-link btn\" href=\"https:\/\/blogsaverroes.juntadeandalucia.es\/cprzalabi\/2023\/11\/22\/conmemoracion-contra-la-violencia-de-genero\/\">Seguir leyendo<\/a><\/p>\n","protected":false},"author":6990,"featured_media":0,"comment_status":"open","ping_status":"open","sticky":false,"template":"","format":"standard","meta":{"ngg_post_thumbnail":0,"footnotes":""},"categories":[5991,25494,25495,25496,25498,307422,307426],"tags":[307482,307423,307491],"aioseo_notices":[],"_links":{"self":[{"href":"https:\/\/blogsaverroes.juntadeandalucia.es\/cprzalabi\/wp-json\/wp\/v2\/posts\/5904"}],"collection":[{"href":"https:\/\/blogsaverroes.juntadeandalucia.es\/cprzalabi\/wp-json\/wp\/v2\/posts"}],"about":[{"href":"https:\/\/blogsaverroes.juntadeandalucia.es\/cprzalabi\/wp-json\/wp\/v2\/types\/post"}],"author":[{"embeddable":true,"href":"https:\/\/blogsaverroes.juntadeandalucia.es\/cprzalabi\/wp-json\/wp\/v2\/users\/6990"}],"replies":[{"embeddable":true,"href":"https:\/\/blogsaverroes.juntadeandalucia.es\/cprzalabi\/wp-json\/wp\/v2\/comments?post=5904"}],"version-history":[{"count":2,"href":"https:\/\/blogsaverroes.juntadeandalucia.es\/cprzalabi\/wp-json\/wp\/v2\/posts\/5904\/revisions"}],"predecessor-version":[{"id":5929,"href":"https:\/\/blogsaverroes.juntadeandalucia.es\/cprzalabi\/wp-json\/wp\/v2\/posts\/5904\/revisions\/5929"}],"wp:attachment":[{"href":"https:\/\/blogsaverroes.juntadeandalucia.es\/cprzalabi\/wp-json\/wp\/v2\/media?parent=5904"}],"wp:term":[{"taxonomy":"category","embeddable":true,"href":"https:\/\/blogsaverroes.juntadeandalucia.es\/cprzalabi\/wp-json\/wp\/v2\/categories?post=5904"},{"taxonomy":"post_tag","embeddable":true,"href":"https:\/\/blogsaverroes.juntadeandalucia.es\/cprzalabi\/wp-json\/wp\/v2\/tags?post=5904"}],"curies":[{"name":"wp","href":"https:\/\/api.w.org\/{rel}","templated":true}]}}