{"id":8794,"date":"2025-04-27T08:09:16","date_gmt":"2025-04-27T08:09:16","guid":{"rendered":"https:\/\/blogsaverroes.juntadeandalucia.es\/cprzalabi\/?p=8794"},"modified":"2025-04-27T08:09:16","modified_gmt":"2025-04-27T08:09:16","slug":"publicacion-en-el-periodico-ideal-en-clase","status":"publish","type":"post","link":"https:\/\/blogsaverroes.juntadeandalucia.es\/cprzalabi\/2025\/04\/27\/publicacion-en-el-periodico-ideal-en-clase\/","title":{"rendered":"Publicaci\u00f3n en el peri\u00f3dico \u00abIdeal en clase\u00bb"},"content":{"rendered":"<p data-sourcepos=\"5:1-5:106\"><strong><span class=\"citation-0 recitation\">\u00a1El Papa Francisco I responde a la carta del alumnado del CPR Zalab\u00ed (Sede de Exfiliana)!<\/span><\/strong><span class=\"button-container hide-from-message-actions ng-star-inserted\"> &nbsp; <button class=\"mat-mdc-tooltip-trigger button image-fade-on hide-from-message-actions\" aria-label=\"M\u00e1s informaci\u00f3n\" aria-controls=\"sources\" aria-expanded=\"false\"><\/button><\/span><\/p>\n<div class=\"container ng-tns-c511028426-22 hide\">\n<div class=\"carousel-container ng-tns-c511028426-22\">\n<div class=\"carousel-content ng-tns-c511028426-22\">\n<div class=\"sources-carousel-source ng-tns-c511028426-22 ng-star-inserted hide\" data-test-id=\"sources-carousel-source\">&nbsp;<\/div>\n<\/div>\n<\/div>\n<\/div>\n<p data-sourcepos=\"7:1-7:238\"><span class=\"citation-1 recitation citation-end-1\">Nos complace enormemente informar a toda la comunidad educativa y al p\u00fablico en general que Su Santidad el Papa Francisco I ha respondido a la carta que le fue remitida por el alumnado del CPR Zalab\u00ed, de la sede de Exfiliana.<\/span><span class=\"button-container hide-from-message-actions ng-star-inserted\"> &nbsp;<\/span><\/p>\n<div class=\"embed-container\">\n<blockquote class=\"wp-embedded-content\" data-secret=\"TBvxX8f8SB\"><p><a href=\"https:\/\/en-clase.ideal.es\/2025\/04\/25\/escolares-de-exfiliana-del-cpr-zalabi-reciben-una-carta-del-vaticano\/\">Escolares de Exfiliana del CPR Zalab\u00ed reciben una carta del Vaticano<\/a><\/p><\/blockquote>\n<p><iframe class=\"wp-embedded-content\" sandbox=\"allow-scripts\" security=\"restricted\" style=\"position: absolute; clip: rect(1px, 1px, 1px, 1px);\" title=\"\u00abEscolares de Exfiliana del CPR Zalab\u00ed reciben una carta del Vaticano\u00bb \u2014 IDEAL En Clase\" src=\"https:\/\/en-clase.ideal.es\/2025\/04\/25\/escolares-de-exfiliana-del-cpr-zalabi-reciben-una-carta-del-vaticano\/embed\/#?secret=ooPcikoTEA#?secret=TBvxX8f8SB\" data-secret=\"TBvxX8f8SB\" width=\"600\" height=\"338\" frameborder=\"0\" marginwidth=\"0\" marginheight=\"0\" scrolling=\"no\"><\/iframe><\/div>\n<p>&nbsp;<\/p>\n<div class=\"container ng-tns-c511028426-23 hide\">\n<div class=\"carousel-container ng-tns-c511028426-23\">\n<div class=\"carousel-content ng-tns-c511028426-23\">\n<div class=\"sources-carousel-source ng-tns-c511028426-23 hide ng-star-inserted\" data-test-id=\"sources-carousel-source\">&nbsp;<\/div>\n<\/div>\n<\/div>\n<\/div>\n<p data-sourcepos=\"9:1-9:285\">Esta noticia, que ha sido recogida por el peri\u00f3dico digital Ideal en su secci\u00f3n \u00abEn Clase\u00bb, nos llena de emoci\u00f3n y alegr\u00eda. La respuesta del Santo Padre es un reconocimiento al esfuerzo y la ilusi\u00f3n de nuestro alumano, quienes expresaron sus inquietudes y esperanzas en su misiva.<\/p>\n<p data-sourcepos=\"11:1-11:184\">Queremos agradecer profundamente al Papa Francisco I por su atenci\u00f3n y cercan\u00eda, as\u00ed como al peri\u00f3dico Ideal por dar difusi\u00f3n a este acontecimiento tan especial para nuestra comunidad.<\/p>\n<p data-sourcepos=\"13:1-13:62\">\u00a1Estamos muy emocionados y compartimos esta alegr\u00eda con todos!<\/p>\n<p data-sourcepos=\"15:1-15:34\"><strong>CPR Zalab\u00ed <\/strong><\/p>\n","protected":false},"excerpt":{"rendered":"<p>\u00a1El Papa Francisco I responde a la carta del alumnado del CPR Zalab\u00ed (Sede de Exfiliana)! &nbsp; &nbsp; Nos complace enormemente informar a toda la comunidad educativa y al p\u00fablico en general que Su Santidad el Papa Francisco I ha respondido a la carta que le fue remitida por el alumnado del CPR Zalab\u00ed, de &hellip; <\/p>\n<p><a class=\"more-link btn\" href=\"https:\/\/blogsaverroes.juntadeandalucia.es\/cprzalabi\/2025\/04\/27\/publicacion-en-el-periodico-ideal-en-clase\/\">Seguir leyendo<\/a><\/p>\n","protected":false},"author":6990,"featured_media":0,"comment_status":"open","ping_status":"open","sticky":false,"template":"","format":"standard","meta":{"ngg_post_thumbnail":0,"footnotes":""},"categories":[25494,25495,25496,25498,1696,307420],"tags":[307683,307704,307684],"aioseo_notices":[],"_links":{"self":[{"href":"https:\/\/blogsaverroes.juntadeandalucia.es\/cprzalabi\/wp-json\/wp\/v2\/posts\/8794"}],"collection":[{"href":"https:\/\/blogsaverroes.juntadeandalucia.es\/cprzalabi\/wp-json\/wp\/v2\/posts"}],"about":[{"href":"https:\/\/blogsaverroes.juntadeandalucia.es\/cprzalabi\/wp-json\/wp\/v2\/types\/post"}],"author":[{"embeddable":true,"href":"https:\/\/blogsaverroes.juntadeandalucia.es\/cprzalabi\/wp-json\/wp\/v2\/users\/6990"}],"replies":[{"embeddable":true,"href":"https:\/\/blogsaverroes.juntadeandalucia.es\/cprzalabi\/wp-json\/wp\/v2\/comments?post=8794"}],"version-history":[{"count":1,"href":"https:\/\/blogsaverroes.juntadeandalucia.es\/cprzalabi\/wp-json\/wp\/v2\/posts\/8794\/revisions"}],"predecessor-version":[{"id":8795,"href":"https:\/\/blogsaverroes.juntadeandalucia.es\/cprzalabi\/wp-json\/wp\/v2\/posts\/8794\/revisions\/8795"}],"wp:attachment":[{"href":"https:\/\/blogsaverroes.juntadeandalucia.es\/cprzalabi\/wp-json\/wp\/v2\/media?parent=8794"}],"wp:term":[{"taxonomy":"category","embeddable":true,"href":"https:\/\/blogsaverroes.juntadeandalucia.es\/cprzalabi\/wp-json\/wp\/v2\/categories?post=8794"},{"taxonomy":"post_tag","embeddable":true,"href":"https:\/\/blogsaverroes.juntadeandalucia.es\/cprzalabi\/wp-json\/wp\/v2\/tags?post=8794"}],"curies":[{"name":"wp","href":"https:\/\/api.w.org\/{rel}","templated":true}]}}