{"id":9558,"date":"2025-06-24T05:32:30","date_gmt":"2025-06-24T05:32:30","guid":{"rendered":"https:\/\/blogsaverroes.juntadeandalucia.es\/cprzalabi\/?p=9558"},"modified":"2025-06-24T05:32:30","modified_gmt":"2025-06-24T05:32:30","slug":"despedida-fin-de-curso-24-25","status":"publish","type":"post","link":"https:\/\/blogsaverroes.juntadeandalucia.es\/cprzalabi\/2025\/06\/24\/despedida-fin-de-curso-24-25\/","title":{"rendered":"Despedida fin de curso 24\/25"},"content":{"rendered":"<h2 data-sourcepos=\"5:1-5:35\">Despedida Fin de Curso 2024\/2025<\/h2>\n<p><a href=\"https:\/\/blogsaverroes.juntadeandalucia.es\/cprzalabi\/files\/2025\/06\/ninos-fin-de-curso.jpg\"><img loading=\"lazy\" decoding=\"async\" class=\"size-medium wp-image-9559 aligncenter\" src=\"https:\/\/blogsaverroes.juntadeandalucia.es\/cprzalabi\/files\/2025\/06\/ninos-fin-de-curso-300x225.jpg\" alt=\"\" width=\"300\" height=\"225\" srcset=\"https:\/\/blogsaverroes.juntadeandalucia.es\/cprzalabi\/files\/2025\/06\/ninos-fin-de-curso-300x225.jpg 300w, https:\/\/blogsaverroes.juntadeandalucia.es\/cprzalabi\/files\/2025\/06\/ninos-fin-de-curso.jpg 410w\" sizes=\"(max-width: 300px) 100vw, 300px\" \/><\/a><\/p>\n<p data-sourcepos=\"7:1-7:44\">Estimada comunidad educativa del CPR ZALAB\u00cd:<\/p>\n<p data-sourcepos=\"9:1-9:158\">Llegamos al final de un curso m\u00e1s, y desde la direcci\u00f3n queremos expresar nuestro m\u00e1s sincero <strong>agradecimiento a todos los que conform\u00e1is esta gran familia<\/strong>.<\/p>\n<p data-sourcepos=\"11:1-11:194\">A nuestro <strong>alumnado<\/strong>, por su esfuerzo, dedicaci\u00f3n y por cada d\u00eda llenarnos de alegr\u00eda con sus ganas de aprender y crecer. Son el motor de nuestro colegio y el motivo de nuestro trabajo diario.<\/p>\n<p data-sourcepos=\"13:1-13:275\">A las <strong>familias<\/strong>, por su confianza, colaboraci\u00f3n y apoyo incondicional. Vuestra implicaci\u00f3n es fundamental para el \u00e9xito educativo de vuestros hijos e hijas y para el buen funcionamiento del centro. Gracias por caminar junto a nosotros en esta aventura de ense\u00f1ar y educar.<\/p>\n<p data-sourcepos=\"15:1-15:224\">A todo el <strong>equipo docente<\/strong>, por su profesionalidad, compromiso y vocaci\u00f3n. Su incansable labor en las aulas, su paciencia y su pasi\u00f3n por la ense\u00f1anza son la base sobre la que construimos el futuro de nuestro alumnado.<\/p>\n<p data-sourcepos=\"17:1-17:192\">Al <strong>personal no docente<\/strong>, por su dedicaci\u00f3n y por hacer posible que cada d\u00eda el colegio sea un lugar seguro, limpio y acogedor. Su trabajo es esencial para que todo funcione a la perfecci\u00f3n.<\/p>\n<p data-sourcepos=\"25:1-25:147\">Les deseamos a todos un feliz verano, lleno de descanso y momentos especiales. \u00a1Esperamos verles de nuevo en septiembre con las energ\u00edas renovadas!<\/p>\n<p data-sourcepos=\"27:1-27:12\">Atentamente,<\/p>\n<p data-sourcepos=\"29:1-29:27\">La Direcci\u00f3n del CPR ZALAB\u00cd<\/p>\n","protected":false},"excerpt":{"rendered":"<p>Despedida Fin de Curso 2024\/2025 Estimada comunidad educativa del CPR ZALAB\u00cd: Llegamos al final de un curso m\u00e1s, y desde la direcci\u00f3n queremos expresar nuestro m\u00e1s sincero agradecimiento a todos los que conform\u00e1is esta gran familia. A nuestro alumnado, por su esfuerzo, dedicaci\u00f3n y por cada d\u00eda llenarnos de alegr\u00eda con sus ganas de aprender &hellip; <\/p>\n<p><a class=\"more-link btn\" href=\"https:\/\/blogsaverroes.juntadeandalucia.es\/cprzalabi\/2025\/06\/24\/despedida-fin-de-curso-24-25\/\">Seguir leyendo<\/a><\/p>\n","protected":false},"author":6990,"featured_media":0,"comment_status":"open","ping_status":"open","sticky":false,"template":"","format":"standard","meta":{"ngg_post_thumbnail":0,"footnotes":""},"categories":[25494,25495,25496,25498,1696],"tags":[307461],"aioseo_notices":[],"_links":{"self":[{"href":"https:\/\/blogsaverroes.juntadeandalucia.es\/cprzalabi\/wp-json\/wp\/v2\/posts\/9558"}],"collection":[{"href":"https:\/\/blogsaverroes.juntadeandalucia.es\/cprzalabi\/wp-json\/wp\/v2\/posts"}],"about":[{"href":"https:\/\/blogsaverroes.juntadeandalucia.es\/cprzalabi\/wp-json\/wp\/v2\/types\/post"}],"author":[{"embeddable":true,"href":"https:\/\/blogsaverroes.juntadeandalucia.es\/cprzalabi\/wp-json\/wp\/v2\/users\/6990"}],"replies":[{"embeddable":true,"href":"https:\/\/blogsaverroes.juntadeandalucia.es\/cprzalabi\/wp-json\/wp\/v2\/comments?post=9558"}],"version-history":[{"count":1,"href":"https:\/\/blogsaverroes.juntadeandalucia.es\/cprzalabi\/wp-json\/wp\/v2\/posts\/9558\/revisions"}],"predecessor-version":[{"id":9560,"href":"https:\/\/blogsaverroes.juntadeandalucia.es\/cprzalabi\/wp-json\/wp\/v2\/posts\/9558\/revisions\/9560"}],"wp:attachment":[{"href":"https:\/\/blogsaverroes.juntadeandalucia.es\/cprzalabi\/wp-json\/wp\/v2\/media?parent=9558"}],"wp:term":[{"taxonomy":"category","embeddable":true,"href":"https:\/\/blogsaverroes.juntadeandalucia.es\/cprzalabi\/wp-json\/wp\/v2\/categories?post=9558"},{"taxonomy":"post_tag","embeddable":true,"href":"https:\/\/blogsaverroes.juntadeandalucia.es\/cprzalabi\/wp-json\/wp\/v2\/tags?post=9558"}],"curies":[{"name":"wp","href":"https:\/\/api.w.org\/{rel}","templated":true}]}}