{"id":9991,"date":"2025-11-26T11:34:43","date_gmt":"2025-11-26T11:34:43","guid":{"rendered":"https:\/\/blogsaverroes.juntadeandalucia.es\/cprzalabi\/?p=9991"},"modified":"2025-11-26T11:42:25","modified_gmt":"2025-11-26T11:42:25","slug":"noticiero-cpr-zalabi","status":"publish","type":"post","link":"https:\/\/blogsaverroes.juntadeandalucia.es\/cprzalabi\/2025\/11\/26\/noticiero-cpr-zalabi\/","title":{"rendered":"Noticiero CPR Zalab\u00ed"},"content":{"rendered":"<div class=\"Y3BBE\" data-sfc-cp=\"\" data-hveid=\"CAEIAhAA\" data-processed=\"true\" data-complete=\"true\">El programa educativo&nbsp;<strong class=\"Yjhzub\" data-complete=\"true\" data-processed=\"true\">ComunicA<\/strong>, impulsado principalmente por la Junta de Andaluc\u00eda, tiene como objetivo principal mejorar la&nbsp;<strong class=\"Yjhzub\" data-complete=\"true\" data-processed=\"true\">competencia en comunicaci\u00f3n ling\u00fc\u00edstica<\/strong>&nbsp;del alumnado a trav\u00e9s de metodolog\u00edas activas e integradoras. La creaci\u00f3n de un&nbsp;<strong class=\"Yjhzub\" data-complete=\"true\" data-processed=\"true\">peri\u00f3dico escolar<\/strong> es una de las actividades pr\u00e1cticas y proyectos modelo que se fomenta dentro de este marco, y este a\u00f1o vamos a contar con este recurso en nuestro centro escolar.&nbsp;<\/div>\n<div data-sfc-cp=\"\" data-hveid=\"CAEIAhAA\" data-processed=\"true\" data-complete=\"true\">Coordinadora: <strong>Marta Ortega<\/strong> (Especialista Audici\u00f3n y Lenguaje, programa educativo Transf\u00f3rmate).<\/div>\n<div data-sfc-cp=\"\" data-hveid=\"CAEIAhAA\" data-processed=\"true\" data-complete=\"true\"><a href=\"https:\/\/blogsaverroes.juntadeandalucia.es\/cprzalabi\/files\/2025\/11\/IMG_20251125_225700-1.jpg\"><img loading=\"lazy\" decoding=\"async\" class=\"alignnone size-full wp-image-9992\" src=\"https:\/\/blogsaverroes.juntadeandalucia.es\/cprzalabi\/files\/2025\/11\/IMG_20251125_225700-1.jpg\" alt=\"\" width=\"857\" height=\"787\" srcset=\"https:\/\/blogsaverroes.juntadeandalucia.es\/cprzalabi\/files\/2025\/11\/IMG_20251125_225700-1.jpg 857w, https:\/\/blogsaverroes.juntadeandalucia.es\/cprzalabi\/files\/2025\/11\/IMG_20251125_225700-1-300x275.jpg 300w, https:\/\/blogsaverroes.juntadeandalucia.es\/cprzalabi\/files\/2025\/11\/IMG_20251125_225700-1-768x705.jpg 768w, https:\/\/blogsaverroes.juntadeandalucia.es\/cprzalabi\/files\/2025\/11\/IMG_20251125_225700-1-750x689.jpg 750w\" sizes=\"(max-width: 857px) 100vw, 857px\" \/><\/a><\/div>\n","protected":false},"excerpt":{"rendered":"<p>El programa educativo&nbsp;ComunicA, impulsado principalmente por la Junta de Andaluc\u00eda, tiene como objetivo principal mejorar la&nbsp;competencia en comunicaci\u00f3n ling\u00fc\u00edstica&nbsp;del alumnado a trav\u00e9s de metodolog\u00edas activas e integradoras. La creaci\u00f3n de un&nbsp;peri\u00f3dico escolar es una de las actividades pr\u00e1cticas y proyectos modelo que se fomenta dentro de este marco, y este a\u00f1o vamos a contar con &hellip; <\/p>\n<p><a class=\"more-link btn\" href=\"https:\/\/blogsaverroes.juntadeandalucia.es\/cprzalabi\/2025\/11\/26\/noticiero-cpr-zalabi\/\">Seguir leyendo<\/a><\/p>\n","protected":false},"author":6990,"featured_media":0,"comment_status":"open","ping_status":"open","sticky":false,"template":"","format":"standard","meta":{"ngg_post_thumbnail":0,"footnotes":""},"categories":[25494,25495,25496,25498,307426,307757],"tags":[307755,307756],"aioseo_notices":[],"_links":{"self":[{"href":"https:\/\/blogsaverroes.juntadeandalucia.es\/cprzalabi\/wp-json\/wp\/v2\/posts\/9991"}],"collection":[{"href":"https:\/\/blogsaverroes.juntadeandalucia.es\/cprzalabi\/wp-json\/wp\/v2\/posts"}],"about":[{"href":"https:\/\/blogsaverroes.juntadeandalucia.es\/cprzalabi\/wp-json\/wp\/v2\/types\/post"}],"author":[{"embeddable":true,"href":"https:\/\/blogsaverroes.juntadeandalucia.es\/cprzalabi\/wp-json\/wp\/v2\/users\/6990"}],"replies":[{"embeddable":true,"href":"https:\/\/blogsaverroes.juntadeandalucia.es\/cprzalabi\/wp-json\/wp\/v2\/comments?post=9991"}],"version-history":[{"count":2,"href":"https:\/\/blogsaverroes.juntadeandalucia.es\/cprzalabi\/wp-json\/wp\/v2\/posts\/9991\/revisions"}],"predecessor-version":[{"id":9994,"href":"https:\/\/blogsaverroes.juntadeandalucia.es\/cprzalabi\/wp-json\/wp\/v2\/posts\/9991\/revisions\/9994"}],"wp:attachment":[{"href":"https:\/\/blogsaverroes.juntadeandalucia.es\/cprzalabi\/wp-json\/wp\/v2\/media?parent=9991"}],"wp:term":[{"taxonomy":"category","embeddable":true,"href":"https:\/\/blogsaverroes.juntadeandalucia.es\/cprzalabi\/wp-json\/wp\/v2\/categories?post=9991"},{"taxonomy":"post_tag","embeddable":true,"href":"https:\/\/blogsaverroes.juntadeandalucia.es\/cprzalabi\/wp-json\/wp\/v2\/tags?post=9991"}],"curies":[{"name":"wp","href":"https:\/\/api.w.org\/{rel}","templated":true}]}}