{"id":4320,"date":"2018-11-04T20:53:36","date_gmt":"2018-11-04T19:53:36","guid":{"rendered":"http:\/\/blogsaverroes.juntadeandalucia.es\/cpvvamesia\/?p=4320"},"modified":"2018-11-04T20:53:36","modified_gmt":"2018-11-04T19:53:36","slug":"vi-leo-de-miedo","status":"publish","type":"post","link":"https:\/\/blogsaverroes.juntadeandalucia.es\/cpvvamesia\/2018\/11\/04\/vi-leo-de-miedo\/","title":{"rendered":"\u00a1VI LEO DE MIEDO!"},"content":{"rendered":"<p>Otro curso m\u00e1s nos hemos embarcado en la espeluznante aventura que supone celebrar otra edici\u00f3n del \u00abLeo de Miedo\u00bb organizado desde la biblioteca del Centro. Esta ha sido la sexta edici\u00f3n y como en el resto de ediciones el alumnado se ha mostrado interesado e intrigado por lo que les esperaba al otro lado de la puerta de la biblioteca.<\/p>\n<p>En esta ocasi\u00f3n han acudido a la guarida del brujo, y all\u00ed se han encontrado con conjuros, p\u00f3cimas y todo tipo de recuerdos de las familias del brujo y de la bruja que all\u00ed habitaban.<\/p>\n<p>Los mayores han le\u00eddo en voz alta al resto de los compa\u00f1eros las historias que ellos mismos hab\u00edan escrito previamente en clase. Los m\u00e1s peque\u00f1os se han visto sorprendidos por los cuentos que los brujos le han contando a la luz de la hoguera. No se han perdido ni un s\u00f3lo detalle porque luego a la vuelta deb\u00edan escribir su propio conjuro m\u00e1gico.<\/p>\n<p>La aventura comenzaba cuando los brujos llamaban terror\u00edficamente a las puertas de las clase y una vez contadas las historias pasaban al hall, donde se encontraba la exposici\u00f3n de farolillos elaborados por el alumnado de secundaria. A continuaci\u00f3n se le explicaban con detalle las tradiciones populares de la zona en torno al \u00abD\u00eda de Todos los Santos\u00bb, porque consideramos que es importante recuperarlas para que no se pierdan.<\/p>\n<p>La tem\u00e1tica en torno al 31 de octubre llama mucho la atenci\u00f3n del alumnado y les motiva, facilitando la realizaci\u00f3n de actividades en torno a la animaci\u00f3n a la lectura.<\/p>\n<p>Adem\u00e1s de lo dicho, en Infantil se ha desarrollado \u00abTalleres de Recetas Terror\u00edficas\u00bb en los que han disfrutado mucho experimentando con la comida en colaboraci\u00f3n con las familias. Tanto en Infantil como en Primaria, se han decorado las clases y el mi\u00e9rcoles se disfrazaron para tomar desayunos terror\u00edficos.<\/p>\n<p>Por \u00faltimo agradecer la colaboraci\u00f3n del profesorado, en especial a los maestros que se disfrazaron y a las familias que participaron en la decoraci\u00f3n y en los desayunos.<\/p>\n<p><a href=\"https:\/\/photos.app.goo.gl\/zGPn5j2ewtXoRmkC8\" target=\"_blank\" rel=\"noopener\">Pincha para ver las fotos del LEO&nbsp; DE MIEDO<\/a><\/p>\n<p><a href=\"https:\/\/photos.app.goo.gl\/YcxpBjRWdgBNsPDc8\" target=\"_blank\" rel=\"noopener\">Pincha para ver las fotos de Recetas Terror\u00edficas Infantil<\/a><\/p>\n<p><a href=\"https:\/\/photos.app.goo.gl\/YRq3XCV8bFxZRdgf8\" target=\"_blank\" rel=\"noopener\">Pincha para ver las fotos de decoraci\u00f3n y desayunos en clase<\/a><\/p>\n<p><a href=\"https:\/\/photos.app.goo.gl\/iGS6Tw6SysQDEx3b6\" target=\"_blank\" rel=\"noopener\">Pincha para ver las fotos del taller de farolillos<\/a><\/p>\n<p>\u00a1\u00a1\u00a1HAPPY&nbsp; HALLOWEEN!!<\/p>\n<p>\u00a1\u00a1FELIZ D\u00cdA DE TODOS LOS SANTOS!!<\/p>\n<p>&nbsp;<\/p>\n<p>&nbsp;<\/p>\n<p>&nbsp;<\/p>\n<p>&nbsp;<\/p>\n","protected":false},"excerpt":{"rendered":"<p>Otro curso m\u00e1s nos hemos embarcado en la espeluznante aventura que supone celebrar otra edici\u00f3n del \u00abLeo de Miedo\u00bb organizado desde la biblioteca del Centro. Esta ha sido la sexta edici\u00f3n y como en&#46;&#46;&#46;<\/p>\n","protected":false},"author":2340,"featured_media":4321,"comment_status":"closed","ping_status":"closed","sticky":false,"template":"","format":"standard","meta":{"ngg_post_thumbnail":0,"footnotes":""},"categories":[526],"tags":[],"aioseo_notices":[],"_links":{"self":[{"href":"https:\/\/blogsaverroes.juntadeandalucia.es\/cpvvamesia\/wp-json\/wp\/v2\/posts\/4320"}],"collection":[{"href":"https:\/\/blogsaverroes.juntadeandalucia.es\/cpvvamesia\/wp-json\/wp\/v2\/posts"}],"about":[{"href":"https:\/\/blogsaverroes.juntadeandalucia.es\/cpvvamesia\/wp-json\/wp\/v2\/types\/post"}],"author":[{"embeddable":true,"href":"https:\/\/blogsaverroes.juntadeandalucia.es\/cpvvamesia\/wp-json\/wp\/v2\/users\/2340"}],"replies":[{"embeddable":true,"href":"https:\/\/blogsaverroes.juntadeandalucia.es\/cpvvamesia\/wp-json\/wp\/v2\/comments?post=4320"}],"version-history":[{"count":4,"href":"https:\/\/blogsaverroes.juntadeandalucia.es\/cpvvamesia\/wp-json\/wp\/v2\/posts\/4320\/revisions"}],"predecessor-version":[{"id":4325,"href":"https:\/\/blogsaverroes.juntadeandalucia.es\/cpvvamesia\/wp-json\/wp\/v2\/posts\/4320\/revisions\/4325"}],"wp:featuredmedia":[{"embeddable":true,"href":"https:\/\/blogsaverroes.juntadeandalucia.es\/cpvvamesia\/wp-json\/wp\/v2\/media\/4321"}],"wp:attachment":[{"href":"https:\/\/blogsaverroes.juntadeandalucia.es\/cpvvamesia\/wp-json\/wp\/v2\/media?parent=4320"}],"wp:term":[{"taxonomy":"category","embeddable":true,"href":"https:\/\/blogsaverroes.juntadeandalucia.es\/cpvvamesia\/wp-json\/wp\/v2\/categories?post=4320"},{"taxonomy":"post_tag","embeddable":true,"href":"https:\/\/blogsaverroes.juntadeandalucia.es\/cpvvamesia\/wp-json\/wp\/v2\/tags?post=4320"}],"curies":[{"name":"wp","href":"https:\/\/api.w.org\/{rel}","templated":true}]}}