{"id":4505,"date":"2019-05-07T15:35:49","date_gmt":"2019-05-07T14:35:49","guid":{"rendered":"http:\/\/blogsaverroes.juntadeandalucia.es\/cpvvamesia\/?p=4505"},"modified":"2019-05-07T15:35:49","modified_gmt":"2019-05-07T14:35:49","slug":"visitamos-amazonia","status":"publish","type":"post","link":"https:\/\/blogsaverroes.juntadeandalucia.es\/cpvvamesia\/2019\/05\/07\/visitamos-amazonia\/","title":{"rendered":"\u00a1VISITAMOS AMAZONIA!"},"content":{"rendered":"<p>El alumnado de 1\u00ba a 6\u00ba de Primaria pasaron ayer una divertida e inolvidable ma\u00f1ana en el Parque Aventura Amazonia en V\u00edznar. All\u00ed realizaron actividades deportivas entre los \u00e1rboles, mezclando los juegos con la naturaleza, disfrutando as\u00ed de una jornada diferente entre plataformas, tirolinas y puentes colgantes.<\/p>\n<p>Gracias a Diputaci\u00f3n de Granada por ofrecernos la actividad m\u00e1s econ\u00f3mica con la entrada y un autob\u00fas. Tuvieron el detalle de regalar a cada ni\u00f1o\/a un pa\u00f1uelo para hacer senderismo en la naturaleza.<\/p>\n<p>Para ver todas las fotos <a href=\"https:\/\/photos.app.goo.gl\/YWArzudKDtRYiFCS6\" target=\"_blank\" rel=\"noopener\">PINCHA AQU\u00cd<\/a><\/p>\n","protected":false},"excerpt":{"rendered":"<p>El alumnado de 1\u00ba a 6\u00ba de Primaria pasaron ayer una divertida e inolvidable ma\u00f1ana en el Parque Aventura Amazonia en V\u00edznar. All\u00ed realizaron actividades deportivas entre los \u00e1rboles, mezclando los juegos con la&#46;&#46;&#46;<\/p>\n","protected":false},"author":2340,"featured_media":4507,"comment_status":"closed","ping_status":"closed","sticky":false,"template":"","format":"standard","meta":{"ngg_post_thumbnail":0,"footnotes":""},"categories":[25490,25494,25495,25496,526],"tags":[],"aioseo_notices":[],"_links":{"self":[{"href":"https:\/\/blogsaverroes.juntadeandalucia.es\/cpvvamesia\/wp-json\/wp\/v2\/posts\/4505"}],"collection":[{"href":"https:\/\/blogsaverroes.juntadeandalucia.es\/cpvvamesia\/wp-json\/wp\/v2\/posts"}],"about":[{"href":"https:\/\/blogsaverroes.juntadeandalucia.es\/cpvvamesia\/wp-json\/wp\/v2\/types\/post"}],"author":[{"embeddable":true,"href":"https:\/\/blogsaverroes.juntadeandalucia.es\/cpvvamesia\/wp-json\/wp\/v2\/users\/2340"}],"replies":[{"embeddable":true,"href":"https:\/\/blogsaverroes.juntadeandalucia.es\/cpvvamesia\/wp-json\/wp\/v2\/comments?post=4505"}],"version-history":[{"count":2,"href":"https:\/\/blogsaverroes.juntadeandalucia.es\/cpvvamesia\/wp-json\/wp\/v2\/posts\/4505\/revisions"}],"predecessor-version":[{"id":4509,"href":"https:\/\/blogsaverroes.juntadeandalucia.es\/cpvvamesia\/wp-json\/wp\/v2\/posts\/4505\/revisions\/4509"}],"wp:featuredmedia":[{"embeddable":true,"href":"https:\/\/blogsaverroes.juntadeandalucia.es\/cpvvamesia\/wp-json\/wp\/v2\/media\/4507"}],"wp:attachment":[{"href":"https:\/\/blogsaverroes.juntadeandalucia.es\/cpvvamesia\/wp-json\/wp\/v2\/media?parent=4505"}],"wp:term":[{"taxonomy":"category","embeddable":true,"href":"https:\/\/blogsaverroes.juntadeandalucia.es\/cpvvamesia\/wp-json\/wp\/v2\/categories?post=4505"},{"taxonomy":"post_tag","embeddable":true,"href":"https:\/\/blogsaverroes.juntadeandalucia.es\/cpvvamesia\/wp-json\/wp\/v2\/tags?post=4505"}],"curies":[{"name":"wp","href":"https:\/\/api.w.org\/{rel}","templated":true}]}}