{"id":4799,"date":"2021-01-30T11:34:30","date_gmt":"2021-01-30T10:34:30","guid":{"rendered":"http:\/\/blogsaverroes.juntadeandalucia.es\/cpvvamesia\/?p=4799"},"modified":"2021-01-30T11:34:30","modified_gmt":"2021-01-30T10:34:30","slug":"dia-de-la-constitucion-3","status":"publish","type":"post","link":"https:\/\/blogsaverroes.juntadeandalucia.es\/cpvvamesia\/2021\/01\/30\/dia-de-la-constitucion-3\/","title":{"rendered":"\u00a1D\u00cdA DE LA CONSTITUCI\u00d3N!"},"content":{"rendered":"<p><strong>4 DE DICIEMBRE: D\u00cdA DE LA CONSTITUCI\u00d3N<\/strong><\/p>\n<p>&nbsp;<\/p>\n<p>El \u00abD\u00eda de la Constituci\u00f3n\u00bb es una de las celebraciones que cada a\u00f1o llevamos a cabo en el Centro con la participaci\u00f3n de toda la comunidad educativa, este curso dicha celebraci\u00f3n se ha adaptado a las circunstancias que estamos viviendo.<\/p>\n<p>Cada ciclo ha seleccionado actividades para que el alumnado tenga claro lo que celebramos y el motivo de dicha conmemoraci\u00f3n.<\/p>\n<p>As\u00ed que hemos contado cuentos, escuchado canciones y coloreado dibujos con la bandera. Los m\u00e1s mayores han escuchado el himno, han estudiado el funcionamiento del estado democr\u00e1tico en el que vivimos y han creado su propia constituci\u00f3n.<\/p>\n<p>El pr\u00f3ximo curso esperamos poder volver a escuchar el himno interpretado por los alumnos mayores con ganas e ilusi\u00f3n.<\/p>\n<p><strong>\u00a1\u00a1FELIZ D\u00cdA DE LA CONSTITUCI\u00d3N!!<\/strong><\/p>\n<p>Para ver las fotos <a href=\"https:\/\/photos.app.goo.gl\/5kbcJy2VDLoNZTYB8\" target=\"_blank\" rel=\"noopener noreferrer\">PINCHA AQU\u00cd<\/a><\/p>\n","protected":false},"excerpt":{"rendered":"<p>4 DE DICIEMBRE: D\u00cdA DE LA CONSTITUCI\u00d3N &nbsp; El \u00abD\u00eda de la Constituci\u00f3n\u00bb es una de las celebraciones que cada a\u00f1o llevamos a cabo en el Centro con la participaci\u00f3n de toda la comunidad&#46;&#46;&#46;<\/p>\n","protected":false},"author":2340,"featured_media":4791,"comment_status":"closed","ping_status":"closed","sticky":false,"template":"","format":"standard","meta":{"ngg_post_thumbnail":0,"footnotes":""},"categories":[526],"tags":[],"aioseo_notices":[],"_links":{"self":[{"href":"https:\/\/blogsaverroes.juntadeandalucia.es\/cpvvamesia\/wp-json\/wp\/v2\/posts\/4799"}],"collection":[{"href":"https:\/\/blogsaverroes.juntadeandalucia.es\/cpvvamesia\/wp-json\/wp\/v2\/posts"}],"about":[{"href":"https:\/\/blogsaverroes.juntadeandalucia.es\/cpvvamesia\/wp-json\/wp\/v2\/types\/post"}],"author":[{"embeddable":true,"href":"https:\/\/blogsaverroes.juntadeandalucia.es\/cpvvamesia\/wp-json\/wp\/v2\/users\/2340"}],"replies":[{"embeddable":true,"href":"https:\/\/blogsaverroes.juntadeandalucia.es\/cpvvamesia\/wp-json\/wp\/v2\/comments?post=4799"}],"version-history":[{"count":2,"href":"https:\/\/blogsaverroes.juntadeandalucia.es\/cpvvamesia\/wp-json\/wp\/v2\/posts\/4799\/revisions"}],"predecessor-version":[{"id":4801,"href":"https:\/\/blogsaverroes.juntadeandalucia.es\/cpvvamesia\/wp-json\/wp\/v2\/posts\/4799\/revisions\/4801"}],"wp:featuredmedia":[{"embeddable":true,"href":"https:\/\/blogsaverroes.juntadeandalucia.es\/cpvvamesia\/wp-json\/wp\/v2\/media\/4791"}],"wp:attachment":[{"href":"https:\/\/blogsaverroes.juntadeandalucia.es\/cpvvamesia\/wp-json\/wp\/v2\/media?parent=4799"}],"wp:term":[{"taxonomy":"category","embeddable":true,"href":"https:\/\/blogsaverroes.juntadeandalucia.es\/cpvvamesia\/wp-json\/wp\/v2\/categories?post=4799"},{"taxonomy":"post_tag","embeddable":true,"href":"https:\/\/blogsaverroes.juntadeandalucia.es\/cpvvamesia\/wp-json\/wp\/v2\/tags?post=4799"}],"curies":[{"name":"wp","href":"https:\/\/api.w.org\/{rel}","templated":true}]}}