{"id":4851,"date":"2021-03-25T08:45:07","date_gmt":"2021-03-25T07:45:07","guid":{"rendered":"http:\/\/blogsaverroes.juntadeandalucia.es\/cpvvamesia\/?p=4851"},"modified":"2021-03-25T08:45:07","modified_gmt":"2021-03-25T07:45:07","slug":"miramos-con-igualdad","status":"publish","type":"post","link":"https:\/\/blogsaverroes.juntadeandalucia.es\/cpvvamesia\/2021\/03\/25\/miramos-con-igualdad\/","title":{"rendered":"\u00a1MIRAMOS CON IGUALDAD!"},"content":{"rendered":"<p align=\"CENTER\"><span style=\"font-family: Cambria, serif\"><span style=\"font-size: xx-large\">8 de Marzo: Miramos con Igualdad<\/span><\/span><\/p>\n<p><span style=\"font-family: Cambria, serif\"><span style=\"font-size: large\">El D\u00eda de la Mujer es una de esas fechas que celebramos creyendo en la igualdad de oportunidades entre hombres y mujeres, ni\u00f1os y ni\u00f1as.<\/span><\/span><\/p>\n<p><span style=\"font-family: Cambria, serif\"><span style=\"font-size: large\">Este curso nos hemos unido a la campa\u00f1a \u201cEn Villanueva Miramos con Igualdad\u201d, porque creemos que es importante contemplar las cosas que hacemos a diario desde la perspectiva de la igualdad.<\/span><\/span><\/p>\n<p><span style=\"font-family: Cambria, serif\"><span style=\"font-size: large\">Dentro de esta campa\u00f1a cada alumno\/a ha decorado sus gafas moradas que eliminaban las diferencias.<\/span><\/span><\/p>\n<p><span style=\"font-family: Cambria, serif\"><span style=\"font-size: large\">Adem\u00e1s de las gafas en colaboraci\u00f3n con la Asociaci\u00f3n de Mujeres Qui\u00e9rete hemos trabajado biograf\u00edas de mujeres importantes basada en las historias recogidas en el libro \u201cCuentos de Buenas Noches para Ni\u00f1as Rebeldes\u201d. <\/span><\/span><\/p>\n<p><span style=\"font-family: Cambria, serif\"><span style=\"font-size: large\">Los mayores han ido pasando por el porche para ver la exposici\u00f3n de carteles y completar las fichas sobre la mujer que m\u00e1s les haya llamado la atenci\u00f3n.<\/span><\/span><\/p>\n<p><span style=\"font-family: Cambria, serif\"><span style=\"font-size: large\">Los m\u00e1s peque\u00f1os han podido escuchar las historias y el cuanto que cerraba loas biograf\u00edas.<\/span><\/span><\/p>\n<p><span style=\"font-family: Cambria, serif\"><span style=\"font-size: large\">Agradecer al Ayuntamiento y a la Asociaci\u00f3n Qui\u00e9rete una vez m\u00e1s su colaboraci\u00f3n adapt\u00e1ndose a las circunstancias actuales, a la maestra \u00c1ngela las bonitas gafas que ha elaborado para los ciclos y al resto del profesorado su implicaci\u00f3n una vez m\u00e1s en la realizaci\u00f3n de las actividades.<\/span><\/span><\/p>\n<p><span style=\"font-family: Cambria, serif\"><span style=\"font-size: large\">No debemos olvidar que las diferencias est\u00e1n en los ojos de quien mira, ojal\u00e1 en un futuro pr\u00f3ximo tod@s miremos con igualdad.<\/span><\/span><\/p>\n<p>Para ver todas las fotos <a href=\"https:\/\/photos.app.goo.gl\/uAJ7Jqf17UoanHAZA\" target=\"_blank\" rel=\"noopener noreferrer\">PINCHA AQU\u00cd<\/a><\/p>\n","protected":false},"excerpt":{"rendered":"<p>8 de Marzo: Miramos con Igualdad El D\u00eda de la Mujer es una de esas fechas que celebramos creyendo en la igualdad de oportunidades entre hombres y mujeres, ni\u00f1os y ni\u00f1as. Este curso nos&#46;&#46;&#46;<\/p>\n","protected":false},"author":2340,"featured_media":4852,"comment_status":"closed","ping_status":"closed","sticky":false,"template":"","format":"standard","meta":{"ngg_post_thumbnail":0,"footnotes":""},"categories":[526],"tags":[],"aioseo_notices":[],"_links":{"self":[{"href":"https:\/\/blogsaverroes.juntadeandalucia.es\/cpvvamesia\/wp-json\/wp\/v2\/posts\/4851"}],"collection":[{"href":"https:\/\/blogsaverroes.juntadeandalucia.es\/cpvvamesia\/wp-json\/wp\/v2\/posts"}],"about":[{"href":"https:\/\/blogsaverroes.juntadeandalucia.es\/cpvvamesia\/wp-json\/wp\/v2\/types\/post"}],"author":[{"embeddable":true,"href":"https:\/\/blogsaverroes.juntadeandalucia.es\/cpvvamesia\/wp-json\/wp\/v2\/users\/2340"}],"replies":[{"embeddable":true,"href":"https:\/\/blogsaverroes.juntadeandalucia.es\/cpvvamesia\/wp-json\/wp\/v2\/comments?post=4851"}],"version-history":[{"count":1,"href":"https:\/\/blogsaverroes.juntadeandalucia.es\/cpvvamesia\/wp-json\/wp\/v2\/posts\/4851\/revisions"}],"predecessor-version":[{"id":4853,"href":"https:\/\/blogsaverroes.juntadeandalucia.es\/cpvvamesia\/wp-json\/wp\/v2\/posts\/4851\/revisions\/4853"}],"wp:featuredmedia":[{"embeddable":true,"href":"https:\/\/blogsaverroes.juntadeandalucia.es\/cpvvamesia\/wp-json\/wp\/v2\/media\/4852"}],"wp:attachment":[{"href":"https:\/\/blogsaverroes.juntadeandalucia.es\/cpvvamesia\/wp-json\/wp\/v2\/media?parent=4851"}],"wp:term":[{"taxonomy":"category","embeddable":true,"href":"https:\/\/blogsaverroes.juntadeandalucia.es\/cpvvamesia\/wp-json\/wp\/v2\/categories?post=4851"},{"taxonomy":"post_tag","embeddable":true,"href":"https:\/\/blogsaverroes.juntadeandalucia.es\/cpvvamesia\/wp-json\/wp\/v2\/tags?post=4851"}],"curies":[{"name":"wp","href":"https:\/\/api.w.org\/{rel}","templated":true}]}}