{"id":5466,"date":"2024-07-03T11:15:57","date_gmt":"2024-07-03T10:15:57","guid":{"rendered":"https:\/\/blogsaverroes.juntadeandalucia.es\/cpvvamesia\/?p=5466"},"modified":"2024-07-03T11:15:57","modified_gmt":"2024-07-03T10:15:57","slug":"programa-mas-equidad-inclusion","status":"publish","type":"post","link":"https:\/\/blogsaverroes.juntadeandalucia.es\/cpvvamesia\/2024\/07\/03\/programa-mas-equidad-inclusion\/","title":{"rendered":"\u00a1PROGRAMA M\u00c1S EQUIDAD INCLUSI\u00d3N!"},"content":{"rendered":"<p align=\"CENTER\"><span style=\"font-family: Cambria, serif\"><span style=\"font-size: large\"><b>PROGRAMA M\u00c1S EQUIDAD INCLUSI\u00d3N<\/b><\/span><\/span><\/p>\n<p align=\"JUSTIFY\"><span style=\"font-family: Cambria, serif\"><span style=\"font-size: large\">Este curso al igual que el pasado hemos vuelto a participar en el Programa M\u00e1s Equidad, cuyo objetivo principal es potenciar la cultura inclusiva y mejorar el grado de adquisici\u00f3n de competencias a trav\u00e9s de la mejora de los recursos materiales y personales del Aula Espec\u00edfica.<\/span><\/span><\/p>\n<p align=\"JUSTIFY\"><span style=\"font-family: Cambria, serif\"><span style=\"font-size: large\">Se parte de actitudes como la autonom\u00eda, la responsabilidad, el respeto y el trabajo en equipo, bajo los principios de la atenci\u00f3n a la diversidad y la igualdad de g\u00e9nero.<\/span><\/span><\/p>\n<p align=\"JUSTIFY\"><span style=\"font-family: Cambria, serif\"><span style=\"font-size: large\">El curso pasado creamos el rinc\u00f3n multisensorial del Aula Espec\u00edfica y este curso nos hemos centrado en fomentar la inclusi\u00f3n durante los recreos. Es importante lograr que el alumnado con N.E.E. se integre y forme parte, de los juegos y las din\u00e1micas que se establezcan en el patio.<\/span><\/span><\/p>\n<p align=\"JUSTIFY\"><span style=\"font-family: Cambria, serif\"><span style=\"font-size: large\">Se han desarrollado una serie de sesiones en las que ha participado Marina alumna del Aula Espec\u00edfica junto con el alumnado del resto de grupos en los que se integra y con los que interact\u00faa en el patio.<\/span><\/span><\/p>\n<p align=\"JUSTIFY\"><span style=\"font-family: Cambria, serif\"><span style=\"font-size: large\">As\u00ed hemos conseguido realizar juegos en un entorno m\u00e1s adaptado y motivante para el alumnado.<\/span><\/span><\/p>\n<p align=\"JUSTIFY\"><span style=\"font-family: Cambria, serif\"><span style=\"font-size: large\">Poco a poco vamos creando entornos y actitudes inclusivas en el alumnado.<\/span><\/span><\/p>\n<p align=\"CENTER\"><span style=\"font-family: Cambria, serif\"><span style=\"font-size: large\"><b>\u00a1\u00a1JUNT@S ES MEJOR!!<\/b><\/span><\/span><\/p>\n<p style=\"text-align: left\" align=\"CENTER\">Para ver todas las fotos <a href=\"https:\/\/photos.app.goo.gl\/hZngAeUP9nPzrVEn6\" target=\"_blank\" rel=\"noopener\">PINCHA AQU\u00cd<\/a><\/p>\n","protected":false},"excerpt":{"rendered":"<p>PROGRAMA M\u00c1S EQUIDAD INCLUSI\u00d3N Este curso al igual que el pasado hemos vuelto a participar en el Programa M\u00e1s Equidad, cuyo objetivo principal es potenciar la cultura inclusiva y mejorar el grado de adquisici\u00f3n&#46;&#46;&#46;<\/p>\n","protected":false},"author":2340,"featured_media":5467,"comment_status":"closed","ping_status":"closed","sticky":false,"template":"","format":"standard","meta":{"ngg_post_thumbnail":0,"footnotes":""},"categories":[526],"tags":[],"aioseo_notices":[],"_links":{"self":[{"href":"https:\/\/blogsaverroes.juntadeandalucia.es\/cpvvamesia\/wp-json\/wp\/v2\/posts\/5466"}],"collection":[{"href":"https:\/\/blogsaverroes.juntadeandalucia.es\/cpvvamesia\/wp-json\/wp\/v2\/posts"}],"about":[{"href":"https:\/\/blogsaverroes.juntadeandalucia.es\/cpvvamesia\/wp-json\/wp\/v2\/types\/post"}],"author":[{"embeddable":true,"href":"https:\/\/blogsaverroes.juntadeandalucia.es\/cpvvamesia\/wp-json\/wp\/v2\/users\/2340"}],"replies":[{"embeddable":true,"href":"https:\/\/blogsaverroes.juntadeandalucia.es\/cpvvamesia\/wp-json\/wp\/v2\/comments?post=5466"}],"version-history":[{"count":1,"href":"https:\/\/blogsaverroes.juntadeandalucia.es\/cpvvamesia\/wp-json\/wp\/v2\/posts\/5466\/revisions"}],"predecessor-version":[{"id":5468,"href":"https:\/\/blogsaverroes.juntadeandalucia.es\/cpvvamesia\/wp-json\/wp\/v2\/posts\/5466\/revisions\/5468"}],"wp:featuredmedia":[{"embeddable":true,"href":"https:\/\/blogsaverroes.juntadeandalucia.es\/cpvvamesia\/wp-json\/wp\/v2\/media\/5467"}],"wp:attachment":[{"href":"https:\/\/blogsaverroes.juntadeandalucia.es\/cpvvamesia\/wp-json\/wp\/v2\/media?parent=5466"}],"wp:term":[{"taxonomy":"category","embeddable":true,"href":"https:\/\/blogsaverroes.juntadeandalucia.es\/cpvvamesia\/wp-json\/wp\/v2\/categories?post=5466"},{"taxonomy":"post_tag","embeddable":true,"href":"https:\/\/blogsaverroes.juntadeandalucia.es\/cpvvamesia\/wp-json\/wp\/v2\/tags?post=5466"}],"curies":[{"name":"wp","href":"https:\/\/api.w.org\/{rel}","templated":true}]}}