{"id":5558,"date":"2026-04-22T12:38:56","date_gmt":"2026-04-22T11:38:56","guid":{"rendered":"https:\/\/blogsaverroes.juntadeandalucia.es\/cpvvamesia\/?p=5558"},"modified":"2026-04-22T12:38:56","modified_gmt":"2026-04-22T11:38:56","slug":"proyecto-intergeneracional","status":"publish","type":"post","link":"https:\/\/blogsaverroes.juntadeandalucia.es\/cpvvamesia\/2026\/04\/22\/proyecto-intergeneracional\/","title":{"rendered":"Proyecto Intergeneracional"},"content":{"rendered":"<p>Desde el SEP Mex\u00eda nos han invitado a participar en un proyecto intergeneracional con nuestro alumnado. Todos los martes se realizar\u00e1n rutas de senderismo intergeneracional y un d\u00eda&nbsp; a la semana el alumnado desde Infantil ir\u00e1n al taller de jab\u00f3n. El alumnado de Infantil de 5 a\u00f1os, fueron los primeros en ir a ver el taller de jab\u00f3n. Estuvieron viendo y ayudando a la realizaci\u00f3n de jab\u00f3n casero, desde la mezcla de ingredientes hasta el corte final del mismo, as\u00ed como deleitaron a los mayores con canciones. El alumnado de 2\u00aa ESO fueron los primeros en realizar la ruta de senderismo, ruta que les llev\u00f3 hasta el barranco de Barcazas, desde donde observaron el cortijo que tiene el mismo nombre.<\/p>\n<p>Enlace a <a href=\"https:\/\/photos.app.goo.gl\/k6a9GdKao4Ri9e7J9\" target=\"_blank\" rel=\"noopener\">fotos de la ruta<\/a><\/p>\n<p>Enlace a <a href=\"https:\/\/photos.app.goo.gl\/hrCsKgEDRVdEuDYy9\" target=\"_blank\" rel=\"noopener\">fotos taller de jab\u00f3n<\/a><\/p>\n","protected":false},"excerpt":{"rendered":"<p>Desde el SEP Mex\u00eda nos han invitado a participar en un proyecto intergeneracional con nuestro alumnado. Todos los martes se realizar\u00e1n rutas de senderismo intergeneracional y un d\u00eda&nbsp; a la semana el alumnado desde&#46;&#46;&#46;<\/p>\n","protected":false},"author":2340,"featured_media":5560,"comment_status":"closed","ping_status":"closed","sticky":false,"template":"","format":"standard","meta":{"ngg_post_thumbnail":0,"footnotes":""},"categories":[526],"tags":[],"aioseo_notices":[],"_links":{"self":[{"href":"https:\/\/blogsaverroes.juntadeandalucia.es\/cpvvamesia\/wp-json\/wp\/v2\/posts\/5558"}],"collection":[{"href":"https:\/\/blogsaverroes.juntadeandalucia.es\/cpvvamesia\/wp-json\/wp\/v2\/posts"}],"about":[{"href":"https:\/\/blogsaverroes.juntadeandalucia.es\/cpvvamesia\/wp-json\/wp\/v2\/types\/post"}],"author":[{"embeddable":true,"href":"https:\/\/blogsaverroes.juntadeandalucia.es\/cpvvamesia\/wp-json\/wp\/v2\/users\/2340"}],"replies":[{"embeddable":true,"href":"https:\/\/blogsaverroes.juntadeandalucia.es\/cpvvamesia\/wp-json\/wp\/v2\/comments?post=5558"}],"version-history":[{"count":1,"href":"https:\/\/blogsaverroes.juntadeandalucia.es\/cpvvamesia\/wp-json\/wp\/v2\/posts\/5558\/revisions"}],"predecessor-version":[{"id":5559,"href":"https:\/\/blogsaverroes.juntadeandalucia.es\/cpvvamesia\/wp-json\/wp\/v2\/posts\/5558\/revisions\/5559"}],"wp:featuredmedia":[{"embeddable":true,"href":"https:\/\/blogsaverroes.juntadeandalucia.es\/cpvvamesia\/wp-json\/wp\/v2\/media\/5560"}],"wp:attachment":[{"href":"https:\/\/blogsaverroes.juntadeandalucia.es\/cpvvamesia\/wp-json\/wp\/v2\/media?parent=5558"}],"wp:term":[{"taxonomy":"category","embeddable":true,"href":"https:\/\/blogsaverroes.juntadeandalucia.es\/cpvvamesia\/wp-json\/wp\/v2\/categories?post=5558"},{"taxonomy":"post_tag","embeddable":true,"href":"https:\/\/blogsaverroes.juntadeandalucia.es\/cpvvamesia\/wp-json\/wp\/v2\/tags?post=5558"}],"curies":[{"name":"wp","href":"https:\/\/api.w.org\/{rel}","templated":true}]}}