{"id":5218,"date":"2026-03-07T13:55:23","date_gmt":"2026-03-07T12:55:23","guid":{"rendered":"https:\/\/blogsaverroes.juntadeandalucia.es\/cristoballuqueonieva\/?p=5218"},"modified":"2026-03-07T13:55:23","modified_gmt":"2026-03-07T12:55:23","slug":"manos-de-barro","status":"publish","type":"post","link":"https:\/\/blogsaverroes.juntadeandalucia.es\/cristoballuqueonieva\/manos-de-barro\/","title":{"rendered":"MANOS DE BARRO"},"content":{"rendered":"<p>\u00a1Manos de barro, corazones contentos! \ud83c\udffa\ud83d\udce6\u2728<\/p>\n<p>El pasado viernes 6 de marzo, nuestro alumnado de 1\u00ba Ciclo vivi\u00f3 una jornada inolvidable en el Alfar Escuela de La Rambla. Fue un d\u00eda de pura creaci\u00f3n donde trabajaron como aut\u00e9nticos artesanos en tres talleres incre\u00edbles:<\/p>\n<p>1\ufe0f\u20e3 Taller de Torno: \u00a1La magia de ver c\u00f3mo el barro sube y baja entre sus dedos!<br \/>\n2\ufe0f\u20e3 Taller de Modelado: Creando con sus propias manos diferentes jarrones, copas, penitentes&#8230; \ud83d\udc50<br \/>\n3\ufe0f\u20e3 Taller de Decoraci\u00f3n: D\u00e1ndole color y personalidad a sus propios lapiceros. \ud83c\udfa8<\/p>\n<p>El momento m\u00e1s emocionante fue la vuelta: verlos bajar del autob\u00fas cargando con cuidado sus cajas de cart\u00f3n, protegiendo sus obras de arte como aut\u00e9nticos tesoros. \u00a1Ven\u00edan radiantes y deseando ense\u00f1ar a todo el mundo lo que hab\u00edan sido capaces de hacer! \ud83e\udd29\ud83d\ude4c<\/p>\n<p>Gracias al equipo del Alfar Escuela por tratarnos tan bien y por permitir que nuestros ni\u00f1os y ni\u00f1as conecten de esta forma tan bonita con nuestras tradiciones.<\/p>\n<div style=\"width: 478px;\" class=\"wp-video\"><!--[if lt IE 9]><script>document.createElement('video');<\/script><![endif]-->\n<video class=\"wp-video-shortcode\" id=\"video-5218-1\" width=\"478\" height=\"850\" preload=\"metadata\" controls=\"controls\"><source type=\"video\/mp4\" src=\"https:\/\/blogsaverroes.juntadeandalucia.es\/cristoballuqueonieva\/files\/2026\/03\/ALFARERIA-LA-RAMBLA.mp4?_=1\" \/><a href=\"https:\/\/blogsaverroes.juntadeandalucia.es\/cristoballuqueonieva\/files\/2026\/03\/ALFARERIA-LA-RAMBLA.mp4\">https:\/\/blogsaverroes.juntadeandalucia.es\/cristoballuqueonieva\/files\/2026\/03\/ALFARERIA-LA-RAMBLA.mp4<\/a><\/video><\/div>\n","protected":false},"excerpt":{"rendered":"<p>\u00a1Manos de barro, corazones contentos! \ud83c\udffa\ud83d\udce6\u2728 El pasado viernes 6 de marzo, nuestro alumnado de 1\u00ba Ciclo vivi\u00f3 una jornada inolvidable en el Alfar Escuela de La Rambla. Fue un d\u00eda de pura creaci\u00f3n&#46;&#46;&#46;<\/p>\n","protected":false},"author":1829,"featured_media":5220,"comment_status":"open","ping_status":"open","sticky":false,"template":"","format":"standard","meta":{"ngg_post_thumbnail":0,"footnotes":""},"categories":[25494,526],"tags":[],"aioseo_notices":[],"_links":{"self":[{"href":"https:\/\/blogsaverroes.juntadeandalucia.es\/cristoballuqueonieva\/wp-json\/wp\/v2\/posts\/5218"}],"collection":[{"href":"https:\/\/blogsaverroes.juntadeandalucia.es\/cristoballuqueonieva\/wp-json\/wp\/v2\/posts"}],"about":[{"href":"https:\/\/blogsaverroes.juntadeandalucia.es\/cristoballuqueonieva\/wp-json\/wp\/v2\/types\/post"}],"author":[{"embeddable":true,"href":"https:\/\/blogsaverroes.juntadeandalucia.es\/cristoballuqueonieva\/wp-json\/wp\/v2\/users\/1829"}],"replies":[{"embeddable":true,"href":"https:\/\/blogsaverroes.juntadeandalucia.es\/cristoballuqueonieva\/wp-json\/wp\/v2\/comments?post=5218"}],"version-history":[{"count":1,"href":"https:\/\/blogsaverroes.juntadeandalucia.es\/cristoballuqueonieva\/wp-json\/wp\/v2\/posts\/5218\/revisions"}],"predecessor-version":[{"id":5221,"href":"https:\/\/blogsaverroes.juntadeandalucia.es\/cristoballuqueonieva\/wp-json\/wp\/v2\/posts\/5218\/revisions\/5221"}],"wp:featuredmedia":[{"embeddable":true,"href":"https:\/\/blogsaverroes.juntadeandalucia.es\/cristoballuqueonieva\/wp-json\/wp\/v2\/media\/5220"}],"wp:attachment":[{"href":"https:\/\/blogsaverroes.juntadeandalucia.es\/cristoballuqueonieva\/wp-json\/wp\/v2\/media?parent=5218"}],"wp:term":[{"taxonomy":"category","embeddable":true,"href":"https:\/\/blogsaverroes.juntadeandalucia.es\/cristoballuqueonieva\/wp-json\/wp\/v2\/categories?post=5218"},{"taxonomy":"post_tag","embeddable":true,"href":"https:\/\/blogsaverroes.juntadeandalucia.es\/cristoballuqueonieva\/wp-json\/wp\/v2\/tags?post=5218"}],"curies":[{"name":"wp","href":"https:\/\/api.w.org\/{rel}","templated":true}]}}