{"id":1412,"date":"2023-06-16T09:54:56","date_gmt":"2023-06-16T08:54:56","guid":{"rendered":"https:\/\/blogsaverroes.juntadeandalucia.es\/cruzrojanormanbethune\/?p=1412"},"modified":"2023-06-16T13:06:15","modified_gmt":"2023-06-16T12:06:15","slug":"1412-2","status":"publish","type":"post","link":"https:\/\/blogsaverroes.juntadeandalucia.es\/cruzrojanormanbethune\/1412-2\/","title":{"rendered":"Escolarizaci\u00f3n Ciclos Formativos de Grado Medio. Curso 2023\/2024"},"content":{"rendered":"<p><img loading=\"lazy\" decoding=\"async\" class=\"alignnone size-medium wp-image-1433\" src=\"https:\/\/blogsaverroes.juntadeandalucia.es\/cruzrojanormanbethune\/files\/2023\/06\/CARTEL-FP-2023-300x169.jpg\" alt=\"\" width=\"300\" height=\"169\"><\/p>\n<h3 class=\"panel-title\"><span style=\"font-size: 14pt\">Acceso a Admisi\u00f3n en ciclos formativos de grado medio de Formaci\u00f3n Profesional en oferta completa. Proc. Ordinario:<\/span><\/h3>\n<p><span style=\"font-size: 14pt\"><a href=\"https:\/\/www.juntadeandalucia.es\/educacion\/secretariavirtual\/accesoTramite\/308\/\" target=\"_blank\" rel=\"noopener noreferrer\">https:\/\/www.juntadeandalucia.es\/educacion\/secretariavirtual\/accesoTramite\/308\/<\/a><\/span><\/p>\n<p>&nbsp;<\/p>\n<p><span style=\"font-size: 14pt\">Calendarios de escolarizaci\u00f3n:<\/span><\/p>\n<p><span style=\"font-size: 14pt\"><a href=\"https:\/\/blogsaverroes.juntadeandalucia.es\/cruzrojanormanbethune\/files\/2023\/06\/Calendario_escolarizaci\u00f3n_GMGS.pdf\" target=\"_blank\" rel=\"noopener noreferrer\">Calendario escolarizaci\u00f3n 1\u00ba CFGM Curso 2023\/2024<\/a><\/span><\/p>\n<p>&nbsp;<\/p>\n<p><span style=\"font-size: 14pt\"><a href=\"https:\/\/blogsaverroes.juntadeandalucia.es\/cruzrojanormanbethune\/files\/2023\/06\/Calendario_escolarizaci\u00f3n_2\u00ba.pdf\" target=\"_blank\" rel=\"noopener noreferrer\">Calendario escolarizaci\u00f3n 2\u00ba CFGM Curso 2023\/2024<\/a><\/span><\/p>\n<p>&nbsp;<\/p>\n<p><span style=\"font-size: 14pt\">M\u00e1s informaci\u00f3n sobre la escolarizaci\u00f3n de Formaci\u00f3n Profesional:<\/span><\/p>\n<p><span style=\"font-size: 14pt\"><a href=\"https:\/\/www.juntadeandalucia.es\/educacion\/portales\/es\/web\/escolarizacion\/fp\" target=\"_blank\" rel=\"noopener noreferrer\">https:\/\/www.juntadeandalucia.es\/educacion\/portales\/es\/web\/escolarizacion\/fp<\/a><\/span><\/p>\n","protected":false},"excerpt":{"rendered":"<p>Acceso a Admisi\u00f3n en ciclos formativos de grado medio de Formaci\u00f3n Profesional en oferta completa. Proc. Ordinario: https:\/\/www.juntadeandalucia.es\/educacion\/secretariavirtual\/accesoTramite\/308\/ &nbsp; Calendarios de escolarizaci\u00f3n: Calendario escolarizaci\u00f3n 1\u00ba CFGM Curso 2023\/2024 &nbsp; Calendario escolarizaci\u00f3n 2\u00ba CFGM Curso 2023\/2024 &nbsp; M\u00e1s informaci\u00f3n sobre la escolarizaci\u00f3n de Formaci\u00f3n Profesional: https:\/\/www.juntadeandalucia.es\/educacion\/portales\/es\/web\/escolarizacion\/fp<\/p>\n","protected":false},"author":13795,"featured_media":0,"comment_status":"closed","ping_status":"open","sticky":false,"template":"","format":"standard","meta":{"_et_pb_use_builder":"","_et_pb_old_content":"","_et_gb_content_width":"","ngg_post_thumbnail":0,"footnotes":""},"categories":[6,4],"tags":[],"aioseo_notices":[],"_links":{"self":[{"href":"https:\/\/blogsaverroes.juntadeandalucia.es\/cruzrojanormanbethune\/wp-json\/wp\/v2\/posts\/1412"}],"collection":[{"href":"https:\/\/blogsaverroes.juntadeandalucia.es\/cruzrojanormanbethune\/wp-json\/wp\/v2\/posts"}],"about":[{"href":"https:\/\/blogsaverroes.juntadeandalucia.es\/cruzrojanormanbethune\/wp-json\/wp\/v2\/types\/post"}],"author":[{"embeddable":true,"href":"https:\/\/blogsaverroes.juntadeandalucia.es\/cruzrojanormanbethune\/wp-json\/wp\/v2\/users\/13795"}],"replies":[{"embeddable":true,"href":"https:\/\/blogsaverroes.juntadeandalucia.es\/cruzrojanormanbethune\/wp-json\/wp\/v2\/comments?post=1412"}],"version-history":[{"count":11,"href":"https:\/\/blogsaverroes.juntadeandalucia.es\/cruzrojanormanbethune\/wp-json\/wp\/v2\/posts\/1412\/revisions"}],"predecessor-version":[{"id":1436,"href":"https:\/\/blogsaverroes.juntadeandalucia.es\/cruzrojanormanbethune\/wp-json\/wp\/v2\/posts\/1412\/revisions\/1436"}],"wp:attachment":[{"href":"https:\/\/blogsaverroes.juntadeandalucia.es\/cruzrojanormanbethune\/wp-json\/wp\/v2\/media?parent=1412"}],"wp:term":[{"taxonomy":"category","embeddable":true,"href":"https:\/\/blogsaverroes.juntadeandalucia.es\/cruzrojanormanbethune\/wp-json\/wp\/v2\/categories?post=1412"},{"taxonomy":"post_tag","embeddable":true,"href":"https:\/\/blogsaverroes.juntadeandalucia.es\/cruzrojanormanbethune\/wp-json\/wp\/v2\/tags?post=1412"}],"curies":[{"name":"wp","href":"https:\/\/api.w.org\/{rel}","templated":true}]}}