{"id":33,"date":"2011-11-19T16:45:00","date_gmt":"2011-11-19T16:45:00","guid":{"rendered":""},"modified":"2021-12-12T07:42:21","modified_gmt":"2021-12-12T07:42:21","slug":"isabel-ii","status":"publish","type":"post","link":"https:\/\/blogsaverroes.juntadeandalucia.es\/csshumelenagarcia\/2011\/11\/19\/isabel-ii\/","title":{"rendered":"ISABEL II"},"content":{"rendered":"<table border=\"1\" cellpadding=\"0\" cellspacing=\"1\" style=\"border: 1pt outset olive;width: 100%\">\n<tbody>\n<tr>\n<td style=\"background: navy;border: 1pt inset olive;padding: 3.75pt;width: 19%\" valign=\"top\" width=\"19%\">\n<div><span><b><span style=\"color: white;font-family: Verdana;font-size: 7.5pt\">Per\u00edodo<\/span><\/b><\/span><\/div>\n<\/td>\n<td style=\"background: navy;border: 1pt inset olive;padding: 3.75pt;width: 59%\" valign=\"top\" width=\"59%\">\n<div><span><b><span style=\"color: white;font-family: Verdana;font-size: 7.5pt\">Sucesos<\/span><\/b><\/span><b><span style=\"color: white;font-family: Verdana;font-size: 7.5pt\">  <\/span><\/b><\/div>\n<\/td>\n<td style=\"background: navy;border: 1pt inset olive;padding: 3.75pt;width: 17%\" valign=\"top\" width=\"17%\">\n<div><strong><span lang=\"ES\" style=\"color: white;font-family: Verdana;font-size: 7.5pt\">Constituci\u00f3n<\/span><\/strong><strong><span lang=\"ES\" style=\"font-family: Verdana;font-size: 7.5pt\">:<\/span><\/strong><b><span lang=\"ES\" style=\"font-family: Verdana;font-size: 7.5pt\"><br \/><\/span><\/b><strong><span style=\"color: #ffffcc;font-family: Verdana;font-size: 7.5pt\"><a href=\"http:\/\/club.telepolis.com\/erbez\/\"><span lang=\"ES\"><span style=\"color: blue\">(ver listado de las Constituciones espa\u00f1olas  <\/span><\/span><\/a><\/span><\/strong><strong><span lang=\"ES\" style=\"color: #ffffcc;font-family: Verdana;font-size: 7.5pt\">)<\/span><\/strong><span lang=\"ES\"><\/span><\/div>\n<\/td>\n<\/tr>\n<tr>\n<td style=\"background: white;border: 1pt inset olive;padding: 3.75pt;width: 19%\" valign=\"top\" width=\"19%\">\n<div><span lang=\"ES\" style=\"font-family: Verdana;font-size: 10pt\">1833 &#8211; 1835<\/span><span lang=\"ES\">  <\/span><\/div>\n<p><span lang=\"ES\" style=\"font-family: Verdana;font-size: 7.5pt\">Gobiernos absolutistas y moderados<\/span><span lang=\"ES\"><\/span><br \/><b><span lang=\"ES\" style=\"color: red;font-family: Verdana;font-size: 7.5pt\">Regente: <\/span><\/b><b><span lang=\"ES\" style=\"font-family: Verdana;font-size: 7.5pt\"><br \/>Mar\u00eda Cristina<\/span><\/b><span lang=\"ES\"><\/span><br \/><b><span lang=\"ES\" style=\"color: red;font-family: Verdana;font-size: 7.5pt\">Jefes de Gobierno:<\/span><\/b><b><span lang=\"ES\" style=\"font-family: Verdana;font-size: 7.5pt\"><br \/><strong><span style=\"font-family: Verdana\">&#8211; <span>Cea<\/span> Berm\u00fadez (Abs.)<\/span><\/strong><br \/><strong><span style=\"font-family: Verdana\">&#8211; Mart\u00ednez de la Rosa (Lib.  Mod.)<\/span><\/strong><br \/><strong><span style=\"font-family: Verdana\">&#8211; Conde de  <span>Toreno<\/span> (Lib. Mod.)<\/span><\/strong><\/span><\/b><span lang=\"ES\"><\/span><\/td>\n<td style=\"background: silver;border: 1pt inset olive;padding: 3.75pt;width: 59%\" valign=\"top\" width=\"59%\">\n<ul type=\"disc\">\n<li><span><b><span style=\"font-family: Verdana;font-size: 7.5pt\">Comienzo<\/span><\/b><\/span><b><span style=\"font-family: Verdana;font-size: 7.5pt\"> del <span>reinado<\/span><\/span><\/b>  <\/li>\n<li><span><b><span style=\"font-family: Verdana;font-size: 7.5pt\">Levantamientos<\/span><\/b><\/span><b><span style=\"font-family: Verdana;font-size: 7.5pt\"> <span>carlistas<\/span> (<span>ver<\/span> <a href=\"http:\/\/www.amerschmad.org\/spanish\/historia\/Carlismo.htm\"><span style=\"color: blue\">CARLISMO<\/span><\/a>)<\/span><\/b>  <\/li>\n<li><b><span lang=\"ES\" style=\"font-family: Verdana;font-size: 7.5pt\">La  reina Regente, pese a intentar mantener el absolutismo, debe destituir al Jefe  de Gobierno absolutista <span>Cea<\/span> Berm\u00fadez y buscar apoyo en  los partidos liberales para gobernar.<\/span><\/b><span lang=\"ES\"> <\/span> <\/li>\n<li><b><span lang=\"ES\" style=\"font-family: Verdana;font-size: 7.5pt\">Los liberales, ya en el gobierno con Mart\u00ednez de la Rosa, presionan para  llevar a cabo medidas de reforma pol\u00edtica y administrativa: <\/span><\/b><span lang=\"ES\"><\/span><\/li>\n<\/ul>\n<div style=\"margin-left: 36pt\"><b><span lang=\"ES\" style=\"font-family: Verdana;font-size: 7.5pt\">a)  Nueva Constituci\u00f3n, que desembocar\u00eda en el muy moderado <em><span style=\"font-family: Verdana\">Estatuto Real <\/span><\/em>de 1834. Este se limita a  convocar unas Cortes que no ten\u00edan poder para legislar, sino que se deb\u00edan  limitar a aprobar o rechazar las leyes que propugnaran el Gobierno o la  Corona.<\/span><\/b><span lang=\"ES\">  <\/span><\/div>\n<div style=\"margin-left: 36pt\"><b><span lang=\"ES\" style=\"font-family: Verdana;font-size: 7.5pt\">b)  Reforma de la divisi\u00f3n administrativa de Espa\u00f1a (49 provincias).  <\/span><\/b><span lang=\"ES\"><\/span><\/div>\n<div style=\"margin-left: 36pt\"><b><span lang=\"ES\" style=\"font-family: Verdana;font-size: 7.5pt\">c)  Libertad de prensa y asociaci\u00f3n muy recortadas. <\/span><\/b><span lang=\"ES\"><\/span><\/div>\n<div style=\"margin-left: 36pt\"><b><span lang=\"ES\" style=\"font-family: Verdana;font-size: 7.5pt\">d)  Sufragio <span>censitario<\/span> (s\u00f3lo pod\u00edan votar aqu\u00e9llos que  dispusieran de unas rentas procedentes de propiedades y\/o que pagaran una  cantidad determinada de impuestos. <\/span><\/b><b><span style=\"font-family: Verdana;font-size: 7.5pt\">En total, el 0<span>,15<\/span> % de la <span>poblaci\u00f3n<\/span>.)<\/span><\/b>  <\/div>\n<\/td>\n<td style=\"background: white;border: 1pt inset olive;padding: 3.75pt;width: 17%\" valign=\"top\" width=\"17%\">\n<div><span><strong><span style=\"font-family: Verdana;font-size: 7.5pt\">Estatuto<\/span><\/strong><\/span><strong><span style=\"font-family: Verdana;font-size: 7.5pt\"> Real (1834)  <\/span><\/strong><\/div>\n<\/td>\n<\/tr>\n<tr>\n<td style=\"background: white;border: 1pt inset olive;padding: 3.75pt;width: 19%\" valign=\"top\" width=\"19%\">\n<div><span lang=\"ES\" style=\"font-family: Verdana;font-size: 10pt\">1835 &#8211; 1843<\/span><span lang=\"ES\">  <\/span><\/div>\n<p><span lang=\"ES\" style=\"font-family: Verdana;font-size: 7.5pt\">Gobiernos progresistas<\/span><span lang=\"ES\"><\/span><br \/><b><span lang=\"ES\" style=\"color: red;font-family: Verdana;font-size: 7.5pt\">Regentes:<\/span><\/b><b><span lang=\"ES\" style=\"font-family: Verdana;font-size: 7.5pt\"><br \/>&#8211; Mar\u00eda Cristina<br \/>&#8211; Gen. Baldomero Espartero<\/span><\/b><span lang=\"ES\"><\/span><br \/><b><span lang=\"ES\" style=\"color: red;font-family: Verdana;font-size: 7.5pt\">Jefes de Gobierno:<\/span><\/b><b><span lang=\"ES\" style=\"font-family: Verdana;font-size: 7.5pt\"><br \/>&#8211; Juan A. Mendiz\u00e1bal (Lib. <span>Prog<\/span>.)<br \/>&#8211;  General Baldomero Espartero (Lib. <\/span><\/b><span><b><span style=\"font-family: Verdana;font-size: 7.5pt\">Prog<\/span><\/b><\/span><b><span style=\"font-family: Verdana;font-size: 7.5pt\">.)<\/span><\/b><\/td>\n<td style=\"background: silver;border: 1pt inset olive;padding: 3.75pt;width: 59%\" valign=\"top\" width=\"59%\">\n<ul type=\"disc\">\n<li><strong><span lang=\"ES\" style=\"font-family: Verdana;font-size: 7.5pt\">Levantamiento revolucionario de los liberales progresistas (exaltados)  en verano de 1835 con la exigencia de derogar el Estatuto Real. Disturbios y  quema de conventos. Mar\u00eda Cristina entrega el gobierno al Progresista Juan  \u00c1lvarez Mendiz\u00e1bal.<\/span><\/strong><span lang=\"ES\">  <\/span> <\/li>\n<li><strong><span lang=\"ES\" style=\"font-family: Verdana;font-size: 7.5pt\">Mendiz\u00e1bal decreta la supresi\u00f3n del clero regular (\u00f3rdenes religiosas)  que no se dedicaran a la sanidad o la educaci\u00f3n. Asimismo, inicia la <\/span><a href=\"http:\/\/www.amerschmad.org\/spanish\/historia\/Desamort.htm\"><span lang=\"ES\" style=\"font-family: Verdana;font-size: 7.5pt\"><span style=\"color: blue\">desamortizaci\u00f3n<\/span><\/span><\/a><\/strong><strong><span lang=\"ES\" style=\"font-family: Verdana;font-size: 7.5pt\">  (incautaci\u00f3n y venta por parte del Estado de bienes pertenecientes al Clero y a  ciertos otros propietarios -nobles, ayuntamientos-).<\/span><\/strong><span lang=\"ES\"> <\/span> <\/li>\n<li><strong><span lang=\"ES\" style=\"font-family: Verdana;font-size: 7.5pt\">Los progresistas reinstauran la Constituci\u00f3n de 1812 que luego  reformar\u00e1n, convirti\u00e9ndola en la Constituci\u00f3n de 1837, de car\u00e1cter progresista  (soberan\u00eda nacional, una sola c\u00e1mara, sufragio <span>censitario<\/span>).<\/span><\/strong><span lang=\"ES\"> <\/span> <\/li>\n<li><strong><span lang=\"ES\" style=\"font-family: Verdana;font-size: 7.5pt\">El  General Espartero se convierte en el principal personaje del liberalismo  progresista tras haber obtenido varias resonantes victorias sobre los Carlistas  (sobre todo la de Luchana, en 1836) y conseguir el final de la guerra con el  <\/span><\/strong><em><b><span lang=\"ES\" style=\"font-family: Verdana;font-size: 7.5pt\">Abrazo de Vergara<\/span><\/b><\/em><strong><span lang=\"ES\" style=\"font-family: Verdana;font-size: 7.5pt\">  (1839). Estos \u00e9xitos le permiten obtener el t\u00edtulo de  <\/span><\/strong><em><b><span lang=\"ES\" style=\"font-family: Verdana;font-size: 7.5pt\">Pr\u00edncipe de Vergara<\/span><\/b><\/em><strong><span lang=\"ES\" style=\"font-family: Verdana;font-size: 7.5pt\">.<\/span><\/strong><span lang=\"ES\">  <\/span> <\/li>\n<li><strong><span lang=\"ES\" style=\"font-family: Verdana;font-size: 7.5pt\">En  1840 consigue la Jefatura del Gobierno. En este cargo tendr\u00e1 constantes  enfrentamientos con la Regente que terminar\u00e1n con la renuncia de Mar\u00eda Cristina  a la regencia (1840). <\/span><\/strong><strong><span style=\"font-family: Verdana;font-size: 7.5pt\">Las Cortes <span>nombran<\/span> <span>entonces<\/span> <span>Regente<\/span> <span>a<\/span>  Espartero.<\/span><\/strong>  <\/li>\n<li><strong><span lang=\"ES\" style=\"font-family: Verdana;font-size: 7.5pt\">La  violenta oposici\u00f3n de los moderados, la falta de apoyo de parte del Ej\u00e9rcito,  las disensiones entre los liberales y la manifiesta incapacidad pol\u00edtica de  Espartero (bombardeo de Barcelona, 1842) acaban con este per\u00edodo liberal en  1843. <\/span><\/strong><span lang=\"ES\"><\/span><\/li>\n<\/ul>\n<\/td>\n<td style=\"background: white;border: 1pt inset olive;padding: 3.75pt;width: 17%\" valign=\"top\" width=\"17%\">\n<div><em><b><span lang=\"ES\" style=\"font-family: Verdana;font-size: 7.5pt\">La  Pepa<\/span><\/b><\/em><strong><span lang=\"ES\" style=\"font-family: Verdana;font-size: 7.5pt\">  (1812) (progresista)<\/span><\/strong><span lang=\"ES\">  <\/span><\/div>\n<p><strong><span lang=\"ES\" style=\"font-family: Verdana;font-size: 7.5pt\">Const. de 1837 (progresista)<\/span><\/strong><span lang=\"ES\"><\/span><\/td>\n<\/tr>\n<tr>\n<td style=\"background: white;border: 1pt inset olive;padding: 3.75pt;width: 19%\" valign=\"top\" width=\"19%\">\n<div><span lang=\"ES\" style=\"font-family: Verdana;font-size: 10pt\">1843 &#8211; 1854<\/span><span lang=\"ES\">  <\/span><\/div>\n<p><span lang=\"ES\" style=\"font-family: Verdana;font-size: 7.5pt\">Gobiernos moderados<\/span><span lang=\"ES\"><\/span><br \/><strong><span lang=\"ES\" style=\"color: red;font-family: Verdana;font-size: 7.5pt\">Reina:<\/span><\/strong><b><span lang=\"ES\" style=\"font-family: Verdana;font-size: 7.5pt\"><br \/><strong><span style=\"font-family: Verdana\">Isabel  II.<\/span><\/strong><\/span><\/b><span lang=\"ES\"><\/span><br \/><strong><span lang=\"ES\" style=\"color: red;font-family: Verdana;font-size: 7.5pt\">Jefes de Gobierno<\/span><\/strong><strong><span lang=\"ES\" style=\"font-family: Verdana;font-size: 7.5pt\">:<\/span><\/strong><b><span lang=\"ES\" style=\"font-family: Verdana;font-size: 7.5pt\"><br \/><strong><span style=\"font-family: Verdana\">-Gral. Ram\u00f3n Narv\u00e1ez  (Lib. Mod.)<\/span><\/strong><br \/><strong><span style=\"font-family: Verdana\">-Juan  Bravo Murillo (Lib. Mod.)<\/span><\/strong><\/span><\/b><span lang=\"ES\"><\/span><\/td>\n<td style=\"background: silver;border: 1pt inset olive;padding: 3.75pt;width: 59%\" valign=\"top\" width=\"59%\">\n<ul type=\"disc\">\n<li><strong><span lang=\"ES\" style=\"font-family: Verdana;font-size: 7.5pt\">El  levantamiento de los moderados contra Espartero (1843) termina por colocar al  general Narv\u00e1ez como jefe de Gobierno (1844). El nuevo r\u00e9gimen moderado reforma  la constituci\u00f3n de 1837 y promulga la de 1845, de ideolog\u00eda conservadora  (soberan\u00eda compartida, Cortes bicamerales con un senado de designaci\u00f3n real,  sufragio <span>censitario<\/span>).<\/span><\/strong><span lang=\"ES\"> <\/span> <\/li>\n<li><strong><span lang=\"ES\" style=\"font-family: Verdana;font-size: 7.5pt\">El  gobierno de Narv\u00e1ez llega a un acuerdo con la Santa Sede (concordato de 1851)  que declara la religi\u00f3n Cat\u00f3lica como la \u00fanica del Estado y soluciona el  conflicto desatado por la desamortizaci\u00f3n: la Iglesia acepta la venta de su  patrimonio pero consigue la subvenci\u00f3n del clero por parte del  Estado.<\/span><\/strong><span lang=\"ES\">  <\/span> <\/li>\n<li><strong><span lang=\"ES\" style=\"font-family: Verdana;font-size: 7.5pt\">Existen fuertes recortes a la libertad de prensa. Se crea la  <\/span><\/strong><em><b><span lang=\"ES\" style=\"font-family: Verdana;font-size: 7.5pt\">Guardia Civil<\/span><\/b><\/em><strong><span lang=\"ES\" style=\"font-family: Verdana;font-size: 7.5pt\">  (1844), cuerpo de polic\u00eda rural de car\u00e1cter militar y sometido al gobierno que  lo emplear\u00e1 en las luchas partidistas.<\/span><\/strong><span lang=\"ES\"> <\/span> <\/li>\n<li><strong><span lang=\"ES\" style=\"font-family: Verdana;font-size: 7.5pt\">La  centralizaci\u00f3n del Estado se profundiza: las provincias son gobernadas por un  Gobernador Civil y otro militar, designados por la Corona; los alcaldes de los  municipios de m\u00e1s de 2000 habitantes son tambi\u00e9n nombrados por la Corona,  mientras que los de poblaciones menores son designados por el gobernador civil  de la provincia. <\/span><\/strong><span lang=\"ES\"><\/span> <\/li>\n<li><strong><span lang=\"ES\" style=\"font-family: Verdana;font-size: 7.5pt\">1848: Primera l\u00ednea de ferrocarril en la Pen\u00ednsula, que une Barcelona  con <span>Matar\u00f3<\/span>. <\/span><\/strong><strong><span style=\"font-family: Verdana;font-size: 7.5pt\">(Antes <span>hubo<\/span> <span>otras<\/span> <span>l\u00edneas<\/span> en Cuba).<\/span><\/strong>  <\/li>\n<li><strong><span lang=\"ES\" style=\"font-family: Verdana;font-size: 7.5pt\">La  corrupci\u00f3n generalizada, los intentos de Bravo Murillo por recortar a\u00fan m\u00e1s las  libertades y el abuso de poder de los moderados provocan en 1854 el  pronunciamiento liberal de <span>Vic\u00e1lvaro<\/span> (Madrid) -la  \u00ab<\/span><\/strong><span><em><b><span lang=\"ES\" style=\"font-family: Verdana;font-size: 7.5pt\">Vicalvarada<\/span><\/b><\/em><\/span><strong><span lang=\"ES\" style=\"font-family: Verdana;font-size: 7.5pt\">\u00ab-  que dar\u00e1 el poder a los liberales.<\/span><\/strong><span lang=\"ES\"> <\/span><\/li>\n<\/ul>\n<\/td>\n<td style=\"background: white;border: 1pt inset olive;padding: 3.75pt;width: 17%\" valign=\"top\" width=\"17%\">\n<div><strong><span style=\"font-family: Verdana;font-size: 7.5pt\">Const. de 1845 (<span>moderada<\/span>).<\/span><\/strong><\/div>\n<\/td>\n<\/tr>\n<tr>\n<td style=\"background: white;border: 1pt inset olive;padding: 3.75pt;width: 19%\" valign=\"top\" width=\"19%\">\n<div><span lang=\"ES\" style=\"font-family: Verdana;font-size: 10pt\">1854 &#8211; 1856<\/span><span lang=\"ES\" style=\"font-family: Verdana;font-size: 7.5pt\">Gobiernos liberales <\/span><span lang=\"ES\"><\/span><\/div>\n<p><strong><span lang=\"ES\" style=\"color: red;font-family: Verdana;font-size: 7.5pt\">Reina:<\/span><\/strong><b><span lang=\"ES\" style=\"font-family: Verdana;font-size: 7.5pt\"><br \/><strong><span style=\"font-family: Verdana\">Isabel  II.<\/span><\/strong><\/span><\/b><span lang=\"ES\"><\/span><br \/><strong><span lang=\"ES\" style=\"color: red;font-family: Verdana;font-size: 7.5pt\">Jefes de Gobierno<\/span><\/strong><strong><span lang=\"ES\" style=\"font-family: Verdana;font-size: 7.5pt\">:<\/span><\/strong><b><span lang=\"ES\" style=\"font-family: Verdana;font-size: 7.5pt\"><br \/>&#8211; Gral. B. Espartero (Lib. <\/span><\/b><span><b><span style=\"font-family: Verdana;font-size: 7.5pt\">Prog<\/span><\/b><\/span><b><span style=\"font-family: Verdana;font-size: 7.5pt\">.)<\/span><\/b><\/td>\n<td style=\"background: silver;border: 1pt inset olive;padding: 3.75pt;width: 59%\" valign=\"top\" width=\"59%\">\n<ul type=\"disc\">\n<li><strong><span lang=\"ES\" style=\"font-family: Verdana;font-size: 7.5pt\">A  consecuencia de la <\/span><\/strong><span><em><b><span lang=\"ES\" style=\"font-family: Verdana;font-size: 7.5pt\">Vicalvarada<\/span><\/b><\/em><\/span><strong><span lang=\"ES\" style=\"font-family: Verdana;font-size: 7.5pt\">,  la reina entrega el poder al general Espartero, quien lo compartir\u00e1 con otro  general, <span>O&#8217;Donnell<\/span>, de tendencia menos radical. Sus  gobiernos iniciar\u00e1n un cambio de r\u00e9gimen con convocatoria de elecciones a Cortes  Constituyentes y una nueva desamortizaci\u00f3n. <\/span><\/strong><span lang=\"ES\"><\/span> <\/li>\n<li><strong><span lang=\"ES\" style=\"font-family: Verdana;font-size: 7.5pt\">Abundan los disturbios obreros, frente a los que la burgues\u00eda liberal se  une. Esta colaboraci\u00f3n de parte de las dos tendencias de la burgues\u00eda, la  liberal y la moderada, ser\u00e1 la pauta a partir de ahora.<\/span><\/strong><span lang=\"ES\"> <\/span> <\/li>\n<li><span><strong><span lang=\"ES\" style=\"font-family: Verdana;font-size: 7.5pt\">O&#8217;Donnell<\/span><\/strong><\/span><strong><span lang=\"ES\" style=\"font-family: Verdana;font-size: 7.5pt\">  crear\u00e1 un nuevo partido, la <\/span><\/strong><em><b><span lang=\"ES\" style=\"font-family: Verdana;font-size: 7.5pt\">Uni\u00f3n Liberal<\/span><\/b><\/em><strong><span lang=\"ES\" style=\"font-family: Verdana;font-size: 7.5pt\">,  que agrupar\u00e1 a moderados y bastantes progresistas.<\/span><\/strong><span lang=\"ES\"> <\/span> <\/li>\n<li><strong><span lang=\"ES\" style=\"font-family: Verdana;font-size: 7.5pt\">En  1856, la inestabilidad provocar\u00e1 la disoluci\u00f3n de las Cortes y la dimisi\u00f3n de  Espartero.<\/span><\/strong><span lang=\"ES\">  <\/span><\/li>\n<\/ul>\n<\/td>\n<td style=\"background: white;border: 1pt inset olive;padding: 3.75pt;width: 17%\" valign=\"top\" width=\"17%\">\n<div><strong><span lang=\"ES\" style=\"font-family: Verdana;font-size: 7.5pt\">La  Constituci\u00f3n de 1856 no llega a promulgarse.<\/span><\/strong><span lang=\"ES\"><\/span><\/div>\n<\/td>\n<\/tr>\n<tr>\n<td style=\"background: white;border: 1pt inset olive;padding: 3.75pt;width: 19%\" valign=\"top\" width=\"19%\">\n<div><span lang=\"ES\" style=\"font-family: Verdana;font-size: 10pt\">1856 &#8211; 1868<\/span><span lang=\"ES\">  <\/span><\/div>\n<p><span lang=\"ES\" style=\"font-family: Verdana;font-size: 7.5pt\">Gobiernos moderados<\/span><span lang=\"ES\"><\/span><br \/><strong><span lang=\"ES\" style=\"color: red;font-family: Verdana;font-size: 7.5pt\">Reina:<\/span><\/strong><b><span lang=\"ES\" style=\"font-family: Verdana;font-size: 7.5pt\"><br \/><strong><span style=\"font-family: Verdana\">Isabel  II.<\/span><\/strong><\/span><\/b><span lang=\"ES\"><\/span><br \/><strong><span lang=\"ES\" style=\"color: red;font-family: Verdana;font-size: 7.5pt\">Jefes de Gobierno<\/span><\/strong><strong><span lang=\"ES\" style=\"font-family: Verdana;font-size: 7.5pt\">:<\/span><\/strong><b><span lang=\"ES\" style=\"font-family: Verdana;font-size: 7.5pt\"><br \/>&#8211; General Leopoldo <span>O&#8217;Donnell<\/span> (Uni\u00f3n  Liberal)<br \/>&#8211; Ram\u00f3n M. Narv\u00e1ez<\/span><\/b><span lang=\"ES\"><\/span><\/td>\n<td style=\"background: silver;border: 1pt inset olive;padding: 3.75pt;width: 59%\" valign=\"top\" width=\"59%\">\n<ul type=\"disc\">\n<li><strong><span lang=\"ES\" style=\"font-family: Verdana;font-size: 7.5pt\">Los gobiernos de <span>O&#8217;Donnell<\/span> y Narv\u00e1ez consiguen  que Espa\u00f1a sea aparentemente un pa\u00eds en paz a costa de la disoluci\u00f3n de las  Cortes y de todos los organismos estatales que no pudieron mantener bajo su  control. Vuelven a poner el pa\u00eds en paz con la Santa Sede suspendiendo la  desamortizaci\u00f3n eclesi\u00e1stica y reinstauran la Constituci\u00f3n de  1845.<\/span><\/strong><span lang=\"ES\">  <\/span> <\/li>\n<li><strong><span lang=\"ES\" style=\"font-family: Verdana;font-size: 7.5pt\">El  apoyo de la burgues\u00eda al r\u00e9gimen aumenta a causa de la mejora de la situaci\u00f3n  econ\u00f3mica debida, sobre todo, a la excelente coyuntura  internacional.<\/span><\/strong><span lang=\"ES\">  <\/span> <\/li>\n<li><strong><span lang=\"ES\" style=\"font-family: Verdana;font-size: 7.5pt\">Espa\u00f1a es una potencia de segunda fila que, no obstante, se embarca en  proyectos internacionales: guerra en Marruecos (1859-1860), que ampl\u00eda el  territorio de Ceuta y Melilla (espa\u00f1olas desde el siglo XVI); participa en la  conquista de Indochina junto a Francia y en la aventura del \u00abImperio Mexicano\u00bb  de Maximiliano junto a Inglaterra y Francia. Asimismo, se embarcar\u00e1 en una  aventura absurda en aguas del Per\u00fa (guerra del Pac\u00edfico).<\/span><\/strong><span lang=\"ES\"> <\/span> <\/li>\n<li><strong><span lang=\"ES\" style=\"font-family: Verdana;font-size: 7.5pt\">En  1868 se instituye la peseta como unidad monetaria nacional (v.  <\/span><\/strong><strong><span lang=\"ES\" style=\"font-family: Verdana;font-size: 7.5pt;font-weight: normal\"><a href=\"http:\/\/www.fuenterrebollo.com\/historiapeseta.html\"><b><span style=\"color: blue\">historia de la  peseta<\/span><\/b><\/a><\/span><\/strong><strong><span lang=\"ES\" style=\"font-family: Verdana;font-size: 7.5pt\">).<\/span><\/strong><span lang=\"ES\">  <\/span> <\/li>\n<li><strong><span lang=\"ES\" style=\"font-family: Verdana;font-size: 7.5pt\">La  crisis econ\u00f3mica europea de 1865-66, la presi\u00f3n de los grupos liberales  radicales y dem\u00f3cratas y la subida al poder del Gral. Serrano, que retira el  apoyo a la Reina, desembocar\u00e1n en el fin del r\u00e9gimen y del reinado de Isabel II  en septiembre de 1868.<\/span><\/strong><span lang=\"ES\"> <\/span><\/li>\n<\/ul>\n<\/td>\n<td style=\"background: white;border: 1pt inset olive;padding: 3.75pt;width: 17%\" valign=\"top\" width=\"17%\">\n<div><strong><span style=\"font-family: Verdana;font-size: 7.5pt\">Const. de 1845 (<span>moderada<\/span>).<\/span><\/strong><\/div>\n<\/td>\n<\/tr>\n<\/tbody>\n<\/table>\n<p><\/p>\n<div> <\/div>\n","protected":false},"excerpt":{"rendered":"<p>Per\u00edodo Sucesos Constituci\u00f3n:(ver listado de las Constituciones espa\u00f1olas ) 1833 &#8211; 1835 Gobiernos absolutistas y moderadosRegente: Mar\u00eda CristinaJefes de Gobierno:&#8211; Cea Berm\u00fadez (Abs.)&#8211; Mart\u00ednez de la Rosa (Lib. Mod.)&#8211; Conde de Toreno (Lib. Mod.)&#46;&#46;&#46;<\/p>\n","protected":false},"author":14195,"featured_media":0,"comment_status":"open","ping_status":"open","sticky":false,"template":"","format":"standard","meta":{"ngg_post_thumbnail":0,"footnotes":""},"categories":[1],"tags":[],"aioseo_notices":[],"_links":{"self":[{"href":"https:\/\/blogsaverroes.juntadeandalucia.es\/csshumelenagarcia\/wp-json\/wp\/v2\/posts\/33"}],"collection":[{"href":"https:\/\/blogsaverroes.juntadeandalucia.es\/csshumelenagarcia\/wp-json\/wp\/v2\/posts"}],"about":[{"href":"https:\/\/blogsaverroes.juntadeandalucia.es\/csshumelenagarcia\/wp-json\/wp\/v2\/types\/post"}],"author":[{"embeddable":true,"href":"https:\/\/blogsaverroes.juntadeandalucia.es\/csshumelenagarcia\/wp-json\/wp\/v2\/users\/14195"}],"replies":[{"embeddable":true,"href":"https:\/\/blogsaverroes.juntadeandalucia.es\/csshumelenagarcia\/wp-json\/wp\/v2\/comments?post=33"}],"version-history":[{"count":1,"href":"https:\/\/blogsaverroes.juntadeandalucia.es\/csshumelenagarcia\/wp-json\/wp\/v2\/posts\/33\/revisions"}],"predecessor-version":[{"id":95,"href":"https:\/\/blogsaverroes.juntadeandalucia.es\/csshumelenagarcia\/wp-json\/wp\/v2\/posts\/33\/revisions\/95"}],"wp:attachment":[{"href":"https:\/\/blogsaverroes.juntadeandalucia.es\/csshumelenagarcia\/wp-json\/wp\/v2\/media?parent=33"}],"wp:term":[{"taxonomy":"category","embeddable":true,"href":"https:\/\/blogsaverroes.juntadeandalucia.es\/csshumelenagarcia\/wp-json\/wp\/v2\/categories?post=33"},{"taxonomy":"post_tag","embeddable":true,"href":"https:\/\/blogsaverroes.juntadeandalucia.es\/csshumelenagarcia\/wp-json\/wp\/v2\/tags?post=33"}],"curies":[{"name":"wp","href":"https:\/\/api.w.org\/{rel}","templated":true}]}}