{"id":39,"date":"2011-03-14T09:35:00","date_gmt":"2011-03-14T09:35:00","guid":{"rendered":""},"modified":"2021-12-12T07:42:38","modified_gmt":"2021-12-12T07:42:38","slug":"tema-9","status":"publish","type":"post","link":"https:\/\/blogsaverroes.juntadeandalucia.es\/csshumelenagarcia\/2011\/03\/14\/tema-9\/","title":{"rendered":"Tema 9"},"content":{"rendered":"<div style=\"border: 1pt solid windowtext;margin-left: -35.45pt;margin-right: 0cm;padding: 0cm 4pt 1pt\">\n<div style=\"border: medium none;line-height: normal;margin: 0cm 0cm 12pt;padding: 0cm;text-align: justify\"><b><span style=\"color: #096096;font-size: 10pt\">Tema 9: Alfonso XII y la dictadura de Primo de Rivera (1902-1931)<\/span><\/b><\/div>\n<\/div>\n<div style=\"line-height: normal;margin: 0cm 0cm 12pt -42.55pt;text-align: justify\"><b><span style=\"color: #096096;font-size: 10pt\">1.- Crisis y quiebra de la monarqu\u00eda constitucional.<\/span><\/b><\/div>\n<div style=\"line-height: normal;margin: 0cm 0cm 12pt -42.55pt;text-align: justify\"><b><span style=\"color: #096096;font-size: 10pt\">2.- Los problemas del reinado de Alfonso XIII.<\/span><\/b><\/div>\n<div style=\"line-height: normal;margin: 0cm 0cm 12pt -42.55pt;text-align: justify\"><b><span style=\"color: #096096;font-size: 10pt\">3.- Fin de la Restauraci\u00f3n.<\/span><\/b><\/div>\n<div style=\"line-height: normal;margin: 0cm 0cm 12pt -42.55pt;text-align: justify\"><b><span style=\"color: #096096;font-size: 10pt\">4.- La dictadura de Primo de Rivera 1923-1930.<\/span><\/b><\/div>\n<div style=\"line-height: normal;margin: 0cm 0cm 12pt -42.55pt;text-align: justify\"><b><span style=\"color: #096096;font-size: 10pt\">5.- La ca\u00edda de la monarqu\u00eda. Abril 1931<\/span><\/b><\/div>\n<div style=\"line-height: normal;margin: 0cm 0cm 12pt -42.55pt;text-align: justify\"><\/div>\n<div style=\"line-height: normal;margin: 0cm 0cm 12pt -42.55pt;text-align: justify\"><b><span style=\"color: #096096;font-size: 10pt\">1.- Crisis y quiebra de la monarqu\u00eda constitucional<\/span><\/b><\/div>\n<div style=\"line-height: normal;margin: 0cm 0cm 12pt -42.55pt;text-align: justify;text-indent: 42.55pt\"><span style=\"font-size: 10pt\">Alfonso XIII, nacido en 1886 era hijo p\u00f3stumo de Alfonso XII y M\u00aa Cristina de Habsburgo. En 1902 fue declarado mayor de edad- a los 17 a\u00f1os- <\/span><span style=\"font-size: 10pt\">cuando&nbsp; que el sistema de la Restauraci\u00f3n presentaba notables disfunciones y claros s\u00edntomas de entrar en una profunda crisis. Pesaba mucho el desprestigio de la pr\u00e1ctica caciquil y la farsa electoral, pero mucho m\u00e1s las secuelas del \u201cdesastre del 98\u201d.<\/span><\/div>\n<div style=\"line-height: normal;margin: 0cm 0cm 12pt -42.55pt;text-align: justify\"><span style=\"font-size: 10pt\">Todo ello favoreci\u00f3 la intensificaci\u00f3n del <b>regeneracionismo<\/b>, movimiento surgido a\u00f1os atr\u00e1s que defend\u00eda la necesidad de \u201cregenerar\u201d la econom\u00eda, la sociedad, costumbres, y hasta el propio sistema pol\u00edtico.<\/span><\/div>\n<div style=\"line-height: normal;margin: 0cm 0cm 12pt -42.55pt;text-align: justify\"><u><span style=\"font-size: 10pt\">Alfonso XIII, rey regeneracionista<\/span><\/u><\/div>\n<div style=\"line-height: normal;margin: 0cm 0cm 12pt -42.55pt;text-align: justify;text-indent: 42.55pt\"><span style=\"font-size: 10pt\">Desde el inicio de su reinado, Alfonso XIII dio muestras de un claro inter\u00e9s regeneracionista. No carec\u00eda de m\u00e9ritos y virtudes: era simp\u00e1tico y campechano, inteligente y avispado, y ten\u00eda una cierta capacidad para la pol\u00edtica. Rompi\u00f3 con la tradici\u00f3n de sus padres y pas\u00f3 a desempe\u00f1ar un papel relevante en el juego pol\u00edtico. Tambi\u00e9n en la l\u00ednea europea del \u201crey-soldado\u201d quiso afirmarse como jefe supremo del Ej\u00e9rcito. \u00c9stas circunstancias y los avatares pol\u00edticos le impedir\u00e1n desempe\u00f1ar el papel de mediador en los conflictos y desarrollar la idea de monarqu\u00eda equilibrante de las tensiones pol\u00edticas.<\/span><\/div>\n<div style=\"margin: 0cm 0cm 10pt -42.55pt\"><u><span style=\"color: black;font-size: 10pt;line-height: 115%\">La quiebra del sistema pol\u00edtico de la restauraci\u00f3n<\/span><\/u><span style=\"color: black;font-size: 10pt;line-height: 115%\">.<\/span><\/div>\n<div style=\"margin: 0cm 0cm 10pt -42.55pt;text-align: justify\"><span style=\"color: black;font-size: 10pt;line-height: 115%\">&nbsp; Desde la muerte de C\u00e1novas del Castillo, el sistema por \u00e9l ideado inici\u00f3 un proceso de deterioro progresivo, debido a veces por la muerte de sus principales prohombres y otras, por la crisis de los partidos que acabaron minados por tendencias disgregadoras personalistas, que les llev\u00f3 a la divisi\u00f3n interna y combatidos por fuerzas extra\u00f1as al partido como republicanismo, socialismo y anarquismo.<\/span><\/div>\n<div style=\"margin: 0cm 0cm 10pt -42.55pt;text-align: justify\"><span style=\"color: black;font-size: 10pt;line-height: 115%\">En efecto, la posibilidad de alternancia bipartidista conservador-liberal pudo hacerse realidad con Maura y Canalejas, pero lo impedir\u00e1n la muerte pol\u00edtica del primero, tras la Semana Tr\u00e1gica de Barcelona de 1909., y el asesinato del segundo por un anarquista en 1912.<\/span><\/div>\n<div style=\"line-height: normal;margin: 0cm 0cm 12pt -42.55pt;text-align: justify\"><b><span style=\"color: #096096;font-size: 10pt\">2.- Los problemas del reinado de Alfonso XIII.<\/span><\/b><\/div>\n<div style=\"line-height: normal;margin: 0cm 0cm 12pt -42.55pt;text-align: justify\"><span style=\"font-size: 10pt\">&nbsp; Los distintos gobiernos de la monarqu\u00eda Alfonsina tuvieron que hacer frente a una serie de problemas que no supieron solucionar o simplemente no le dieron respuesta adecuada:<\/span><\/div>\n<div style=\"line-height: normal;margin: 0cm 0cm 12pt -42.55pt;text-align: justify;text-indent: 0cm\"><span style=\"color: black;font-size: 8pt\">&#8211;<span style=\"font-size: 7pt;font-style: normal;font-variant: normal;font-weight: normal;line-height: normal\">&nbsp; <\/span><\/span><b><span style=\"color: black;font-size: 10pt\">Cuesti\u00f3n social<\/span><\/b><span style=\"color: black;font-size: 10pt\">: La revoluci\u00f3n liberal espa\u00f1ola desarroll\u00f3 un modelo <b>centralista<\/b> que desconoci\u00f3 las realidades comunitarias peninsulares. Adem\u00e1s, la acci\u00f3n modernizadora del Estado fue muy d\u00e9bil: se invirti\u00f3 poco en comunicaciones, obras p\u00fablicas y ense\u00f1anza.&nbsp; En este contexto -a finales del siglo XIX- surgieron los <b>movimientos regionalistas y nacionalistas<\/b> perif\u00e9ricos como aspiraciones de las peque\u00f1as burgues\u00edas. M\u00e1s tarde, ampliaron su base social, haci\u00e9ndose interclasistas.<br \/><\/span><span style=\"color: black;font-size: 10pt\">En Catalu\u00f1a<\/span><span style=\"font-family: Calibri\"> <\/span><span style=\"font-family: Calibri\"><\/span><span style=\"color: black;font-size: 10pt\">, v<\/span><span style=\"color: black;font-size: 10pt\">inculado al desarrollo del catalanismo se produjo un hecho de graves consecuencias. Un chiste gr\u00e1fico en la revista sat\u00edrica <i>Cu-Cut<\/i>, con burlas al ej\u00e9rcito espa\u00f1ol, provoc\u00f3 la intervenci\u00f3n violenta de \u00e9ste. La reacci\u00f3n del Gobierno fue la creaci\u00f3n de la Ley de Jurisdicciones (1906): en adelante, los delitos de injurias al ej\u00e9rcito ser\u00edan juzgados seg\u00fan el C\u00f3digo de Justicia Militar.<\/p>\n<p>En el Pa\u00eds Vasco la figura central fue Sabino Arana. En 1895 se fund\u00f3 el <i>Partido Nacionalista<\/i> <i>Vasco<\/i> siguiendo su orientaci\u00f3n antiespa\u00f1ola, basada en la tradici\u00f3n vasca y con ingredientes racistas. Su lema fue \u201cDios y Ley Vieja\u201d. <\/p>\n<p>Con menos respaldo social, en Galicia se crearon las <i>Irmandades da fala<\/i> para la difusi\u00f3n del gallego y el estudio de sus problemas econ\u00f3micos. <\/span><span style=\"font-size: 10pt\"><\/span><\/div>\n<div style=\"line-height: normal;margin: 0cm 0cm 12pt -42.55pt;text-align: justify\"><span style=\"color: black;font-size: 10pt\">En Andaluc\u00eda, Blas Infante puso las bases de un andalucismo cultural y pol\u00edtico con su obra<i> El ideal andaluz<\/i> (1915).<\/span><\/div>\n<div style=\"line-height: normal;margin: 0cm 0cm 12pt -42.55pt;text-align: justify\"><span style=\"color: black;font-size: 10pt\">&#8211; <b>Cuesti\u00f3n religiosa<\/b>: La Iglesia cat\u00f3lica -a pesar de las desamortizaciones del siglo XIX- segu\u00eda teniendo mucho peso en la Espa\u00f1a de Alfonso XIII. La cuesti\u00f3n religiosa se plante\u00f3 a partir de tres hechos:<\/span><\/div>\n<div style=\"line-height: normal;margin: 0cm 0cm 12pt -42.55pt;text-align: justify;text-indent: 0cm\"><span style=\"color: black;font-family: Symbol;font-size: 10pt\">\u00b7<span style=\"font-size: 7pt;font-style: normal;font-variant: normal;font-weight: normal;line-height: normal\">&nbsp; <\/span><\/span><span style=\"color: black;font-size: 10pt\">La Constituci\u00f3n defin\u00eda un Estado confesionalmente cat\u00f3lico, aunque reconoc\u00eda la libertad de cultos.<\/span><\/div>\n<div style=\"line-height: normal;margin: 0cm 0cm 12pt -42.55pt;text-align: justify;text-indent: 0cm\"><span style=\"color: black;font-family: Symbol;font-size: 10pt\">\u00b7<span style=\"font-size: 7pt;font-style: normal;font-variant: normal;font-weight: normal;line-height: normal\">&nbsp; <\/span><\/span><span style=\"color: black;font-size: 10pt\">Las masas populares cada vez se sent\u00edan m\u00e1s lejos de las doctrinas y pr\u00e1cticas de la Iglesia, que identificaban con \u201clos ricos\u201d y la injusticia social.<\/span><\/div>\n<div style=\"line-height: normal;margin: 0cm 0cm 10pt -42.55pt;text-align: justify;text-indent: 0cm\"><span style=\"color: black;font-family: Symbol;font-size: 10pt\">\u00b7<span style=\"font-size: 7pt;font-style: normal;font-variant: normal;font-weight: normal;line-height: normal\">&nbsp; <\/span><\/span><span style=\"color: black;font-size: 10pt\">La Iglesia, adem\u00e1s, ejerc\u00eda un control muy grande sobre la ense\u00f1anza.<\/span><\/div>\n<div style=\"line-height: normal;margin: 0cm 0cm 12pt -42.55pt;text-align: justify\"><span style=\"color: black;font-size: 10pt\">La divisi\u00f3n entre derecha e izquierda en muchos casos se manifest\u00f3 como un conflicto entre<i> clericalismo<\/i> y <i>anticlericalismo<\/i>.<\/span><\/div>\n<div style=\"line-height: normal;margin: 0cm 0cm 10pt -42.55pt;text-align: justify;text-indent: 0cm\"><span style=\"color: black;font-size: 8pt\">&#8211;<span style=\"font-size: 7pt;font-style: normal;font-variant: normal;font-weight: normal;line-height: normal\">&nbsp; <\/span><\/span><b><span style=\"font-size: 10pt\">Cuesti\u00f3n de la guerra de Marruecos<\/span><\/b><span style=\"color: black;font-size: 8pt\"> <\/span><span style=\"color: black;font-size: 10pt\">La presencia de Francia en el norte de \u00c1frica y la amenaza de participaci\u00f3n de Alemania, llevaron a Espa\u00f1a a las campa\u00f1as de Marruecos. Se trataba, en principio, de evitar el predominio de estos pa\u00edses en el Mediterr\u00e1neo. La opini\u00f3n p\u00fablica espa\u00f1ola ve\u00eda m\u00e1s inconvenientes que ventajas en la intervenci\u00f3n. Las razones hay que buscarlas en dos hechos:<\/span><\/div>\n<div style=\"line-height: normal;margin: 0cm 0cm 12pt -21.3pt;text-align: justify;text-indent: -7.05pt\"><span style=\"color: black;font-family: Symbol;font-size: 10pt\">\u00b7<span style=\"font-size: 7pt;font-style: normal;font-variant: normal;font-weight: normal;line-height: normal\">&nbsp; <\/span><\/span><span style=\"color: black;font-size: 10pt\">Renovar el prestigio perdido frente a las grandes potencias (sobre todo despu\u00e9s de las <\/span><span style=\"color: black;font-size: 10pt\">derrotas de 1898). Este inter\u00e9s afectaba muy de cerca al ej\u00e9rcito. <\/span><\/div>\n<div style=\"line-height: normal;margin: 0cm 0cm 10pt -21.3pt;text-align: justify;text-indent: -7.05pt\"><span style=\"color: black;font-family: Symbol;font-size: 10pt\">\u00b7<span style=\"font-size: 7pt;font-style: normal;font-variant: normal;font-weight: normal;line-height: normal\">&nbsp; <\/span><\/span><span style=\"color: black;font-size: 10pt\">Dar respuesta a los intereses econ\u00f3micos basados en los beneficios que podr\u00edan proporcionar la explotaci\u00f3n de los recursos mineros y el tendido del ferrocarril.<\/span><\/div>\n<div style=\"line-height: normal;margin: 0cm 0cm 10pt -42.55pt;text-align: justify\"><span style=\"color: black;font-size: 10pt\">Por acuerdos internacionales, Espa\u00f1a deb\u00eda establecer su <i>protectorado<\/i> sobre una parte (Las monta\u00f1as del Rif, al Norte, la m\u00e1s pobre) del territorio de Marruecos. Al principio la guerra estuvo basada en pactos con las <i>c\u00e1bilas<\/i> ind\u00edgenas. Pero ya en 1909 esta pol\u00edtica fracas\u00f3, inici\u00e1ndose la guerra de Melilla, que tuvo un car\u00e1cter intermitente.<\/span><\/div>\n<div style=\"line-height: normal;margin: 0cm 0cm 10pt -42.55pt;text-align: justify\"><span style=\"color: black;font-size: 10pt\">Su culminaci\u00f3n fue el <b>desastre de Annual<\/b> (julio de 1921). En una operaci\u00f3n militar imprudente -impulsada el general Fern\u00e1ndez Silvestre- el ej\u00e9rcito espa\u00f1ol fue incapaz de contener el ataque de las tropas rife\u00f1as. Su retirada en desbandada dej\u00f3 sobre el terreno m\u00e1s de diez mil muertos.<\/span><\/div>\n<div style=\"line-height: normal;margin: 0cm 0cm 10pt -42.55pt;text-align: justify;text-indent: -21.8pt\"><span style=\"color: black;font-size: 10pt\">&nbsp;&nbsp;&nbsp;&nbsp;&nbsp; El impacto del desastre sobre la sociedad espa\u00f1ola fue grande y tuvo consecuencias profundas: <\/span><span style=\"font-size: 10pt\">La sangr\u00eda de hombres y de dinero la hicieron impopular y desprestigiaron al ej\u00e9rcito. Las protestas y los disturbios se sucedieron, algunos tan graves como el de la Semana Tr\u00e1gica de Barcelona; los partidos de izquierda se pusieron en contra y surgi\u00f3 una corriente de opini\u00f3n \u201c el abandonismo\u201d encabezados por escritores de la generaci\u00f3n del 98. El ej\u00e9rcito se vio afectado en su organizaci\u00f3n interna: surgi\u00f3 la rivalidad entre oficiales \u201cafricanistas\u201d que se ve\u00edan favorecidos con r\u00e1pidos ascensos (Franco), y aquellos que defend\u00edan el respeto al escalaf\u00f3n. <\/span><\/div>\n<div style=\"line-height: normal;margin: 0cm 0cm 10pt -42.55pt;text-align: justify;text-indent: -21.8pt\"><\/div>\n<div style=\"line-height: normal;margin: 0cm 0cm 12pt -42.55pt;text-align: justify\"><b><span style=\"color: #096096;font-size: 10pt\">3.- Fin de la Restauraci\u00f3n.<\/span><\/b><\/div>\n<div style=\"line-height: normal;margin: 0cm 0cm 10pt -42.55pt;text-align: justify;text-indent: 42.55pt\"><u><span style=\"color: black;font-size: 10pt\">Semana Tr\u00e1gica<\/span><\/u><span style=\"color: black;font-size: 10pt\">: Los a\u00f1os 1909 y 1917, <b>durante el gobierno de Maura<\/b>, se produjeron dos crisis importantes, acompa\u00f1adas de graves des\u00f3rdenes sociales. Crisis que pusieron en evidencia la creciente ineficacia y descomposici\u00f3n del sistema pol\u00edtico. <\/span><\/div>\n<div style=\"line-height: normal;margin: 0cm 0cm 10pt -42.55pt;text-align: justify\"><span style=\"color: black;font-size: 10pt\">La crisis de 1909 fue conocida como la <b>Semana Tr\u00e1gica<\/b> de Barcelona. Su origen estuvo en el llamamiento a filas de reservistas para la guerra marroqu\u00ed. Violentos des\u00f3rdenes tuvieron lugar en el puerto cuando iban a ser embarcados los soldados, en su mayor\u00eda pertenecientes a las clases populares. A ello se uni\u00f3 una huelga general convocada por los anarquistas y los socialistas: sectores urbanos de Barcelona quedaron aislados mediante el levantamiento de barricadas y el conflicto se extendi\u00f3 a otras ciudades catalanas. Acab\u00f3 derivando en un mot\u00edn anticlerical, con el incendio y saqueo de numerosos conventos. El gobierno conservador de Maura reprimi\u00f3 con dureza el conflicto. El hecho levant\u00f3 las protestas de las izquierdas (a las que se uni\u00f3 el propio Partido Liberal) y dio lugar a una campa\u00f1a internacional al grito de \u201c<i>\u00a1Maura no!<\/i>\u201d.<\/p>\n<p>Todos estos acontecimientos obligaron a la dimisi\u00f3n de Antonio Maura, que fue sustituido por Eduardo Dato<\/span><span style=\"color: black;font-size: 8pt\">.<\/span><\/div>\n<div style=\"line-height: normal;margin: 0cm 0cm 10pt -42.55pt;text-align: justify\"><span style=\"color: black;font-size: 8pt\">&nbsp;&nbsp;&nbsp;&nbsp;&nbsp;&nbsp;&nbsp;&nbsp;&nbsp;&nbsp;&nbsp;&nbsp;&nbsp;&nbsp;&nbsp;&nbsp;&nbsp; <\/span><u><span style=\"color: black;font-size: 10pt\">El gobierno liberal- reformador de Canalejas<\/span><\/u><span style=\"color: black;font-size: 10pt\">: La ca\u00edda de Maura dio lugar a la llegada al poder de <b>Canalejas<\/b>, pol\u00edtico liberal<b> <\/b>que intentar\u00e1 regenerar el pa\u00eds y salvar a la monarqu\u00eda mediante un eficaz programa reformador. Para ello estableci\u00f3 un impuesto sobre las rentas urbanas, promulg\u00f3 la <i>Ley del Candado<\/i>, que prohib\u00eda la entrada de nuevas \u00f3rdenes religiosas en Espa\u00f1a, obtuvo algunos \u00e9xitos en la <i>guerra de Marruecos<\/i>, e impuls\u00f3 el proyecto de las <i>Mancomunidades<\/i> para resolver el problema regionalista. En noviembre de 1912 fue asesinado por un anarquista cuando miraba el escaparate de una librer\u00eda <b><\/b><\/span><\/div>\n<div style=\"line-height: normal;margin: 0cm 0cm 10pt -42.55pt;text-align: justify;text-indent: 42.55pt\"><span style=\"color: black;font-size: 10pt\">El segundo acontecimiento clave fue la <b><u>crisis de 1917<\/u><\/b><u>.<\/u> En ese a\u00f1o convergieron, de <\/span><span style=\"color: black;font-size: 10pt\">forma sucesiva, tres conflictos: <\/span><\/div>\n<div style=\"line-height: normal;margin: 0cm 0cm 12pt -1cm;text-align: justify;text-indent: 0cm\"><span style=\"color: black;font-size: 10pt\">1.<span style=\"font-size: 7pt;font-style: normal;font-variant: normal;font-weight: normal;line-height: normal\">&nbsp;&nbsp;&nbsp;&nbsp;&nbsp; <\/span><\/span><b><span style=\"color: black;font-size: 10pt\">Militar<\/span><\/b><span style=\"color: black;font-size: 10pt\">. Una parte del ej\u00e9rcito cre\u00f3 las <b>Juntas de Defensa<\/b> para controlar los ascensos y las condiciones profesionales. Como funcionarios les afectaba la carest\u00eda de la vida. Pero sobre todo defend\u00edan la <i>escala cerrada<\/i>: los ascensos por antig\u00fcedad, en lugar de por <i>m\u00e9ritos de guerra<\/i>, siempre dif\u00edciles de valorar. Frente a ellos surgi\u00f3 el grupo de los <i>africanistas<\/i>. Las Juntas proliferaron y presionaron al Gobierno. Despu\u00e9s de varios choques, el Gobierno se vio obligado a reconocerlas como portavoces.<\/span><\/div>\n<div style=\"line-height: normal;margin: 0cm 0cm 12pt -1cm;text-align: justify;text-indent: 0cm\"><span style=\"color: black;font-size: 10pt\">2.<span style=\"font-size: 7pt;font-style: normal;font-variant: normal;font-weight: normal;line-height: normal\">&nbsp; <\/span><\/span><b><span style=\"color: black;font-size: 10pt\">Pol\u00edtico<\/span><\/b><span style=\"color: black;font-size: 10pt\">. Los diputados y senadores catalanes se reunieron en la <b>Asamblea de Parlamentarios<\/b> en Barcelona e invitaron al resto de parlamentarios espa\u00f1oles. Ped\u00edan autonom\u00eda para Catalu\u00f1a y unas Cortes Constituyentes para reformar el Estado. La convocatoria tuvo poco \u00e9xito, fue prohibida por el Gobierno y disuelta por el gobernador civil.<\/span><\/div>\n<div style=\"line-height: normal;margin: 0cm 0cm 10pt -1cm;text-align: justify;text-indent: 0cm\"><span style=\"color: black;font-size: 10pt\">3.<span style=\"font-size: 7pt;font-style: normal;font-variant: normal;font-weight: normal;line-height: normal\">&nbsp; <\/span><\/span><b><span style=\"color: black;font-size: 10pt\">Social<\/span><\/b><span style=\"color: black;font-size: 10pt\">. La UGT y la CNT convocaron conjuntamente una <b>huelga general<\/b> en el mes de agosto. Ped\u00edan reformas laborales (salarios, precios) y pol\u00edticas. La huelga fue ampliamente respaldada en casi todo el pa\u00eds. Pero la detenci\u00f3n del comit\u00e9 de huelga madrile\u00f1o y la represi\u00f3n del ej\u00e9rcito la hizo fracasar. El saldo fue de unos 2.000 obreros detenidos y un centenar de muertos. <\/span><\/div>\n<div style=\"line-height: normal;margin: 0cm 0cm 10pt -42.55pt;text-align: justify\"><span style=\"color: black;font-size: 10pt\">El Gobierno qued\u00f3 seriamente debilitado como consecuencia del triple conflicto. Y se puso en evidencia la creciente descomposici\u00f3n del sistema de la Restauraci\u00f3n.<\/span><\/div>\n<div style=\"line-height: normal;margin: 0cm 0cm 12pt -42.55pt;text-align: justify\"><b><span style=\"color: #096096;font-size: 10pt\">4.- La dictadura de Primo de Rivera 1923-1930.<\/span><\/b><\/div>\n<div style=\"line-height: normal;margin: 0cm 0cm 10pt -42.55pt;text-align: justify\"><span style=\"color: black;font-size: 10pt\">&nbsp; En este ambiente dos acontecimientos ocurridos en 1921 vinieron a agravar la situaci\u00f3n: el asesinato del jefe de gobierno Eduardo Dato y el desastre de Annual en la guerra de Marruecos, al que ya nos hemos referido. Ambos sucesos conmovieron a la opini\u00f3n p\u00fablica, de manera que al general <b>Miguel Primo de Rivera<\/b>, le bast\u00f3 un telegrama para dar un golpe de estado, el 13 de septiembre de 1923. Tras el mismo, el rey le encarg\u00f3 que formara gobierno, constituy\u00e9ndose as\u00ed un directorio militar. En la dictadura pueden diferenciarse dos etapas:<\/span><\/div>\n<div style=\"margin-left: -42.55pt;text-align: justify;text-indent: 0cm\"><span style=\"color: black;font-size: 10pt\">a)<span style=\"font-size: 7pt;font-style: normal;font-variant: normal;font-weight: normal;line-height: normal\">&nbsp;&nbsp;&nbsp;&nbsp;&nbsp;&nbsp;&nbsp;&nbsp;&nbsp;&nbsp;&nbsp;&nbsp;&nbsp;&nbsp; <\/span><\/span><b><span style=\"color: black;font-size: 10pt\">Directorio militar<\/span><\/b><span style=\"color: black;font-size: 10pt\"> :Durante los dos primeros a\u00f1os (1923-1925), Primo de Rivera encabez\u00f3 un <b><span>Directorio<\/span><\/b>, compuesto exclusivamente por generales de todas las armas y un marino. Todas sus resoluciones eran sometidas a la firma del rey. Los puestos claves de la administraci\u00f3n provincial (Gobiernos civiles) y local (Ayuntamientos) fueron ocupados por el ej\u00e9rcito. El orden p\u00fablico se estableci\u00f3 con medidas contundentes. Para organizar el respaldo social al r\u00e9gimen, se cre\u00f3 la <b><span>Uni\u00f3n Patri\u00f3tica<\/span><\/b> en 1924. Era una especie de partido \u00fanico que recog\u00eda los principios populistas del dictador. Pretend\u00eda aglutinar a \u201clos patriotas de buena voluntad\u201d partidarios del orden.<\/span><\/div>\n<div style=\"margin-left: -42.55pt;text-align: justify;text-indent: 7.1pt\"><span style=\"color: black;font-size: 10pt\">El \u00e9xito m\u00e1s importante fue la pacificaci\u00f3n de Marruecos. En septiembre de 1925, despu\u00e9s de conseguir la colaboraci\u00f3n de Francia, organiz\u00f3 el <b><span>desembarco de Alhucemas<\/span><\/b>, primer paso para la resoluci\u00f3n del conflicto marroqu\u00ed. Este hecho le dio mucha popularidad y le anim\u00f3 a continuar al frente de la gobernaci\u00f3n del pa\u00eds e institucionalizar la Dictadura.<\/span><\/div>\n<div style=\"line-height: normal;margin: 0cm 0cm 12pt -42.55pt;text-align: justify;text-indent: 14.2pt\"><b><span style=\"color: black;font-size: 10pt\">b) Directorio civil<\/span><\/b><span style=\"color: black;font-size: 10pt\">: En diciembre de 1925 se restableci\u00f3 el Consejo de Ministros. El nuevo gobierno fue conocido como <b>Directorio civil<\/b> por la entrada de pol\u00edticos civiles. La pol\u00edtica de la Dictadura podemos sintetizarla en tres \u00e1mbitos:<\/span><\/div>\n<div style=\"margin: 0cm 0cm 10pt 36pt;text-indent: -18pt\"><span style=\"font-family: Symbol;font-size: 10pt;line-height: 115%\">\u00b7<span style=\"font-size: 7pt;font-style: normal;font-variant: normal;font-weight: normal;line-height: normal\">&nbsp;&nbsp;&nbsp;&nbsp;&nbsp;&nbsp;&nbsp;&nbsp; <\/span><\/span><b><span style=\"font-size: 10pt;line-height: 115%\">Pol\u00edtica econ\u00f3mica<\/span><\/b><span style=\"font-size: 10pt;line-height: 115%\">:<br \/>Desarroll\u00f3 una pol\u00edtica de nacionalismo econ\u00f3mico en un contexto internacional favorable (los \u201cfelices veinte\u201d). Cre\u00f3 el monopolio de petr\u00f3leos (CAMPSA) y la Telef\u00f3nica. Intent\u00f3 introducir un impuesto global sobre la renta, que tuvo muchas resistencias.<\/span><\/div>\n<ul type=\"disc\">\n<li style=\"color: black;line-height: normal;margin: 0cm 0cm 12pt;text-align: justify\"><b><span style=\"font-size: 10pt\">Obras P\u00fablicas<\/span><\/b><span style=\"font-size: 10pt\">. Puso en pr\u00e1ctica ambiciosas obras hidr\u00e1ulicas, ampli\u00f3 la red carreteras y moderniz\u00f3 la de ferrocarriles.<\/span><\/li>\n<li style=\"color: black;line-height: normal;margin: 0cm 0cm 10pt;text-align: justify\"><b><span style=\"font-size: 10pt\">Pol\u00edtica laboral<\/span><\/b><span style=\"font-size: 10pt\">. Cre\u00f3 los \u201ccomit\u00e9s paritarios\u201d para resolver los conflictos entre obreros y patronos. Se inspir\u00f3 en algunos aspectos del corporativismo fascista y cont\u00f3 con la colaboraci\u00f3n de los socialistas. Estas medidas, combinadas con la represi\u00f3n, redujeron la conflictividad social.<\/span><\/li>\n<\/ul>\n<div style=\"line-height: normal;margin: 0cm 0cm 10pt -42.55pt;text-align: justify;text-indent: 7.1pt\"><span style=\"color: black;font-size: 10pt\">La Dictadura fracas\u00f3 cuando intent\u00f3 institucionalizarse. No ten\u00eda, en realidad, un proyecto pol\u00edtico claro y Primo de Rivera demostr\u00f3 grandes vacilaciones. En 1927 se cre\u00f3 la <b>Asamblea Nacional<\/b> con funciones meramente consultivas. Fue inoperante: su proyecto de una nueva Constituci\u00f3n (de car\u00e1cter corporativo) disgust\u00f3 a casi todos. A la altura de 1929, la Dictadura apenas ten\u00eda respaldo, empezando por el rey.<\/span><\/div>\n<div style=\"line-height: normal;margin: 0cm 0cm 10pt -42.55pt;text-align: justify;text-indent: 21.25pt\"><b><span style=\"color: black;font-size: 10pt\">Oposici\u00f3n<\/span><\/b><span style=\"color: black;font-size: 10pt\">: La Dictadura cay\u00f3 m\u00e1s por su fracaso pol\u00edtico que por la fuerza de sus opositores.<\/p>\n<p>En sus comienzos, la oposici\u00f3n se limit\u00f3 a algunos representantes de la <b>\u201cvieja pol\u00edtica\u201d<\/b> (liberales y conservadores). En cuanto al movimiento obrero, la oposici\u00f3n de los <b>anarcosindicalistas<\/b> fue liquidada de forma contundente y r\u00e1pida.<br \/><\/span><span style=\"color: black;font-size: 10pt\">M\u00e1s importancia tuvo la oposici\u00f3n de los <b>intelectuales<\/b>. Al principio fueron pocos. El m\u00e1s destacado fue Miguel de Unamuno, cesado en sus cargos acad\u00e9micos y desterrado a Fuerteventura. Huy\u00f3 y se refugi\u00f3 en Hendaya -en la frontera francesa-, desde donde hostig\u00f3 sin descanso a la Dictadura. Otros intelectuales, como Mara\u00f1\u00f3n, fueron \u00fanicamente multados.<\/p>\n<p>A partir de 1927, esta actitud intelectual conect\u00f3 con un <b>movimiento estudiantil<\/b> organizado en la <b>Federaci\u00f3n Universitaria Escolar<\/b> (FUE), que protagoniz\u00f3 protestas. En 1929 el Gobierno cerr\u00f3 varias universidades, y varios profesores (Ortega, Fernando de los R\u00edos,&#8230;) renunciaron a sus c\u00e1tedras en solidaridad.<\/p>\n<p>Los grupos <b>republicanos<\/b>, muy divididos y dispersos, se fueron reorganizando. Lerroux cre\u00f3 la Alianza Republicana y Aza\u00f1a fund\u00f3 Acci\u00f3n Republicana. Surgieron disensiones en el propio <b>ej\u00e9rcito<\/b>. Los <b>artilleros<\/b> se opusieron a la modificaci\u00f3n en el sistema de ascensos y fueron disueltos. Finalmente, en 1929 los <b>socialistas<\/b> se apartaron de la colaboraci\u00f3n y se decantaron con claridad por la salida republicana.<\/span><\/div>\n<div style=\"line-height: normal;margin: 0cm 0cm 12pt -42.55pt;text-align: justify\"><b><span style=\"color: #096096;font-size: 10pt\">5.- La ca\u00edda de la monarqu\u00eda. Abril 1931<\/span><\/b><\/div>\n<div style=\"line-height: normal;margin: 0cm 0cm 10pt -42.55pt;text-align: justify;text-indent: 21.25pt\"><b><span style=\"color: #2280ba;font-size: 10pt\">Dimisi\u00f3n de Primo de Rivera y la \u201cdictablanda\u201d<\/span><\/b><\/div>\n<div style=\"line-height: normal;margin: 0cm 0cm 12pt -42.55pt;text-align: justify;text-indent: 21.25pt\"><span style=\"color: black;font-size: 10pt\">El 28 de enero de 1930, Primo de Rivera dimiti\u00f3 tras una consulta a los capitanes generales, que le negaron un apoyo expl\u00edcito. El rey, que ve\u00eda la Dictadura agotada, encarg\u00f3 formar gobierno al general <b>D\u00e1maso Berenguer<\/b>. Su objetivo fue la <i>vuelta a la normalidad constitucional.<\/i><\/p>\n<p>Hubo un periodo de apertura pol\u00edtica, aunque el r\u00e9gimen segu\u00eda siendo formalmente dictatorial. Por eso se le llam\u00f3 la <b>\u201cDictablanda\u201d<\/b>. Volvieron otra vez los partidos pol\u00edticos. Proliferaron los m\u00edtines y las protestas estudiantiles. La prensa goz\u00f3 otra vez de libertad. Los dos hechos sociopol\u00edticos m\u00e1s importantes fueron:<\/span><\/div>\n<div style=\"line-height: normal;margin: 0cm 0cm 12pt -42.55pt;text-align: justify;text-indent: 0cm\"><span style=\"color: black;font-family: Symbol;font-size: 10pt\">\u00b7<span style=\"font-size: 7pt;font-style: normal;font-variant: normal;font-weight: normal;line-height: normal\">&nbsp; <\/span><\/span><span style=\"color: black;font-size: 10pt\">La incapacidad del sistema para volver a poner en funcionamiento sus mecanismos de control social y pol\u00edtico (que Primo hab\u00eda desarticulado).<\/span><\/div>\n<div style=\"line-height: normal;margin: 0cm 0cm 10pt -42.55pt;text-align: justify;text-indent: 0cm\"><span style=\"color: black;font-family: Symbol;font-size: 10pt\">\u00b7<span style=\"font-size: 7pt;font-style: normal;font-variant: normal;font-weight: normal;line-height: normal\">&nbsp; <\/span><\/span><span style=\"color: black;font-size: 10pt\">El cambio de una parte importante de la opini\u00f3n p\u00fablica -clases medias urbanas, movimiento obrero socialista- hacia opciones republicanas.<\/span><\/div>\n<div style=\"line-height: normal;margin: 0cm 0cm 10pt -42.55pt;text-align: justify;text-indent: 21.25pt\"><span style=\"color: black;font-size: 10pt\">Republicanos, socialistas y regionalistas firmaron el <b>Pacto de San Sebasti\u00e1n<\/b> (agosto de 1930) y formaron un Comit\u00e9 revolucionario para derribar la monarqu\u00eda. En diciembre se produjo la sublevaci\u00f3n militar de Jaca, que fracas\u00f3 (y fueron ejecutados sus dos capitanes: Gal\u00e1n y Garc\u00eda Hern\u00e1ndez).<\/p>\n<p>Berenguer fue sustituido al frente del Gobierno por el almirante <b>Aznar<\/b> en febrero de 1931. Se le encarg\u00f3 la organizaci\u00f3n de un proceso electoral escalonado, cuyo destino final ser\u00edan unas Cortes que definieran el futuro pol\u00edtico espa\u00f1ol. El proceso se detuvo en el primer pelda\u00f1o: las <b>elecciones municipales<\/b> del 12 de abril de 1931. Dos d\u00edas despu\u00e9s se proclamaba la II Rep\u00fablica y Alfonso XIII tomaba el camino del exilio.<\/span><\/div>\n<div style=\"line-height: normal;margin: 0cm 0cm 10pt -42.55pt;text-align: justify;text-indent: 21.25pt\"><\/div>\n<div style=\"line-height: normal;margin: 0cm 0cm 10pt -42.55pt;text-align: justify;text-indent: 21.25pt\"><\/div>\n<div style=\"line-height: normal;margin: 0cm 0cm 10pt -42.55pt;text-align: justify;text-indent: 21.25pt\"><\/div>\n<div style=\"line-height: normal;margin: 0cm 0cm 10pt -42.55pt;text-align: justify;text-indent: 21.25pt\"><\/div>\n<div style=\"line-height: normal;margin: 0cm 0cm 10pt -42.55pt;text-align: justify;text-indent: 21.25pt\"><\/div>\n<div style=\"line-height: normal;margin: 0cm 0cm 10pt -42.55pt;text-align: justify;text-indent: 21.25pt\"><\/div>\n<div style=\"line-height: normal;margin: 0cm 0cm 10pt -42.55pt;text-align: justify;text-indent: 21.25pt\"><\/div>\n<div style=\"line-height: normal;margin: 0cm 0cm 10pt -42.55pt;text-align: justify;text-indent: 21.25pt\"><\/div>\n<div style=\"line-height: normal;margin: 0cm 0cm 10pt -42.55pt;text-align: justify;text-indent: 21.25pt\"><\/div>\n<div style=\"line-height: normal;margin: 0cm 0cm 10pt -42.55pt;text-align: justify;text-indent: 21.25pt\"><\/div>\n<div style=\"line-height: normal;margin: 0cm 0cm 10pt -42.55pt;text-align: justify;text-indent: 21.25pt\"><\/div>\n<div style=\"line-height: normal;margin: 0cm 0cm 10pt -42.55pt;text-align: justify;text-indent: 21.25pt\"><\/div>\n<div style=\"line-height: normal;margin: 0cm 0cm 10pt -42.55pt;text-align: justify;text-indent: 21.25pt\"><\/div>\n<div style=\"line-height: normal;margin: 0cm 0cm 10pt -42.55pt;text-align: justify;text-indent: 21.25pt\"><\/div>\n<div style=\"line-height: normal;margin: 0cm 0cm 10pt -42.55pt;text-align: justify;text-indent: 21.25pt\"><\/div>\n<div style=\"line-height: normal;margin: 0cm 0cm 10pt -42.55pt;text-align: justify;text-indent: 21.25pt\"><\/div>\n<div style=\"line-height: normal;margin: 0cm 0cm 10pt -42.55pt;text-align: justify;text-indent: 21.25pt\"><\/div>\n<div style=\"line-height: normal;margin: 0cm 0cm 10pt -42.55pt;text-align: justify;text-indent: 21.25pt\"><\/div>\n<div style=\"line-height: normal;margin: 0cm 0cm 10pt -42.55pt;text-align: justify;text-indent: 21.25pt\"><\/div>\n<div style=\"line-height: normal;margin: 0cm 0cm 10pt -42.55pt;text-align: justify;text-indent: 21.25pt\"><\/div>\n<div style=\"line-height: normal;margin: 9pt 0cm 0pt\"><a href=\"http:\/\/www.blogger.com\/post-edit.g?blogID=8482425451161895395&amp;postID=300749702192990256\" name=\"7432518079629157856\"><\/a><b><span style=\"color: #990000;font-size: 15pt\">Primo de Rivera. Im\u00e1genes <\/span><\/b><\/div>\n<div style=\"line-height: normal;margin: 0cm 0cm 10pt\"><span style=\"color: #990000;font-size: 10.5pt\"><\/span><span style=\"color: #990000;font-size: 10.5pt\"><\/span><\/div>\n<div align=\"right\" style=\"line-height: normal;margin: 0cm 0cm 10pt;text-align: right\"><span style=\"color: #990000;font-size: 10.5pt\">Alfonso XIII con el Directorio Militar<\/span><\/div>\n<div align=\"right\" style=\"line-height: normal;margin: 0cm 0cm 10pt;text-align: right\"><span style=\"color: #990000;font-size: 10.5pt\"><\/span><span style=\"color: #990000;font-size: 10.5pt\"><\/span><\/div>\n<div align=\"right\" style=\"line-height: normal;margin: 0cm 0cm 10pt;text-align: right\"><span style=\"color: #990000;font-size: 10.5pt\">Primo de Rivera despachando con el rey<\/span><\/div>\n<div style=\"line-height: normal;margin: 0cm 0cm 10pt\"><span style=\"color: #990000;font-size: 10.5pt\"><\/span><span style=\"color: #990000;font-size: 10.5pt\"><\/span><\/div>\n<div align=\"right\" style=\"line-height: normal;margin: 0cm 0cm 10pt;text-align: right\"><span style=\"color: #990000;font-size: 10.5pt\">El Directorio Militar. 1923<\/span><\/div>\n<div style=\"line-height: normal;margin: 0cm 0cm 10pt\"><span style=\"color: #990000;font-size: 10.5pt\"><\/span><span style=\"color: #990000;font-size: 10.5pt\"><\/span><\/div>\n<div align=\"right\" style=\"line-height: normal;margin: 0cm 0cm 10pt;text-align: right\"><span style=\"color: #990000;font-size: 10.5pt\">Alfonso XIII con el Directorio Civil. 1925<\/span><\/div>\n<h3 style=\"margin: 9pt 0cm 0pt\"><span style=\"color: #990000;font-size: 10pt\">La dictadura de Primo de Rivera. <\/span><\/h3>\n<div><span style=\"color: #990000;font-size: 10pt\">1. \u00bfQu\u00e9 caracteriz\u00f3 al r\u00e9gimen instaurado por Primo de Rivera? \u00bfLa crisis de la dictadura con qu\u00e9 acab\u00f3 tambi\u00e9n? <\/span><\/div>\n<div><span style=\"color: #990000;font-size: 10pt\">2. \u00bfC\u00f3mo alcanz\u00f3 el poder el general Primo de Rivera? <\/span><\/div>\n<div><span style=\"color: #990000;font-size: 10pt\">3. Analiza el <b>Manifiesto de Primo de Rivera a la naci\u00f3n<\/b> (doc. 1) \u00bfQu\u00e9 razones da el general para justificar el golpe? \u00bfEn qu\u00e9 momento sit\u00faa el origen de la crisis? \u00bfQui\u00e9nes son, seg\u00fan \u00e9l, los culpables? \u00bfQu\u00e9 problemas se propone resolver? \u00bfHay alguna relaci\u00f3n entre el discurso de Primo de Rivera y el regeneracionismo? <\/span><\/div>\n<div><span style=\"color: #990000;font-size: 10pt\">4. \u00bfC\u00f3mo reaccion\u00f3 el pa\u00eds ante el golpe de Estado? <\/span><\/div>\n<div><span style=\"color: #990000;font-size: 10pt\">5. Observa la fotograf\u00eda de<b> Alfonso XIII con el Directorio Militar<\/b> (doc. 2) \u00bfQu\u00e9 tipo de gobierno form\u00f3 Primo de Rivera al ser confirmado en el poder por el rey? Analiza la postura del monarca ante el golpe de Estado y el sistema pol\u00edtico que naci\u00f3 de \u00e9l. <\/span><\/div>\n<div><span style=\"color: #990000;font-size: 10pt\">6. \u00bfQu\u00e9 medidas tom\u00f3 el Directorio con respecto a las libertades y el sistema pol\u00edtico vigente hasta entonces? <\/span><\/div>\n<div><span style=\"color: #990000;font-size: 10pt\">7. Explica brevemente las reformas pol\u00edticas implantadas por el nuevo gobierno <\/span><\/div>\n<div><span style=\"color: #990000;font-size: 10pt\">8. \u00bfQu\u00e9 postura adopt\u00f3 Primo de Rivera ante el problema marroqu\u00ed y c\u00f3mo se resolvi\u00f3 \u00e9ste? <\/span><\/div>\n<div><span style=\"color: #990000;font-size: 10pt\">9. F\u00edjate en la fotograf\u00eda del <b>Alfonso XIII con el Directorio Civil<\/b> (doc. 3) \u00bfCu\u00e1ndo y por qu\u00e9 se constituy\u00f3 \u00e9ste? Cita al nombre de alguno de los civiles que entraron a formar parte del Directorio. <\/span><\/div>\n<div><span style=\"color: #990000;font-size: 10pt\">10. Analiza <b>la Cartilla de la<\/b> <b>Uni\u00f3n Patri\u00f3tica<\/b> (doc. 4). Explica qu\u00e9 funci\u00f3n pretend\u00eda cumplir dicho partido \u00bfQu\u00e9 ideolog\u00eda ten\u00eda? \u00bfCu\u00e1l fue su \u00e9xito entre la sociedad espa\u00f1ola? <\/span><\/div>\n<div><span style=\"color: #990000;font-size: 10pt\">11. El nuevo sistema creaba un \u201cparlamento\u201d \u00bfCu\u00e1l era su nombre? \u00bfPor quienes estaba formado? \u00bfQu\u00e9 funci\u00f3n deb\u00eda cumplir? <\/span><\/div>\n<div><span style=\"color: #990000;font-size: 10pt\">12. Describe la pol\u00edtica econ\u00f3mica del r\u00e9gimen: objetivos, medidas tomadas, organismos creados, sectores favorecidos, etc. \u00bfQui\u00e9n fue el responsable de dicha pol\u00edtica econ\u00f3mica? <\/span><\/div>\n<div><span style=\"color: #990000;font-size: 10pt\">13. \u00bfQu\u00e9 consecuencias tuvo, tanto positivas como negativas, la pol\u00edtica econ\u00f3mica de la dictadura? <\/span><\/div>\n<div><span style=\"color: #990000;font-size: 10pt\">14. \u00bfC\u00f3mo se regularon las relaciones laborales? \u00bfQu\u00e9 \u00f3rgano se cre\u00f3 a ese respecto? \u00bfQu\u00e9 nombre recibe esta concepci\u00f3n de las relaciones sociales y econ\u00f3micas? \u00bfQu\u00e9 posturas mantuvieron los sindicatos? <\/span><\/div>\n<div><span style=\"color: #990000;font-size: 10pt\">15. \u00bfQu\u00e9 grupos se opusieron a la dictadura? \u00bfC\u00f3mo evolucion\u00f3 dicha oposici\u00f3n? <\/span><\/div>\n<div><span style=\"color: #990000;font-size: 10pt\">16. \u00bfQu\u00e9 circunstancias llevaron a Primo de Rivera a presentar su dimisi\u00f3n? <\/span><\/div>\n<div><span style=\"color: #990000;font-size: 10pt\">17. \u00bfA qui\u00e9n nombr\u00f3 el rey para presidir el nuevo gobierno? \u00bfQu\u00e9 misi\u00f3n ten\u00eda encomendada? <\/span><\/div>\n<div><span style=\"color: #990000;font-size: 10pt\">18. \u00bfPor qui\u00e9n fue sustituido y qu\u00e9 medidas tom\u00f3? <\/span><\/div>\n<div><span style=\"color: #990000;font-size: 10pt\">19. \u00bfEn qu\u00e9 pacto se agrup\u00f3 la oposici\u00f3n y con qu\u00e9 objetivo? <\/span><\/div>\n<div><span style=\"color: #990000;font-size: 10pt\">20. \u00bfEn qu\u00e9 circunstancias se produjo el fin de la monarqu\u00eda? \u00bfC\u00f3mo consecuencia, qu\u00e9 nuevo r\u00e9gimen naci\u00f3? <\/span><\/div>\n<div><span style=\"color: #990000;font-size: 10pt\">Incluye en la redacci\u00f3n los t\u00e9rminos: <\/span><\/div>\n<div><b><span style=\"color: #990000;font-size: 10pt\">Primo de Rivera<span><ins cite=\"mailto:Gema\" datetime=\"2010-11-10T17:44\"><span style=\"color: teal\">,<\/span><\/ins><\/span> Alfonso XIII,<span><ins cite=\"mailto:Gema\" datetime=\"2010-11-10T17:44\"><span style=\"color: teal\"> <\/span><\/ins><\/span>Jos\u00e9 calvo Sotelo, D\u00e1maso Berenguer, almirante Aznar, Abd-el-Krim, Uni\u00f3n Patri\u00f3tica, Asamblea Nacional Consultiva, Organizaci\u00f3n Corporativa Nacional, Consejo Econ\u00f3mico Nacional, corporativismo, Telef\u00f3nica, CAMPSA, Pacto de San Sebasti\u00e1n, \u201cdictablanda\u201d, Alhucemas<\/span><\/b><span style=\"color: #990000;font-size: 10pt\"> <\/span><\/div>\n<div><span style=\"color: #990000;font-size: 10pt\">Busca informaci\u00f3n en: <\/span><\/div>\n<div><span style=\"color: #990000;font-size: 10pt\"><a href=\"http:\/\/iris.cnice.mec.es\/kairos\/ensenanzas\/bachillerato\/espana\/alfonsoXIII_05_00.html\"><span style=\"color: #cc6411\">http:\/\/iris.cnice.mec.es\/kairos\/ensenanzas\/bachillerato\/espana\/alfonsoXIII_05_00.html<\/span><\/a><\/span><\/div>\n<div style=\"line-height: normal;margin: 0cm 0cm 10pt -42.55pt;text-align: justify;text-indent: 7.1pt\"><\/div>\n<div style=\"line-height: normal;margin: 0cm 0cm 0pt\"><b><span style=\"color: #990000;font-size: 15pt\">La dictadura de Primo de Rivera. Textos <\/span><\/b><\/div>\n<div align=\"center\" style=\"line-height: normal;margin: 0cm 0cm 10pt;text-align: center\"><b><span style=\"color: #990000;font-size: 10.5pt\">MANIFIESTO A LA NACI\u00d3N<\/span><\/b><span style=\"color: #990000;font-size: 10.5pt\"> <\/span><\/div>\n<div style=\"line-height: normal;margin: 0cm 0cm 10pt\"><span style=\"color: #990000;font-size: 10.5pt\">Al pa\u00eds y el ej\u00e9rcito. <\/span><\/div>\n<div style=\"line-height: normal;margin: 0cm 0cm 10pt\"><span style=\"color: #990000;font-size: 10.5pt\">Espa\u00f1oles: Ha llegado para nosotros el momento m\u00e1s temido que esperado (porque hubi\u00e9ramos querido vivir siempre en la legalidad y que ella rigiera sin interrupci\u00f3n la vida espa\u00f1ola) de recoger las ansias, de atender el clamoroso requerimiento de cuantos amando la patria no ven para ella otra salvaci\u00f3n que libertarla de los profesionales de la pol\u00edtica, de los hombres que por una u otra raz\u00f3n nos ofrecen un cuadro de desdichas e inmoralidades que empezaron el a\u00f1o 98 y amenazan a Espa\u00f1a con un pr\u00f3ximo fin tr\u00e1gico y deshonroso. <\/span><\/div>\n<div style=\"line-height: normal;margin: 0cm 0cm 10pt\"><span style=\"color: #990000;font-size: 10.5pt\">La tupida red de la pol\u00edtica de concupiscencias ha cogido en sus mallas, secuestr\u00e1ndola, hasta la voluntad real. Con frecuencia parecen pedir que gobiernen los que ellos dicen no dejan gobernar, aludiendo a los que han sido su \u00fanico, aunque d\u00e9bil, freno, y llevaron a las leyes y costumbres la \u00e9poca \u00e9tica sana, este tenue tinte de moral y equidad que a\u00fan tiene, pero en realidad se avienen f\u00e1ciles y contentos al turno y al reparto, y entre ellos mismos designan la sucesi\u00f3n. <\/span><\/div>\n<div style=\"line-height: normal;margin: 0cm 0cm 10pt\"><span style=\"color: #990000;font-size: 10.5pt\">Pues bien, ahora vamos a recabar todas las responsabilidades y a gobernar nosotros u hombres civiles que representen nuestra moral y doctrina. Basta ya de rebeld\u00edas mansas, que sin poner remedio a nada, da\u00f1an tanto y m\u00e1s a la disciplina que est\u00e1 recia y viril a que nos lanzamos por Espa\u00f1a y por el rey. <\/span><\/div>\n<div style=\"line-height: normal;margin: 0cm 0cm 10pt\"><span style=\"color: #990000;font-size: 10.5pt\">Este movimiento es de hombres; el que no sienta la masculinidad completamente caracterizada, que espere en un rinc\u00f3n, sin perturbar los d\u00edas buenos que para la patria preparamos. Espa\u00f1oles: \u00a1Viva Espa\u00f1a y viva el rey! <\/span><\/div>\n<div style=\"line-height: normal;margin: 0cm 0cm 10pt\"><span style=\"color: #990000;font-size: 10.5pt\">No tenemos que justificar nuestro acto, que el pueblo sano demanda e impone. Asesinatos de prelados, exgobernadores (\u2026). Rastreras intrigas pol\u00edticas, tomando como pretexto la tragedia de Marruecos; incertidumbre ante este grav\u00edsimo problema nacional, indisciplina social (\u2026), impune propaganda comunista (\u2026). <\/span><\/div>\n<div align=\"right\" style=\"line-height: normal;margin: 0cm 0cm 10pt;text-align: right\"><i><span style=\"color: #990000;font-size: 10.5pt\">La Vanguardia, 13 de septiembre de 1923<\/span><\/i><span style=\"color: #990000;font-size: 10.5pt\"> <\/span><\/div>\n<div align=\"right\" style=\"line-height: normal;margin: 0cm 0cm 10pt;text-align: right\"><span style=\"color: #990000;font-size: 10.5pt\"><\/span><span style=\"color: #990000;font-size: 10.5pt\">El desambarco de Alhucemas <\/span><\/div>\n<div align=\"center\" style=\"line-height: normal;margin: 0cm 0cm 10pt;text-align: center\"><b><span style=\"color: #990000;font-size: 10.5pt\">CARTILLA DE LA UNI\u00d3N PATRI\u00d3TICA<\/span><\/b><span style=\"color: #990000;font-size: 10.5pt\"> <\/span><\/div>\n<div style=\"line-height: normal;margin: 0cm 0cm 0pt\"><span style=\"color: #990000;font-size: 10.5pt\">Decidme:<br \/>Qu\u00e9 es la UNI\u00d3N PATRI\u00d3TICA?<br \/>La UNI\u00d3N PATRI\u00d3TICA es una Agrupaci\u00f3n de espa\u00f1oles que procuran distinguirse en el cumplimiento<br \/>de sus deberes.<br \/>(&#8230;) \u00bfCu\u00e1les son los deberes patri\u00f3ticos?<br \/>El conocimiento y la divulgaci\u00f3n de las glorias y del valor hist\u00f3rico de Espa\u00f1a.\/ La defensa de su unidad<br \/>nacional.\/ El sacrificio personal para defender la Patria contra sus enemigos exteriores e interiores.<br \/>(&#8230;) \u00bfCu\u00e1l es el origen de la UNI\u00d3N PATRI\u00d3TICA?<br \/>La santa rebeld\u00eda del alzamiento militar que, bajo las \u00f3rdenes del general Primo de Rivera, salv\u00f3 a<br \/>Espa\u00f1a de su inmediata ruina.<br \/>Es la UNI\u00d3N PATRI\u00d3TICA un partido pol\u00edtico?<br \/>No es un partido pol\u00edtico; es una organizaci\u00f3n ciudadana&#8230; <\/span><\/div>\n<div align=\"right\" style=\"line-height: normal;margin: 0cm 0cm 10pt;text-align: right\"><span style=\"color: #990000;font-size: 10.5pt\">Uni\u00f3n Patri\u00f3tica, Madrid n\u00ba 38, 1-4-1928<\/span><\/div>\n<div style=\"line-height: normal;margin: 0cm 0cm 10pt -42.55pt;text-align: justify;text-indent: 7.1pt\"><\/div>\n","protected":false},"excerpt":{"rendered":"<p>Tema 9: Alfonso XII y la dictadura de Primo de Rivera (1902-1931) 1.- Crisis y quiebra de la monarqu\u00eda constitucional. 2.- Los problemas del reinado de Alfonso XIII. 3.- Fin de la Restauraci\u00f3n. 4.-&#46;&#46;&#46;<\/p>\n","protected":false},"author":14195,"featured_media":0,"comment_status":"open","ping_status":"open","sticky":false,"template":"","format":"standard","meta":{"ngg_post_thumbnail":0,"footnotes":""},"categories":[1],"tags":[],"aioseo_notices":[],"_links":{"self":[{"href":"https:\/\/blogsaverroes.juntadeandalucia.es\/csshumelenagarcia\/wp-json\/wp\/v2\/posts\/39"}],"collection":[{"href":"https:\/\/blogsaverroes.juntadeandalucia.es\/csshumelenagarcia\/wp-json\/wp\/v2\/posts"}],"about":[{"href":"https:\/\/blogsaverroes.juntadeandalucia.es\/csshumelenagarcia\/wp-json\/wp\/v2\/types\/post"}],"author":[{"embeddable":true,"href":"https:\/\/blogsaverroes.juntadeandalucia.es\/csshumelenagarcia\/wp-json\/wp\/v2\/users\/14195"}],"replies":[{"embeddable":true,"href":"https:\/\/blogsaverroes.juntadeandalucia.es\/csshumelenagarcia\/wp-json\/wp\/v2\/comments?post=39"}],"version-history":[{"count":1,"href":"https:\/\/blogsaverroes.juntadeandalucia.es\/csshumelenagarcia\/wp-json\/wp\/v2\/posts\/39\/revisions"}],"predecessor-version":[{"id":113,"href":"https:\/\/blogsaverroes.juntadeandalucia.es\/csshumelenagarcia\/wp-json\/wp\/v2\/posts\/39\/revisions\/113"}],"wp:attachment":[{"href":"https:\/\/blogsaverroes.juntadeandalucia.es\/csshumelenagarcia\/wp-json\/wp\/v2\/media?parent=39"}],"wp:term":[{"taxonomy":"category","embeddable":true,"href":"https:\/\/blogsaverroes.juntadeandalucia.es\/csshumelenagarcia\/wp-json\/wp\/v2\/categories?post=39"},{"taxonomy":"post_tag","embeddable":true,"href":"https:\/\/blogsaverroes.juntadeandalucia.es\/csshumelenagarcia\/wp-json\/wp\/v2\/tags?post=39"}],"curies":[{"name":"wp","href":"https:\/\/api.w.org\/{rel}","templated":true}]}}