{"id":187,"date":"2022-10-21T19:16:12","date_gmt":"2022-10-21T17:16:12","guid":{"rendered":"https:\/\/blogsaverroes.juntadeandalucia.es\/cuartonaranjo\/?p=187"},"modified":"2022-10-30T19:47:28","modified_gmt":"2022-10-30T18:47:28","slug":"fiesta-del-agua-2-022","status":"publish","type":"post","link":"https:\/\/blogsaverroes.juntadeandalucia.es\/cuartonaranjo\/2022\/10\/21\/fiesta-del-agua-2-022\/","title":{"rendered":"FIESTA DEL AGUA 2.022"},"content":{"rendered":"<p>Os dejo una presentaci\u00f3n&nbsp; con las fotos y v\u00eddeos de la fiesta del agua. Pincha en la imagen para verlas.<\/p>\n<p>Las caras dicen c\u00f3mo lo pasamos.<\/p>\n<p>Gracias a todas las personas que lo han hecho posible.<\/p>\n<p><a href=\"https:\/\/docs.google.com\/presentation\/d\/1QNF1VCsVeBgcFUxUJ5-7kToqZL_Crg65O4aBrHpdgYc\/edit?usp=sharing\"><img loading=\"lazy\" decoding=\"async\" class=\"alignnone size-medium wp-image-188 aligncenter\" src=\"https:\/\/blogsaverroes.juntadeandalucia.es\/cuartonaranjo\/files\/2022\/10\/FIESTA-AGUA-2.022-300x169.jpg\" alt=\"\" width=\"300\" height=\"169\" srcset=\"https:\/\/blogsaverroes.juntadeandalucia.es\/cuartonaranjo\/files\/2022\/10\/FIESTA-AGUA-2.022-300x169.jpg 300w, https:\/\/blogsaverroes.juntadeandalucia.es\/cuartonaranjo\/files\/2022\/10\/FIESTA-AGUA-2.022-768x432.jpg 768w, https:\/\/blogsaverroes.juntadeandalucia.es\/cuartonaranjo\/files\/2022\/10\/FIESTA-AGUA-2.022.jpg 960w\" sizes=\"(max-width: 300px) 100vw, 300px\" \/><\/a><\/p>\n<p>&nbsp;<\/p>\n","protected":false},"excerpt":{"rendered":"<p>Os dejo una presentaci\u00f3n&nbsp; con las fotos y v\u00eddeos de la fiesta del agua. Pincha en la imagen para verlas. Las caras dicen c\u00f3mo lo pasamos. Gracias a todas las personas que lo han hecho posible. &nbsp;<\/p>\n","protected":false},"author":6681,"featured_media":188,"comment_status":"open","ping_status":"open","sticky":false,"template":"","format":"standard","meta":{"ngg_post_thumbnail":0,"footnotes":""},"categories":[1,41],"tags":[],"aioseo_notices":[],"_links":{"self":[{"href":"https:\/\/blogsaverroes.juntadeandalucia.es\/cuartonaranjo\/wp-json\/wp\/v2\/posts\/187"}],"collection":[{"href":"https:\/\/blogsaverroes.juntadeandalucia.es\/cuartonaranjo\/wp-json\/wp\/v2\/posts"}],"about":[{"href":"https:\/\/blogsaverroes.juntadeandalucia.es\/cuartonaranjo\/wp-json\/wp\/v2\/types\/post"}],"author":[{"embeddable":true,"href":"https:\/\/blogsaverroes.juntadeandalucia.es\/cuartonaranjo\/wp-json\/wp\/v2\/users\/6681"}],"replies":[{"embeddable":true,"href":"https:\/\/blogsaverroes.juntadeandalucia.es\/cuartonaranjo\/wp-json\/wp\/v2\/comments?post=187"}],"version-history":[{"count":2,"href":"https:\/\/blogsaverroes.juntadeandalucia.es\/cuartonaranjo\/wp-json\/wp\/v2\/posts\/187\/revisions"}],"predecessor-version":[{"id":242,"href":"https:\/\/blogsaverroes.juntadeandalucia.es\/cuartonaranjo\/wp-json\/wp\/v2\/posts\/187\/revisions\/242"}],"wp:featuredmedia":[{"embeddable":true,"href":"https:\/\/blogsaverroes.juntadeandalucia.es\/cuartonaranjo\/wp-json\/wp\/v2\/media\/188"}],"wp:attachment":[{"href":"https:\/\/blogsaverroes.juntadeandalucia.es\/cuartonaranjo\/wp-json\/wp\/v2\/media?parent=187"}],"wp:term":[{"taxonomy":"category","embeddable":true,"href":"https:\/\/blogsaverroes.juntadeandalucia.es\/cuartonaranjo\/wp-json\/wp\/v2\/categories?post=187"},{"taxonomy":"post_tag","embeddable":true,"href":"https:\/\/blogsaverroes.juntadeandalucia.es\/cuartonaranjo\/wp-json\/wp\/v2\/tags?post=187"}],"curies":[{"name":"wp","href":"https:\/\/api.w.org\/{rel}","templated":true}]}}