{"id":587,"date":"2023-03-23T13:17:04","date_gmt":"2023-03-23T12:17:04","guid":{"rendered":"https:\/\/blogsaverroes.juntadeandalucia.es\/cuartonaranjo\/?p=587"},"modified":"2023-03-23T13:17:04","modified_gmt":"2023-03-23T12:17:04","slug":"verbos","status":"publish","type":"post","link":"https:\/\/blogsaverroes.juntadeandalucia.es\/cuartonaranjo\/2023\/03\/23\/verbos\/","title":{"rendered":"VERBOS"},"content":{"rendered":"<p><img loading=\"lazy\" decoding=\"async\" class=\"alignnone size-full wp-image-588 aligncenter\" src=\"https:\/\/blogsaverroes.juntadeandalucia.es\/cuartonaranjo\/files\/2023\/03\/images-4.png\" alt=\"\" width=\"289\" height=\"175\"><\/p>\n<p>\u00bfQU\u00c9 SON LOS VERBOS?<\/p>\n<div class=\"post-video\"><iframe loading=\"lazy\" title=\"\u00bfQu\u00e9 es un Verbo? | Videos Educativos Aula365\" width=\"1165\" height=\"655\" src=\"https:\/\/www.youtube.com\/embed\/F31XS-rjABA?feature=oembed\" frameborder=\"0\" allow=\"accelerometer; autoplay; clipboard-write; encrypted-media; gyroscope; picture-in-picture; web-share\" referrerpolicy=\"strict-origin-when-cross-origin\" allowfullscreen><\/iframe><\/div>\n<div class=\"post-video\"><iframe loading=\"lazy\" title=\"\u00bfQu\u00e9 son los verbos?\" width=\"1165\" height=\"655\" src=\"https:\/\/www.youtube.com\/embed\/vZJ1oGPknS0?feature=oembed\" frameborder=\"0\" allow=\"accelerometer; autoplay; clipboard-write; encrypted-media; gyroscope; picture-in-picture; web-share\" referrerpolicy=\"strict-origin-when-cross-origin\" allowfullscreen><\/iframe><\/div>\n<p>N\u00daMERO Y PERSONA DE LOS VERBOS<\/p>\n<div class=\"post-video\"><iframe loading=\"lazy\" title=\"Lengua Castellana. 4\u00ba Primaria. Tema 9. Persona y n\u00famero de los verbos\" width=\"1165\" height=\"874\" src=\"https:\/\/www.youtube.com\/embed\/mnWDxwyPIo0?feature=oembed\" frameborder=\"0\" allow=\"accelerometer; autoplay; clipboard-write; encrypted-media; gyroscope; picture-in-picture; web-share\" referrerpolicy=\"strict-origin-when-cross-origin\" allowfullscreen><\/iframe><\/div>\n<p>CONJUGACI\u00d3N DE LOS VERBOS<\/p>\n<div class=\"post-video\"><iframe loading=\"lazy\" title=\"\u00bfC\u00f3mo se Conjugan los Verbos? | Videos Educativos Aula365\" width=\"1165\" height=\"655\" src=\"https:\/\/www.youtube.com\/embed\/3fDfxrRn8Vk?feature=oembed\" frameborder=\"0\" allow=\"accelerometer; autoplay; clipboard-write; encrypted-media; gyroscope; picture-in-picture; web-share\" referrerpolicy=\"strict-origin-when-cross-origin\" allowfullscreen><\/iframe><\/div>\n<p>&nbsp;<\/p>\n<p>FORMAS NO PERSONALES<\/p>\n<div class=\"post-video\"><iframe loading=\"lazy\" title=\"EXPLICACI\u00d3N de los VERBOS, formas no personales: infinitivo, gerundio y participio [PARA NI\u00d1OS]\" width=\"1165\" height=\"655\" src=\"https:\/\/www.youtube.com\/embed\/CyC0Gxznh0A?feature=oembed\" frameborder=\"0\" allow=\"accelerometer; autoplay; clipboard-write; encrypted-media; gyroscope; picture-in-picture; web-share\" referrerpolicy=\"strict-origin-when-cross-origin\" allowfullscreen><\/iframe><\/div>\n<p>FORMAS SIMPLES Y COMPUESTAS<\/p>\n<div class=\"post-video\"><iframe loading=\"lazy\" title=\"Lengua Castellana. 4\u00ba Primaria. Tema 7. Formas verbales simples y compuestas\" width=\"1165\" height=\"874\" src=\"https:\/\/www.youtube.com\/embed\/i3LxfTCMPUw?feature=oembed\" frameborder=\"0\" allow=\"accelerometer; autoplay; clipboard-write; encrypted-media; gyroscope; picture-in-picture; web-share\" referrerpolicy=\"strict-origin-when-cross-origin\" allowfullscreen><\/iframe><\/div>\n<p>REPASO VERBOS (hasta el minuto 2:30)<\/p>\n<div class=\"post-video\"><iframe loading=\"lazy\" title=\"TIEMPOS VERBALES Modo Indicativo | Lengua Primaria\" width=\"1165\" height=\"655\" src=\"https:\/\/www.youtube.com\/embed\/Ar_wJOw7tY8?feature=oembed\" frameborder=\"0\" allow=\"accelerometer; autoplay; clipboard-write; encrypted-media; gyroscope; picture-in-picture; web-share\" referrerpolicy=\"strict-origin-when-cross-origin\" allowfullscreen><\/iframe><\/div>\n","protected":false},"excerpt":{"rendered":"<p>\u00bfQU\u00c9 SON LOS VERBOS? N\u00daMERO Y PERSONA DE LOS VERBOS CONJUGACI\u00d3N DE LOS VERBOS &nbsp; FORMAS NO PERSONALES FORMAS SIMPLES Y COMPUESTAS REPASO VERBOS (hasta el minuto 2:30)<\/p>\n","protected":false},"author":6681,"featured_media":588,"comment_status":"open","ping_status":"open","sticky":false,"template":"","format":"standard","meta":{"ngg_post_thumbnail":0,"footnotes":""},"categories":[1],"tags":[],"aioseo_notices":[],"_links":{"self":[{"href":"https:\/\/blogsaverroes.juntadeandalucia.es\/cuartonaranjo\/wp-json\/wp\/v2\/posts\/587"}],"collection":[{"href":"https:\/\/blogsaverroes.juntadeandalucia.es\/cuartonaranjo\/wp-json\/wp\/v2\/posts"}],"about":[{"href":"https:\/\/blogsaverroes.juntadeandalucia.es\/cuartonaranjo\/wp-json\/wp\/v2\/types\/post"}],"author":[{"embeddable":true,"href":"https:\/\/blogsaverroes.juntadeandalucia.es\/cuartonaranjo\/wp-json\/wp\/v2\/users\/6681"}],"replies":[{"embeddable":true,"href":"https:\/\/blogsaverroes.juntadeandalucia.es\/cuartonaranjo\/wp-json\/wp\/v2\/comments?post=587"}],"version-history":[{"count":1,"href":"https:\/\/blogsaverroes.juntadeandalucia.es\/cuartonaranjo\/wp-json\/wp\/v2\/posts\/587\/revisions"}],"predecessor-version":[{"id":589,"href":"https:\/\/blogsaverroes.juntadeandalucia.es\/cuartonaranjo\/wp-json\/wp\/v2\/posts\/587\/revisions\/589"}],"wp:featuredmedia":[{"embeddable":true,"href":"https:\/\/blogsaverroes.juntadeandalucia.es\/cuartonaranjo\/wp-json\/wp\/v2\/media\/588"}],"wp:attachment":[{"href":"https:\/\/blogsaverroes.juntadeandalucia.es\/cuartonaranjo\/wp-json\/wp\/v2\/media?parent=587"}],"wp:term":[{"taxonomy":"category","embeddable":true,"href":"https:\/\/blogsaverroes.juntadeandalucia.es\/cuartonaranjo\/wp-json\/wp\/v2\/categories?post=587"},{"taxonomy":"post_tag","embeddable":true,"href":"https:\/\/blogsaverroes.juntadeandalucia.es\/cuartonaranjo\/wp-json\/wp\/v2\/tags?post=587"}],"curies":[{"name":"wp","href":"https:\/\/api.w.org\/{rel}","templated":true}]}}