{"id":129,"date":"2021-04-13T16:16:56","date_gmt":"2021-04-13T16:16:56","guid":{"rendered":"https:\/\/blogsaverroes.juntadeandalucia.es\/davidbeato\/?p=129"},"modified":"2021-04-15T11:03:16","modified_gmt":"2021-04-15T11:03:16","slug":"donde-esta-mi-centro","status":"publish","type":"post","link":"https:\/\/blogsaverroes.juntadeandalucia.es\/davidbeato\/2021\/04\/13\/donde-esta-mi-centro\/","title":{"rendered":"\u00bfD\u00d3NDE EST\u00c1 MI COLE?"},"content":{"rendered":"<p>UBICACI\u00d3N DEL COLEGIO<\/p>\n<p><iframe loading=\"lazy\" src=\"https:\/\/www.google.com\/maps\/embed?pb=!4v1618330762941!6m8!1m7!1s17gY84SXIFRBHGd0W-6auQ!2m2!1d37.59010491443208!2d-4.628497543515761!3f22.28048!4f0!5f0.7820865974627469\" width=\"600\" height=\"450\"><\/iframe><\/p>\n<p style=\"text-align: left\">&nbsp;<\/p>\n<p>&nbsp;<br \/>\n&nbsp;<br \/>\n<iframe loading=\"lazy\" src=\"https:\/\/www.google.com\/maps\/embed?pb=!1m18!1m12!1m3!1d1142.3403016171023!2d-4.627945145547547!3d37.59029646879114!2m3!1f0!2f0!3f0!3m2!1i1024!2i768!4f13.1!3m3!1m2!1s0xd6d137592c27ae1%3A0xcd32167faaaa6768!2sColegio%20P%C3%BAblico%20Beato%20Juan%20de%20%C3%81vila!5e1!3m2!1ses!2ses!4v1618330654714!5m2!1ses!2ses\" width=\"600\" height=\"450\"><\/iframe><\/p>\n","protected":false},"excerpt":{"rendered":"<p>UBICACI\u00d3N DEL COLEGIO &nbsp; &nbsp; &nbsp;<\/p>\n","protected":false},"author":12771,"featured_media":0,"comment_status":"open","ping_status":"open","sticky":false,"template":"","format":"standard","meta":{"ngg_post_thumbnail":0,"footnotes":""},"categories":[1],"tags":[],"aioseo_notices":[],"_links":{"self":[{"href":"https:\/\/blogsaverroes.juntadeandalucia.es\/davidbeato\/wp-json\/wp\/v2\/posts\/129"}],"collection":[{"href":"https:\/\/blogsaverroes.juntadeandalucia.es\/davidbeato\/wp-json\/wp\/v2\/posts"}],"about":[{"href":"https:\/\/blogsaverroes.juntadeandalucia.es\/davidbeato\/wp-json\/wp\/v2\/types\/post"}],"author":[{"embeddable":true,"href":"https:\/\/blogsaverroes.juntadeandalucia.es\/davidbeato\/wp-json\/wp\/v2\/users\/12771"}],"replies":[{"embeddable":true,"href":"https:\/\/blogsaverroes.juntadeandalucia.es\/davidbeato\/wp-json\/wp\/v2\/comments?post=129"}],"version-history":[{"count":6,"href":"https:\/\/blogsaverroes.juntadeandalucia.es\/davidbeato\/wp-json\/wp\/v2\/posts\/129\/revisions"}],"predecessor-version":[{"id":366,"href":"https:\/\/blogsaverroes.juntadeandalucia.es\/davidbeato\/wp-json\/wp\/v2\/posts\/129\/revisions\/366"}],"wp:attachment":[{"href":"https:\/\/blogsaverroes.juntadeandalucia.es\/davidbeato\/wp-json\/wp\/v2\/media?parent=129"}],"wp:term":[{"taxonomy":"category","embeddable":true,"href":"https:\/\/blogsaverroes.juntadeandalucia.es\/davidbeato\/wp-json\/wp\/v2\/categories?post=129"},{"taxonomy":"post_tag","embeddable":true,"href":"https:\/\/blogsaverroes.juntadeandalucia.es\/davidbeato\/wp-json\/wp\/v2\/tags?post=129"}],"curies":[{"name":"wp","href":"https:\/\/api.w.org\/{rel}","templated":true}]}}