{"id":401,"date":"2020-03-05T16:18:33","date_gmt":"2020-03-05T15:18:33","guid":{"rendered":"http:\/\/blogsaverroes.juntadeandalucia.es\/davidcervera\/?p=401"},"modified":"2020-03-09T14:37:19","modified_gmt":"2020-03-09T13:37:19","slug":"taller-de-prevencion-de-adicciones","status":"publish","type":"post","link":"https:\/\/blogsaverroes.juntadeandalucia.es\/davidcervera\/taller-de-prevencion-de-adicciones\/","title":{"rendered":"TALLER DE PREVENCI\u00d3N DE ADICCIONES"},"content":{"rendered":"<div id=\"attachment_404\" style=\"width: 310px\" class=\"wp-caption alignright\"><a href=\"https:\/\/blogsaverroes.juntadeandalucia.es\/davidcervera\/files\/2020\/03\/20200224_130313.jpg\"><img fetchpriority=\"high\" decoding=\"async\" aria-describedby=\"caption-attachment-404\" class=\"size-medium wp-image-404\" src=\"https:\/\/blogsaverroes.juntadeandalucia.es\/davidcervera\/files\/2020\/03\/20200224_130313-300x225.jpg\" alt=\"Prevenci\u00f3n de Adicciones\" width=\"300\" height=\"225\" srcset=\"https:\/\/blogsaverroes.juntadeandalucia.es\/davidcervera\/files\/2020\/03\/20200224_130313-300x225.jpg 300w, https:\/\/blogsaverroes.juntadeandalucia.es\/davidcervera\/files\/2020\/03\/20200224_130313-768x576.jpg 768w, https:\/\/blogsaverroes.juntadeandalucia.es\/davidcervera\/files\/2020\/03\/20200224_130313-1024x768.jpg 1024w, https:\/\/blogsaverroes.juntadeandalucia.es\/davidcervera\/files\/2020\/03\/20200224_130313-24x18.jpg 24w, https:\/\/blogsaverroes.juntadeandalucia.es\/davidcervera\/files\/2020\/03\/20200224_130313-36x27.jpg 36w, https:\/\/blogsaverroes.juntadeandalucia.es\/davidcervera\/files\/2020\/03\/20200224_130313-48x36.jpg 48w, https:\/\/blogsaverroes.juntadeandalucia.es\/davidcervera\/files\/2020\/03\/20200224_130313.jpg 1600w\" sizes=\"(max-width: 300px) 100vw, 300px\" \/><\/a><p id=\"caption-attachment-404\" class=\"wp-caption-text\">Prevenci\u00f3n de Adicciones<\/p><\/div>\n<p>El pasado lunes d\u00eda 24 de Febrero se inici\u00f3 con el alumnado de Cuarto de ESO el taller de prevenci\u00f3n de adicciones. El Orientador del IES, Miguel Angel Caballero Mariscal, desarroll\u00f3 la primera sesi\u00f3n, bas\u00e1ndose en su experiencia, en el conocimiento de la personalidad, la sinergia con determinadas substancias y la importancia de SER y configurar una Escala adecuada de valores. Us\u00f3 el t\u00e9rmino IRPF para determinar cuatro pilares b\u00e1sicos necesarios para fortalecer la motivaci\u00f3n intr\u00ednseca y establecer factores de protecci\u00f3n frente a cualquier tipo de adicci\u00f3n:<\/p>\n<ul>\n<li>I de Identidad.<\/li>\n<li>R de referentes educativos sanos.<\/li>\n<li>P de pertenencia a un grupo de iguales con equilibrio cognitivo y emocional.<\/li>\n<li>F de Futuro, para determinar cu\u00e1les son los horizontes que deben guiar nuestras opciones.<\/li>\n<\/ul>\n<p>El alumnado estuvo muy atento, con una actitud muy participativa y valor\u00f3 la actividad como muy positiva.<\/p>\n<p>Usamos como medio una presentaci\u00f3n que te la puedes descargar en el siguiente enlace: <a href=\"https:\/\/blogsaverroes.juntadeandalucia.es\/davidcervera\/files\/2020\/03\/EL-ARTE-DE-EDUCAR-A-UN-DRAGON-IES-2020.pdf\">EL ARTE DE EDUCAR A UN DRAGON-IES 2020<\/a><\/p>\n","protected":false},"excerpt":{"rendered":"<p>El pasado lunes d\u00eda 24 de Febrero se inici\u00f3 con el alumnado de Cuarto de&#46;&#46;&#46;<\/p>\n","protected":false},"author":8484,"featured_media":405,"comment_status":"open","ping_status":"open","sticky":false,"template":"","format":"standard","meta":{"ngg_post_thumbnail":0,"footnotes":""},"categories":[838028],"tags":[],"aioseo_notices":[],"_links":{"self":[{"href":"https:\/\/blogsaverroes.juntadeandalucia.es\/davidcervera\/wp-json\/wp\/v2\/posts\/401"}],"collection":[{"href":"https:\/\/blogsaverroes.juntadeandalucia.es\/davidcervera\/wp-json\/wp\/v2\/posts"}],"about":[{"href":"https:\/\/blogsaverroes.juntadeandalucia.es\/davidcervera\/wp-json\/wp\/v2\/types\/post"}],"author":[{"embeddable":true,"href":"https:\/\/blogsaverroes.juntadeandalucia.es\/davidcervera\/wp-json\/wp\/v2\/users\/8484"}],"replies":[{"embeddable":true,"href":"https:\/\/blogsaverroes.juntadeandalucia.es\/davidcervera\/wp-json\/wp\/v2\/comments?post=401"}],"version-history":[{"count":6,"href":"https:\/\/blogsaverroes.juntadeandalucia.es\/davidcervera\/wp-json\/wp\/v2\/posts\/401\/revisions"}],"predecessor-version":[{"id":421,"href":"https:\/\/blogsaverroes.juntadeandalucia.es\/davidcervera\/wp-json\/wp\/v2\/posts\/401\/revisions\/421"}],"wp:featuredmedia":[{"embeddable":true,"href":"https:\/\/blogsaverroes.juntadeandalucia.es\/davidcervera\/wp-json\/wp\/v2\/media\/405"}],"wp:attachment":[{"href":"https:\/\/blogsaverroes.juntadeandalucia.es\/davidcervera\/wp-json\/wp\/v2\/media?parent=401"}],"wp:term":[{"taxonomy":"category","embeddable":true,"href":"https:\/\/blogsaverroes.juntadeandalucia.es\/davidcervera\/wp-json\/wp\/v2\/categories?post=401"},{"taxonomy":"post_tag","embeddable":true,"href":"https:\/\/blogsaverroes.juntadeandalucia.es\/davidcervera\/wp-json\/wp\/v2\/tags?post=401"}],"curies":[{"name":"wp","href":"https:\/\/api.w.org\/{rel}","templated":true}]}}