{"id":515,"date":"2021-01-22T06:11:13","date_gmt":"2021-01-22T05:11:13","guid":{"rendered":"http:\/\/blogsaverroes.juntadeandalucia.es\/davidcervera\/?p=515"},"modified":"2023-10-18T13:09:03","modified_gmt":"2023-10-18T11:09:03","slug":"dios-mio-no-se-lo-que-estudiar","status":"publish","type":"post","link":"https:\/\/blogsaverroes.juntadeandalucia.es\/davidcervera\/dios-mio-no-se-lo-que-estudiar\/","title":{"rendered":"Dios mio!!! No s\u00e9 que estudiar!!!!"},"content":{"rendered":"<p>Un hijo le comentaba a su madre..<\/p>\n<p>-Mami, ya estoy en 4\u00ba y no tengo nada claro qu\u00e9 quiero estudiar, \u00bfno s\u00e9 lo que voy a hacer?<\/p>\n<p>-Pues hijo, tendremos que sentarnos, hablar de ti, de tu forma de ser y de lo que te gusta, y del mercado de trabajo&#8230;.<\/p>\n<p>Bueno, esta conversaci\u00f3n deber\u00eda ser habitual en los cursos previos a la elecci\u00f3n del bachillerato, de la Formaci\u00f3n Profesional, o el acceso a la Universidad.&nbsp;<\/p>\n<p>Desde Educaweb nos hablan de que tenemos que tener en cuenta antes de elegir nuestros estudios.<\/p>\n<p><iframe title=\"\u00bfC\u00f3mo decido qu\u00e9 estudiar? \u00bfQu\u00e9 debo tener en cuenta para escoger unos estudios?\" width=\"500\" height=\"281\" src=\"https:\/\/www.youtube.com\/embed\/ErHrkwID0J8?feature=oembed&#038;wmode=opaque\" frameborder=\"0\" allow=\"accelerometer; autoplay; clipboard-write; encrypted-media; gyroscope; picture-in-picture; web-share\" allowfullscreen><\/iframe><\/p>\n","protected":false},"excerpt":{"rendered":"<p>Un hijo le comentaba a su madre.. -Mami, ya estoy en 4\u00ba y no tengo&#46;&#46;&#46;<\/p>\n","protected":false},"author":2376,"featured_media":520,"comment_status":"open","ping_status":"open","sticky":false,"template":"","format":"standard","meta":{"ngg_post_thumbnail":0,"footnotes":""},"categories":[838033],"tags":[838035],"aioseo_notices":[],"_links":{"self":[{"href":"https:\/\/blogsaverroes.juntadeandalucia.es\/davidcervera\/wp-json\/wp\/v2\/posts\/515"}],"collection":[{"href":"https:\/\/blogsaverroes.juntadeandalucia.es\/davidcervera\/wp-json\/wp\/v2\/posts"}],"about":[{"href":"https:\/\/blogsaverroes.juntadeandalucia.es\/davidcervera\/wp-json\/wp\/v2\/types\/post"}],"author":[{"embeddable":true,"href":"https:\/\/blogsaverroes.juntadeandalucia.es\/davidcervera\/wp-json\/wp\/v2\/users\/2376"}],"replies":[{"embeddable":true,"href":"https:\/\/blogsaverroes.juntadeandalucia.es\/davidcervera\/wp-json\/wp\/v2\/comments?post=515"}],"version-history":[{"count":3,"href":"https:\/\/blogsaverroes.juntadeandalucia.es\/davidcervera\/wp-json\/wp\/v2\/posts\/515\/revisions"}],"predecessor-version":[{"id":519,"href":"https:\/\/blogsaverroes.juntadeandalucia.es\/davidcervera\/wp-json\/wp\/v2\/posts\/515\/revisions\/519"}],"wp:featuredmedia":[{"embeddable":true,"href":"https:\/\/blogsaverroes.juntadeandalucia.es\/davidcervera\/wp-json\/wp\/v2\/media\/520"}],"wp:attachment":[{"href":"https:\/\/blogsaverroes.juntadeandalucia.es\/davidcervera\/wp-json\/wp\/v2\/media?parent=515"}],"wp:term":[{"taxonomy":"category","embeddable":true,"href":"https:\/\/blogsaverroes.juntadeandalucia.es\/davidcervera\/wp-json\/wp\/v2\/categories?post=515"},{"taxonomy":"post_tag","embeddable":true,"href":"https:\/\/blogsaverroes.juntadeandalucia.es\/davidcervera\/wp-json\/wp\/v2\/tags?post=515"}],"curies":[{"name":"wp","href":"https:\/\/api.w.org\/{rel}","templated":true}]}}