{"id":214,"date":"2020-04-13T09:35:56","date_gmt":"2020-04-13T07:35:56","guid":{"rendered":"https:\/\/blogsaverroes.juntadeandalucia.es\/debofg\/?p=214"},"modified":"2020-05-15T21:22:18","modified_gmt":"2020-05-15T19:22:18","slug":"tirando-del-hilo","status":"publish","type":"post","link":"https:\/\/blogsaverroes.juntadeandalucia.es\/debofg\/2020\/04\/13\/tirando-del-hilo\/","title":{"rendered":"Tirando del Hilo"},"content":{"rendered":"<p><img loading=\"lazy\" decoding=\"async\" class=\"aligncenter wp-image-216 size-large\" src=\"https:\/\/blogsaverroes.juntadeandalucia.es\/debofg\/files\/2020\/04\/AADB4752-4AD2-404C-8125-1A123E12DC15-1024x571.jpeg\" alt=\"\" width=\"1024\" height=\"571\" srcset=\"https:\/\/blogsaverroes.juntadeandalucia.es\/debofg\/files\/2020\/04\/AADB4752-4AD2-404C-8125-1A123E12DC15-1024x571.jpeg 1024w, https:\/\/blogsaverroes.juntadeandalucia.es\/debofg\/files\/2020\/04\/AADB4752-4AD2-404C-8125-1A123E12DC15-300x167.jpeg 300w, https:\/\/blogsaverroes.juntadeandalucia.es\/debofg\/files\/2020\/04\/AADB4752-4AD2-404C-8125-1A123E12DC15-768x428.jpeg 768w, https:\/\/blogsaverroes.juntadeandalucia.es\/debofg\/files\/2020\/04\/AADB4752-4AD2-404C-8125-1A123E12DC15-24x13.jpeg 24w, https:\/\/blogsaverroes.juntadeandalucia.es\/debofg\/files\/2020\/04\/AADB4752-4AD2-404C-8125-1A123E12DC15-36x20.jpeg 36w, https:\/\/blogsaverroes.juntadeandalucia.es\/debofg\/files\/2020\/04\/AADB4752-4AD2-404C-8125-1A123E12DC15-48x27.jpeg 48w\" sizes=\"(max-width: 1024px) 100vw, 1024px\" \/><\/p>\n<p>Buenas, con esta nueva entrada quiero presentaros el nuevo <strong>Proyecto Interdisciplinar<\/strong> que vamos a llevar a cabo en el centro donde trabajo, el IES Fuente Juncal, dirigido al alumnado de 1\u00ba de ESO, llamado&nbsp;<strong>\u201cTirando del Hilo\u201d<\/strong>.<\/p>\n<p>Mediante el cual, a trav\u00e9s de la moda, nos&nbsp;servir\u00e1 de eje fundamental a todo el trabajo que van a realizar nuestr@s alumn@s desde las diferentes materias que cursan. Aplic\u00e1ndose tras la finalizaci\u00f3n del periodo vacacional de Semana Santa hasta que termine el curso 2019\/2020.<\/p>\n<div id=\"attachment_217\" style=\"width: 650px\" class=\"wp-caption aligncenter\"><img loading=\"lazy\" decoding=\"async\" aria-describedby=\"caption-attachment-217\" class=\"wp-image-217 size-full\" src=\"https:\/\/blogsaverroes.juntadeandalucia.es\/debofg\/files\/2020\/04\/E792D0D6-4D8E-46BE-955F-3EBFA73D77B7.jpeg\" alt=\"\" width=\"640\" height=\"480\" srcset=\"https:\/\/blogsaverroes.juntadeandalucia.es\/debofg\/files\/2020\/04\/E792D0D6-4D8E-46BE-955F-3EBFA73D77B7.jpeg 640w, https:\/\/blogsaverroes.juntadeandalucia.es\/debofg\/files\/2020\/04\/E792D0D6-4D8E-46BE-955F-3EBFA73D77B7-300x225.jpeg 300w, https:\/\/blogsaverroes.juntadeandalucia.es\/debofg\/files\/2020\/04\/E792D0D6-4D8E-46BE-955F-3EBFA73D77B7-24x18.jpeg 24w, https:\/\/blogsaverroes.juntadeandalucia.es\/debofg\/files\/2020\/04\/E792D0D6-4D8E-46BE-955F-3EBFA73D77B7-36x27.jpeg 36w, https:\/\/blogsaverroes.juntadeandalucia.es\/debofg\/files\/2020\/04\/E792D0D6-4D8E-46BE-955F-3EBFA73D77B7-48x36.jpeg 48w\" sizes=\"(max-width: 640px) 100vw, 640px\" \/><p id=\"caption-attachment-217\" class=\"wp-caption-text\">Breve descripci\u00f3n del Proyecto<\/p><\/div>\n<p>Para introducir al alumnado en dicho proyecto hemos realizado un v\u00eddeo, con el que pretendemos que reflexionen sobre la situaci\u00f3n actual que se est\u00e1 viviendo en nuestro pa\u00eds acerca de la necesidad de importar las mascarillas desde un pa\u00eds tan lejano como China. Adem\u00e1s les preguntamos sobre las posibles acciones que podr\u00edan llevar a cabo ellos mismos, a\u00fan siendo estudiantes, para poder ayudar en esta situaci\u00f3n.<\/p>\n<p>Parte del v\u00eddeo est\u00e1 apoyado en la \u201cGu\u00eda Fashionista y Slow\u201d, de Mandala Ediciones, cuyas autoras son Gema G\u00f3mez y Ana Lage, a quienes agradecemos encarecidamente su permiso para su uso con fines educativos. Desde aqu\u00ed tambi\u00e9n muestro mi agradecimiento a todo el profesorado del centro que ha participado en \u00e9l.&nbsp;<\/p>\n<p>&nbsp;<\/p>\n<p><iframe loading=\"lazy\" title=\"12 de abril de 2020\" width=\"500\" height=\"281\" src=\"https:\/\/www.youtube.com\/embed\/yC3NqLuc22c?feature=oembed&#038;wmode=opaque\" frameborder=\"0\" allow=\"accelerometer; autoplay; clipboard-write; encrypted-media; gyroscope; picture-in-picture\" allowfullscreen><\/iframe><\/p>\n<p>&nbsp;<\/p>\n<p>Tanto mis diferentes compe\u00f1er@s como yo, estamos muy ilusionad@s con este proyecto y esperamos poder transmitir esa misma ilusi\u00f3n a nuestr@s alumn@s, aportando as\u00ed nuestro granito de arena para poder ayudar en la situaci\u00f3n actual en la que vivimos.<\/p>\n<p>&nbsp;<\/p>\n","protected":false},"excerpt":{"rendered":"<p>Buenas, con esta nueva entrada quiero presentaros el nuevo Proyecto Interdisciplinar que vamos a llevar a cabo en el centro donde trabajo, el IES Fuente Juncal, dirigido al alumnado de 1\u00ba de ESO, llamado&nbsp;\u201cTirando&#46;&#46;&#46;<\/p>\n","protected":false},"author":7722,"featured_media":216,"comment_status":"open","ping_status":"open","sticky":false,"template":"","format":"standard","meta":{"ngg_post_thumbnail":0,"footnotes":""},"categories":[109729,2350320,2350318,187,2350322],"tags":[],"aioseo_notices":[],"_links":{"self":[{"href":"https:\/\/blogsaverroes.juntadeandalucia.es\/debofg\/wp-json\/wp\/v2\/posts\/214"}],"collection":[{"href":"https:\/\/blogsaverroes.juntadeandalucia.es\/debofg\/wp-json\/wp\/v2\/posts"}],"about":[{"href":"https:\/\/blogsaverroes.juntadeandalucia.es\/debofg\/wp-json\/wp\/v2\/types\/post"}],"author":[{"embeddable":true,"href":"https:\/\/blogsaverroes.juntadeandalucia.es\/debofg\/wp-json\/wp\/v2\/users\/7722"}],"replies":[{"embeddable":true,"href":"https:\/\/blogsaverroes.juntadeandalucia.es\/debofg\/wp-json\/wp\/v2\/comments?post=214"}],"version-history":[{"count":4,"href":"https:\/\/blogsaverroes.juntadeandalucia.es\/debofg\/wp-json\/wp\/v2\/posts\/214\/revisions"}],"predecessor-version":[{"id":221,"href":"https:\/\/blogsaverroes.juntadeandalucia.es\/debofg\/wp-json\/wp\/v2\/posts\/214\/revisions\/221"}],"wp:featuredmedia":[{"embeddable":true,"href":"https:\/\/blogsaverroes.juntadeandalucia.es\/debofg\/wp-json\/wp\/v2\/media\/216"}],"wp:attachment":[{"href":"https:\/\/blogsaverroes.juntadeandalucia.es\/debofg\/wp-json\/wp\/v2\/media?parent=214"}],"wp:term":[{"taxonomy":"category","embeddable":true,"href":"https:\/\/blogsaverroes.juntadeandalucia.es\/debofg\/wp-json\/wp\/v2\/categories?post=214"},{"taxonomy":"post_tag","embeddable":true,"href":"https:\/\/blogsaverroes.juntadeandalucia.es\/debofg\/wp-json\/wp\/v2\/tags?post=214"}],"curies":[{"name":"wp","href":"https:\/\/api.w.org\/{rel}","templated":true}]}}