{"id":1274,"date":"2020-12-09T23:52:25","date_gmt":"2020-12-09T22:52:25","guid":{"rendered":"https:\/\/blogsaverroes.juntadeandalucia.es\/delegacioneducaciongranada\/?p=1274"},"modified":"2020-12-10T00:01:51","modified_gmt":"2020-12-09T23:01:51","slug":"momentos-de-lectura","status":"publish","type":"post","link":"https:\/\/blogsaverroes.juntadeandalucia.es\/delegacioneducaciongranada\/2020\/12\/09\/momentos-de-lectura\/","title":{"rendered":"\u00abMomentos de lectura\u00bb"},"content":{"rendered":"<p>El D\u00eda de la Lectura, fue instituido por la Junta de Andaluc\u00eda el 16 de diciembre, d\u00eda del nacimiento del poeta Rafael Alberti y fecha del homenaje a G\u00f3ngora celebrado en el Ateneo de Sevilla en 1927 que dar\u00eda lugar a la Generaci\u00f3n del 27.<\/p>\n<p>Para celebrar este d\u00eda, como una de las actividades que se est\u00e1n organizando desde esta Delegaci\u00f3n, nos gustar\u00eda que los centros de nuestra provincia colaborar\u00e1n sum\u00e1ndose a la campa\u00f1a \u00abMomentos de lectura\u00bb. Queremos que las redes se inunden con fotos de nuestros escolares y docentes disfrutando de un momento de lectura, im\u00e1genes bonitas que nos acercan a los libros, a lo especial de ese momento, utilizando para ello fotos creativas y originales.<\/p>\n<p>Esta actividad, es una de las actuaciones dirigidas a <a href=\"https:\/\/educacionadistancia.juntadeandalucia.es\/profesorado\/mod\/forum\/discuss.php?d=331008\"><img loading=\"lazy\" decoding=\"async\" class=\"alignleft size-medium wp-image-1275\" src=\"https:\/\/blogsaverroes.juntadeandalucia.es\/delegacioneducaciongranada\/files\/2020\/12\/Momentos-de-lectura-212x300.jpeg\" alt=\"\" width=\"212\" height=\"300\" srcset=\"https:\/\/blogsaverroes.juntadeandalucia.es\/delegacioneducaciongranada\/files\/2020\/12\/Momentos-de-lectura-212x300.jpeg 212w, https:\/\/blogsaverroes.juntadeandalucia.es\/delegacioneducaciongranada\/files\/2020\/12\/Momentos-de-lectura-724x1024.jpeg 724w, https:\/\/blogsaverroes.juntadeandalucia.es\/delegacioneducaciongranada\/files\/2020\/12\/Momentos-de-lectura-768x1086.jpeg 768w, https:\/\/blogsaverroes.juntadeandalucia.es\/delegacioneducaciongranada\/files\/2020\/12\/Momentos-de-lectura-1086x1536.jpeg 1086w, https:\/\/blogsaverroes.juntadeandalucia.es\/delegacioneducaciongranada\/files\/2020\/12\/Momentos-de-lectura-17x24.jpeg 17w, https:\/\/blogsaverroes.juntadeandalucia.es\/delegacioneducaciongranada\/files\/2020\/12\/Momentos-de-lectura-25x36.jpeg 25w, https:\/\/blogsaverroes.juntadeandalucia.es\/delegacioneducaciongranada\/files\/2020\/12\/Momentos-de-lectura-34x48.jpeg 34w, https:\/\/blogsaverroes.juntadeandalucia.es\/delegacioneducaciongranada\/files\/2020\/12\/Momentos-de-lectura.jpeg 1131w\" sizes=\"(max-width: 212px) 100vw, 212px\" \/><\/a>sumergirnos en nuestra realidad social , para abordar entre otros, el tema de la lectura y las bibliotecas escolares.<\/p>\n<p>Si su centro est\u00e1 interesado en participar, solamente deber\u00e1n mandar las fotos a la siguiente direcci\u00f3n de correo antes del pr\u00f3ximo lunes 14 de diciembre :<\/p>\n<p>granadabecrea@gmail.com<\/p>\n<p>La imagen debe ir acompa\u00f1ada del nombre del centro y de la persona que aparece en la foto.<\/p>\n<p>Publicaremos las im\u00e1genes en la red provincial de bibliotecas escolares de nuestra provincia.<\/p>\n<p>\u00a1Feliz d\u00eda de la Lectura!<\/p>\n","protected":false},"excerpt":{"rendered":"<p>El D\u00eda de la Lectura, fue instituido por la Junta de Andaluc\u00eda el 16 de diciembre, d\u00eda del nacimiento del poeta Rafael Alberti y fecha del homenaje a G\u00f3ngora celebrado en el Ateneo de&#46;&#46;&#46;<\/p>\n","protected":false},"author":11586,"featured_media":0,"comment_status":"open","ping_status":"open","sticky":false,"template":"","format":"standard","meta":{"ngg_post_thumbnail":0,"footnotes":""},"categories":[1161,2273961,2273894],"tags":[2273960,2273958,2273959],"aioseo_notices":[],"_links":{"self":[{"href":"https:\/\/blogsaverroes.juntadeandalucia.es\/delegacioneducaciongranada\/wp-json\/wp\/v2\/posts\/1274"}],"collection":[{"href":"https:\/\/blogsaverroes.juntadeandalucia.es\/delegacioneducaciongranada\/wp-json\/wp\/v2\/posts"}],"about":[{"href":"https:\/\/blogsaverroes.juntadeandalucia.es\/delegacioneducaciongranada\/wp-json\/wp\/v2\/types\/post"}],"author":[{"embeddable":true,"href":"https:\/\/blogsaverroes.juntadeandalucia.es\/delegacioneducaciongranada\/wp-json\/wp\/v2\/users\/11586"}],"replies":[{"embeddable":true,"href":"https:\/\/blogsaverroes.juntadeandalucia.es\/delegacioneducaciongranada\/wp-json\/wp\/v2\/comments?post=1274"}],"version-history":[{"count":5,"href":"https:\/\/blogsaverroes.juntadeandalucia.es\/delegacioneducaciongranada\/wp-json\/wp\/v2\/posts\/1274\/revisions"}],"predecessor-version":[{"id":1280,"href":"https:\/\/blogsaverroes.juntadeandalucia.es\/delegacioneducaciongranada\/wp-json\/wp\/v2\/posts\/1274\/revisions\/1280"}],"wp:attachment":[{"href":"https:\/\/blogsaverroes.juntadeandalucia.es\/delegacioneducaciongranada\/wp-json\/wp\/v2\/media?parent=1274"}],"wp:term":[{"taxonomy":"category","embeddable":true,"href":"https:\/\/blogsaverroes.juntadeandalucia.es\/delegacioneducaciongranada\/wp-json\/wp\/v2\/categories?post=1274"},{"taxonomy":"post_tag","embeddable":true,"href":"https:\/\/blogsaverroes.juntadeandalucia.es\/delegacioneducaciongranada\/wp-json\/wp\/v2\/tags?post=1274"}],"curies":[{"name":"wp","href":"https:\/\/api.w.org\/{rel}","templated":true}]}}