{"id":1419,"date":"2021-03-16T14:19:52","date_gmt":"2021-03-16T13:19:52","guid":{"rendered":"https:\/\/blogsaverroes.juntadeandalucia.es\/delegacioneducaciongranada\/?p=1419"},"modified":"2021-03-16T14:26:43","modified_gmt":"2021-03-16T13:26:43","slug":"1419","status":"publish","type":"post","link":"https:\/\/blogsaverroes.juntadeandalucia.es\/delegacioneducaciongranada\/2021\/03\/16\/1419\/","title":{"rendered":"II Edici\u00f3n del Premio de Interpretaci\u00f3n de M\u00fasica Antigua del FMAG"},"content":{"rendered":"<p align=\"LEFT\"><img loading=\"lazy\" decoding=\"async\" class=\" wp-image-1421 aligncenter\" src=\"https:\/\/blogsaverroes.juntadeandalucia.es\/delegacioneducaciongranada\/files\/2021\/03\/fjpdkacgnaimecem-211x300.jpg\" alt=\"\" width=\"250\" height=\"355\" srcset=\"https:\/\/blogsaverroes.juntadeandalucia.es\/delegacioneducaciongranada\/files\/2021\/03\/fjpdkacgnaimecem-211x300.jpg 211w, https:\/\/blogsaverroes.juntadeandalucia.es\/delegacioneducaciongranada\/files\/2021\/03\/fjpdkacgnaimecem.jpg 540w\" sizes=\"(max-width: 250px) 100vw, 250px\" \/><\/p>\n<p align=\"LEFT\"><span style=\"font-family: book antiqua,palatino,serif;font-size: 12pt\">Fruto de la coordinaci\u00f3n entre la Delegaci\u00f3n Territorial de Educaci\u00f3n y Deporte de Granada y el Festival de M\u00fasica Antigua de Granada (FMAG), cuya VI edici\u00f3n se desarrollar\u00e1 entre el 17 y el 30 de mayo de 2021, se presenta la <b>II Edici\u00f3n del Premio de Interpretaci\u00f3n de M\u00fasica Antigua del <\/b>FMAG.<\/span><\/p>\n<p style=\"text-align: justify\" align=\"LEFT\"><span style=\"font-family: book antiqua,palatino,serif;font-size: 12pt\">En esta II Edici\u00f3n del Premio de Interpretaci\u00f3n de M\u00fasica Antigua, podr\u00e1 participar alumnado de Conservatorio Superior, Conservatorios Profesionales, Escuelas de M\u00fasica, Institutos de Ense\u00f1anza Secundaria y centros de Educaci\u00f3n Primaria de la provincia de Granada, interpretando estos repertorios tanto de forma individual como en grupo.<\/span><\/p>\n<p style=\"text-align: justify\" align=\"LEFT\"><span style=\"font-family: book antiqua,palatino,serif;font-size: 12pt\">Los centros educativos que deseen participar, podr\u00e1n inscribir a un alumno\/a o grupo de alumnos\/as y para ello enviar\u00e1n entre los d\u00edas <b>15 de marzo y el 16 de abril <\/b>inclusive,\u00a0 un documento al correo electr\u00f3nico <b>convocatoria.dpgr.ced@juntadeandalucia.es <\/b>con los siguientes datos:<\/span><\/p>\n<ul>\n<li><span style=\"font-family: book antiqua,palatino,serif;font-size: 12pt\">Nombre del centro<\/span><\/li>\n<li><span style=\"font-family: book antiqua,palatino,serif;font-size: 12pt\">Nombre y apellidos y curso de el\/la o de los\/las aspirante\/s<\/span><\/li>\n<li><span style=\"font-family: book antiqua,palatino,serif;font-size: 12pt\">V\u00eddeo, o enlace a un v\u00eddeo con la interpretaci\u00f3n de una obra completa de m\u00fasica compuesta hasta 1750 en Espa\u00f1a y una segunda obra, compuesta en\u00a0\u00a0\u00a0 cualquier otro lugar, que tambi\u00e9n puede volver a ser Espa\u00f1a<\/span><\/li>\n<\/ul>\n<p style=\"text-align: justify\" align=\"LEFT\"><span style=\"font-family: book antiqua,palatino,serif;font-size: 12pt\">La m\u00fasica puede ser <b>vocal<\/b>, <b>instrumental <\/b>o <b>tener piezas de ambas<\/b>, y en el caso de los instrumentos, no tienen que ser de m\u00fasica antigua, eso es opcional. En cambio, las piezas s\u00ed deben ser del \u00e1mbito de la m\u00fasica antigua, una al menos espa\u00f1ola y compuestas, nunca despu\u00e9s de 1750.<\/span><\/p>\n<p style=\"text-align: justify\" align=\"LEFT\"><span style=\"font-family: book antiqua,palatino,serif;font-size: 12pt\">El premio consistir\u00e1 en:<\/span><\/p>\n<ul>\n<li style=\"text-align: justify\"><span style=\"font-family: book antiqua,palatino,serif;font-size: 12pt\">Asistir en la Ceremonia de entrega del Premio en la Escuela de Arte de Granada.<\/span><\/li>\n<li style=\"text-align: justify\"><span style=\"font-family: book antiqua,palatino,serif;font-size: 12pt\">Participar en un recital en el marco de la presente edici\u00f3n del Festival de M\u00fasica Antigua.<\/span><\/li>\n<li style=\"text-align: justify\"><span style=\"font-family: book antiqua,palatino,serif;font-size: 12pt\">Recibir una obra de arte de la Escuela de Arte de Granada, conmemorando esta edici\u00f3n del <\/span><span style=\"font-family: book antiqua,palatino,serif;font-size: 12pt\">festival.<\/span><\/li>\n<li style=\"text-align: justify\"><span style=\"font-family: book antiqua,palatino,serif;font-size: 12pt\">Recibir un premio en met\u00e1lico de 170 euros si es <b>un <\/b>solo int\u00e9rprete, 250 si son <b>dos <\/b><\/span><span style=\"font-family: book antiqua,palatino,serif;font-size: 12pt\">int\u00e9rpretes y 350 si son <b>tres <\/b>o m\u00e1s int\u00e9rpretes<\/span><\/li>\n<\/ul>\n<p style=\"text-align: justify\" align=\"LEFT\"><span style=\"font-family: book antiqua,palatino,serif;font-size: 12pt\">Los <b>v\u00eddeos <\/b>que se env\u00eden, dentro del plazo indicado, a <b>convocatoria.dpgr.ced@juntadeandalucia.es <\/b>ser\u00e1n visualizados por el tribunal designado y se levantar\u00e1 <b>Acta <\/b>que quedar\u00e1 dentro de la documentaci\u00f3n del FMAG. En este Acta, se indicar\u00e1 el nombre del\/a int\u00e9rprete o del grupo seleccionados. La organizaci\u00f3n del Concurso se pondr\u00e1 en contacto con el centro al que pertenezca el alumnado ganador y se le comunicar\u00e1 la fecha de entrega del Premio y la del posterior concierto en el marco del Festival de M\u00fasica Antigua.<\/span><\/p>\n<p style=\"text-align: justify\" align=\"LEFT\"><span style=\"font-family: book antiqua,palatino,serif;font-size: 12pt\">Para m\u00e1s informaci\u00f3n pincha aqu\u00ed\u00a0<\/span><a href=\"https:\/\/blogsaverroes.juntadeandalucia.es\/delegacioneducaciongranada\/files\/2021\/03\/Bases-Premio-de-Interpretacio\u0301n-de-Mu\u0301sica-Antigua-2021.pdf\">Bases Premio de Interpretacio\u0301n de Mu\u0301sica Antigua 2021<\/a><\/p>\n","protected":false},"excerpt":{"rendered":"<p>Fruto de la coordinaci\u00f3n entre la Delegaci\u00f3n Territorial de Educaci\u00f3n y Deporte de Granada y el Festival de M\u00fasica Antigua de Granada (FMAG), cuya VI edici\u00f3n se desarrollar\u00e1 entre el 17 y el 30&#46;&#46;&#46;<\/p>\n","protected":false},"author":7923,"featured_media":0,"comment_status":"open","ping_status":"open","sticky":false,"template":"","format":"standard","meta":{"ngg_post_thumbnail":0,"footnotes":""},"categories":[2273961,2273895,2273988,2273984],"tags":[],"aioseo_notices":[],"_links":{"self":[{"href":"https:\/\/blogsaverroes.juntadeandalucia.es\/delegacioneducaciongranada\/wp-json\/wp\/v2\/posts\/1419"}],"collection":[{"href":"https:\/\/blogsaverroes.juntadeandalucia.es\/delegacioneducaciongranada\/wp-json\/wp\/v2\/posts"}],"about":[{"href":"https:\/\/blogsaverroes.juntadeandalucia.es\/delegacioneducaciongranada\/wp-json\/wp\/v2\/types\/post"}],"author":[{"embeddable":true,"href":"https:\/\/blogsaverroes.juntadeandalucia.es\/delegacioneducaciongranada\/wp-json\/wp\/v2\/users\/7923"}],"replies":[{"embeddable":true,"href":"https:\/\/blogsaverroes.juntadeandalucia.es\/delegacioneducaciongranada\/wp-json\/wp\/v2\/comments?post=1419"}],"version-history":[{"count":3,"href":"https:\/\/blogsaverroes.juntadeandalucia.es\/delegacioneducaciongranada\/wp-json\/wp\/v2\/posts\/1419\/revisions"}],"predecessor-version":[{"id":1424,"href":"https:\/\/blogsaverroes.juntadeandalucia.es\/delegacioneducaciongranada\/wp-json\/wp\/v2\/posts\/1419\/revisions\/1424"}],"wp:attachment":[{"href":"https:\/\/blogsaverroes.juntadeandalucia.es\/delegacioneducaciongranada\/wp-json\/wp\/v2\/media?parent=1419"}],"wp:term":[{"taxonomy":"category","embeddable":true,"href":"https:\/\/blogsaverroes.juntadeandalucia.es\/delegacioneducaciongranada\/wp-json\/wp\/v2\/categories?post=1419"},{"taxonomy":"post_tag","embeddable":true,"href":"https:\/\/blogsaverroes.juntadeandalucia.es\/delegacioneducaciongranada\/wp-json\/wp\/v2\/tags?post=1419"}],"curies":[{"name":"wp","href":"https:\/\/api.w.org\/{rel}","templated":true}]}}