{"id":1502,"date":"2021-04-19T17:41:15","date_gmt":"2021-04-19T15:41:15","guid":{"rendered":"https:\/\/blogsaverroes.juntadeandalucia.es\/delegacioneducaciongranada\/?p=1502"},"modified":"2021-04-20T13:45:54","modified_gmt":"2021-04-20T11:45:54","slug":"1502","status":"publish","type":"post","link":"https:\/\/blogsaverroes.juntadeandalucia.es\/delegacioneducaciongranada\/2021\/04\/19\/1502\/","title":{"rendered":"Ganadores del II Concurso de Interpretaci\u00f3n\u00a0 de M\u00fasica Antigua del FMAG"},"content":{"rendered":"<p><img loading=\"lazy\" decoding=\"async\" class=\"size-medium wp-image-1421 alignleft\" src=\"https:\/\/blogsaverroes.juntadeandalucia.es\/delegacioneducaciongranada\/files\/2021\/03\/fjpdkacgnaimecem-211x300.jpg\" alt=\"\" width=\"211\" height=\"300\" srcset=\"https:\/\/blogsaverroes.juntadeandalucia.es\/delegacioneducaciongranada\/files\/2021\/03\/fjpdkacgnaimecem-211x300.jpg 211w, https:\/\/blogsaverroes.juntadeandalucia.es\/delegacioneducaciongranada\/files\/2021\/03\/fjpdkacgnaimecem.jpg 540w\" sizes=\"(max-width: 211px) 100vw, 211px\" \/><\/p>\n<p style=\"text-align: justify\"><span style=\"font-size: 12pt\">Reunido el Jurado del II Concurso de Interpretaci\u00f3n\u00a0 de M\u00fasica Antigua del Festival de M\u00fasica Antigua de Granada, el 19 de abril\u00a0 de 2021 a las 10 horas en la sede de la Delegaci\u00f3n Provincial de Educaci\u00f3n y Deporte de Granada, tras proceder a escuchar\u00a0 la totalidad de las intervenciones e interpretaciones\u00a0 presentadas en plazo y que cumpl\u00edan con las condiciones de participaci\u00f3n en el concurso,\u00a0 se valora el aumento de propuestas en esta edici\u00f3n, as\u00ed como la gran calidad de las mismas.<\/span><\/p>\n<p style=\"text-align: justify\"><span style=\"font-size: 12pt\">El Jurado, compuesto por: Rosa Su\u00e1rez, Coordinadora del Gabinete Pedag\u00f3gico de Bellas Artes de la Delegaci\u00f3n de Educaci\u00f3n de Granada; Francisca Garc\u00eda, Responsable Provincial\u00a0 de Bibliotecas Escolares; Blas Calero, Director de la Escuela de Arte de Granada; Miriam S\u00e1ez,\u00a0 Secretar\u00eda del Festival de M\u00fasica Antigua de Granada; Aziz Samsaoui, Director del Festival de M\u00fasica Antigua de Granada y Jorge Rodr\u00edguez Morata, Director del Festikids, perteneciente al Festival de M\u00fasica Antigua de Granada, falla, tras una extensa deliberaci\u00f3n, por unanimidad, los siguientes premios:<\/span><\/p>\n<ul style=\"text-align: justify\">\n<li><span style=\"font-size: 12pt\">Primer Premio Compartido:<\/span><\/li>\n<\/ul>\n<p style=\"text-align: justify\"><span style=\"font-size: 12pt\">\u00a0Coro del Conservatorio Profesional de M\u00fasica \u201cCarlos Ros\u201d de Guadix.<\/span><\/p>\n<p style=\"text-align: justify\"><span style=\"font-size: 12pt\">\u00a0 Laura Cano, alumna del Conservatorio Profesional de M\u00fasica \u00ab\u00c1ngel Barrios\u00bb de Granada.<\/span><\/p>\n<ul style=\"text-align: justify\">\n<li><span style=\"font-size: 12pt\">Premio Menci\u00f3n Especial del Jurado:<\/span><\/li>\n<\/ul>\n<p style=\"text-align: justify\"><span style=\"font-size: 12pt\">Orquesta del CDP\u00a0 \u201cVirgen de Gracia\u201d de Granada.<\/span><\/p>\n<p style=\"text-align: justify\"><span style=\"font-size: 12pt\">A todos ellos se les ofrecer\u00e1 participar tanto en el Acto de Entrega de Premios en la Escuela de Arte de Granada, el jueves 22 de abril, como la participaci\u00f3n en un Concierto conjunto el mi\u00e9rcoles 26 de mayo,\u00a0 en el Claustro de la Delegaci\u00f3n de Educaci\u00f3n de Granada en el marco del Festival de M\u00fasica Antigua de Granada.<\/span><\/p>\n","protected":false},"excerpt":{"rendered":"<p>Reunido el Jurado del II Concurso de Interpretaci\u00f3n\u00a0 de M\u00fasica Antigua del Festival de M\u00fasica Antigua de Granada, el 19 de abril\u00a0 de 2021 a las 10 horas en la sede de la Delegaci\u00f3n&#46;&#46;&#46;<\/p>\n","protected":false},"author":7923,"featured_media":0,"comment_status":"open","ping_status":"open","sticky":false,"template":"","format":"standard","meta":{"ngg_post_thumbnail":0,"footnotes":""},"categories":[2273961,2273984],"tags":[],"aioseo_notices":[],"_links":{"self":[{"href":"https:\/\/blogsaverroes.juntadeandalucia.es\/delegacioneducaciongranada\/wp-json\/wp\/v2\/posts\/1502"}],"collection":[{"href":"https:\/\/blogsaverroes.juntadeandalucia.es\/delegacioneducaciongranada\/wp-json\/wp\/v2\/posts"}],"about":[{"href":"https:\/\/blogsaverroes.juntadeandalucia.es\/delegacioneducaciongranada\/wp-json\/wp\/v2\/types\/post"}],"author":[{"embeddable":true,"href":"https:\/\/blogsaverroes.juntadeandalucia.es\/delegacioneducaciongranada\/wp-json\/wp\/v2\/users\/7923"}],"replies":[{"embeddable":true,"href":"https:\/\/blogsaverroes.juntadeandalucia.es\/delegacioneducaciongranada\/wp-json\/wp\/v2\/comments?post=1502"}],"version-history":[{"count":3,"href":"https:\/\/blogsaverroes.juntadeandalucia.es\/delegacioneducaciongranada\/wp-json\/wp\/v2\/posts\/1502\/revisions"}],"predecessor-version":[{"id":1505,"href":"https:\/\/blogsaverroes.juntadeandalucia.es\/delegacioneducaciongranada\/wp-json\/wp\/v2\/posts\/1502\/revisions\/1505"}],"wp:attachment":[{"href":"https:\/\/blogsaverroes.juntadeandalucia.es\/delegacioneducaciongranada\/wp-json\/wp\/v2\/media?parent=1502"}],"wp:term":[{"taxonomy":"category","embeddable":true,"href":"https:\/\/blogsaverroes.juntadeandalucia.es\/delegacioneducaciongranada\/wp-json\/wp\/v2\/categories?post=1502"},{"taxonomy":"post_tag","embeddable":true,"href":"https:\/\/blogsaverroes.juntadeandalucia.es\/delegacioneducaciongranada\/wp-json\/wp\/v2\/tags?post=1502"}],"curies":[{"name":"wp","href":"https:\/\/api.w.org\/{rel}","templated":true}]}}